{"id":132244,"date":"2025-09-22T17:43:09","date_gmt":"2025-09-22T17:43:09","guid":{"rendered":"https:\/\/www.europesays.com\/es\/132244\/"},"modified":"2025-09-22T17:43:09","modified_gmt":"2025-09-22T17:43:09","slug":"el-inesperado-cambio-fisico-de-antonio-tejado-en-su-reaparicion-tras-el-varapalo-recibido-de-su-tia-maria-del-monte","status":"publish","type":"post","link":"https:\/\/www.europesays.com\/es\/132244\/","title":{"rendered":"El inesperado cambio f\u00edsico de Antonio Tejado en su reaparici\u00f3n tras el varapalo recibido de su t\u00eda Mar\u00eda del Monte"},"content":{"rendered":"<p data-journey-content=\"true\" data-node-id=\"3\" class=\"css-6wxqfj emevuu60\"><strong data-node-id=\"3.0\">Antonio Tejado<\/strong> no ve el momento de que se <strong data-node-id=\"3.2\">celebre el juicio<\/strong> en el que est\u00e1 <strong data-node-id=\"3.4\">acusado <\/strong>de haber sido parte implicada, presuntamente, en el <a href=\"https:\/\/www.diezminutos.es\/famosos-corazon\/famosos-espanoles\/a44920069\/primeras-palabras-maria-del-monte-atraco\/\" target=\"_blank\" data-vars-ga-outbound-link=\"https:\/\/www.diezminutos.es\/famosos-corazon\/famosos-espanoles\/a44920069\/primeras-palabras-maria-del-monte-atraco\/\" data-vars-ga-ux-element=\"Hyperlink\" data-vars-ga-call-to-action=\"violento robo que su t\u00eda, Mar\u00eda del Monte, sufri\u00f3 en agosto de 2023 en su casa de Sevilla\" data-node-id=\"3.6\" class=\"body-link css-177bzfx emevuu60\" rel=\"nofollow noopener\"><strong data-node-id=\"3.6.0\">violento <\/strong><strong data-node-id=\"3.6.1\">robo<\/strong> que su t\u00eda, <strong data-node-id=\"3.6.3\">Mar\u00eda del Monte<\/strong>, sufri\u00f3 en agosto de 2023 en su casa de Sevilla<\/a>. Con ganas de <strong data-node-id=\"3.8\">demostrar su inocencia<\/strong>, Antonio sigue cumpliendo a rajatabla las <a href=\"https:\/\/www.diezminutos.es\/famosos-corazon\/famosos-espanoles\/a60853439\/antonio-tejado-reaparece-moto-casco-firma-juzgados-libertad-provisional\/\" target=\"_blank\" data-vars-ga-outbound-link=\"https:\/\/www.diezminutos.es\/famosos-corazon\/famosos-espanoles\/a60853439\/antonio-tejado-reaparece-moto-casco-firma-juzgados-libertad-provisional\/\" data-vars-ga-ux-element=\"Hyperlink\" data-vars-ga-call-to-action=\"medidas cautelares que le impuso el juez\" data-node-id=\"3.10\" class=\"body-link css-177bzfx emevuu60\" rel=\"nofollow noopener\">medidas cautelares que le impuso el juez<\/a> en mayo de 2024, cuando pudo <a href=\"https:\/\/www.diezminutos.es\/famosos-corazon\/famosos-espanoles\/a60841393\/antonio-tejado-libertad-sin-fianza-robo-casa-tia-maria-del-monte\/\" target=\"_blank\" data-vars-ga-outbound-link=\"https:\/\/www.diezminutos.es\/famosos-corazon\/famosos-espanoles\/a60841393\/antonio-tejado-libertad-sin-fianza-robo-casa-tia-maria-del-monte\/\" data-vars-ga-ux-element=\"Hyperlink\" data-vars-ga-call-to-action=\"salir de prisi\u00f3n preventiva\" data-node-id=\"3.12\" class=\"body-link css-177bzfx emevuu60\" rel=\"nofollow noopener\">salir de prisi\u00f3n preventiva<\/a> tras m\u00e1s de 3 meses privado de libertad, y este lunes, puntual a primera hora de la ma\u00f1ana, <strong data-node-id=\"3.14\">Antonio ha acudido a firmar a los Juzgados de Instrucci\u00f3n de Sevilla<\/strong>. Una cita a la que debe ir sin falta los d\u00edas <strong data-node-id=\"3.16\">7 y 21 de cada mes<\/strong>, pero como el d\u00eda 21 fue domingo, ha cumplido con sus deberes este d\u00eda 22. Siempre en <strong data-node-id=\"3.18\">silencio <\/strong>y con la <strong data-node-id=\"3.20\">mirada fija en el horizonte<\/strong> cada vez que la Prensa le pregunta algo, esta vez su paso por los Juzgados ha sido<strong data-node-id=\"3.22\"> especialmente llamativo por su inesperado cambio f\u00edsico<\/strong>.<\/p>\n<p data-journey-content=\"true\" data-node-id=\"6\" class=\"css-6wxqfj emevuu60\">Vestido con <strong data-node-id=\"6.1\">ropa deportiva<\/strong> -una camiseta de manga corta, unos pantalones cortos y unas zapatillas de deporte-, Antonio ha llegado tan impasible como siempre, pero<strong data-node-id=\"6.3\"> luciendo, sin duda, sus avances en el gimnasio<\/strong>. Hay que recordar que, tras su paso por prisi\u00f3n, sali\u00f3 de all\u00ed visiblemente m\u00e1s delgado, y aunque con el paso de los meses cogi\u00f3 algo de peso,<strong data-node-id=\"6.5\"> ahora parece que su vida vuelve a cierta normalidad<\/strong>, y se ha puesto en serio con los entrenamientos, pues <strong data-node-id=\"6.7\">su escueta ropa dejaba ver no s\u00f3lo que ha perdido peso, sino que est\u00e1 m\u00e1s &#8216;fit&#8217;<\/strong>.<\/p>\n<p><img draggable=\"true\" alt=\"evolucion del cambio fisico de antonio tejado\" title=\"Evolucion del cambio fisico de Antonio Tejado\" loading=\"lazy\" width=\"4500\" height=\"3000\" decoding=\"async\" data-nimg=\"1\" style=\"color:transparent;width:100%;height:auto;\"   src=\"https:\/\/www.europesays.com\/es\/wp-content\/uploads\/2025\/09\/antonio-tejado-cambio-fisico-68d12a91c33a4.jpg\" class=\"css-0 e1g79fud0\"\/>Agencias<\/p>\n<p>La evoluci\u00f3n f\u00edsica de Antonio Tejado, de izquierda a derecha: a su salida de prisi\u00f3n en mayo de 2024, en noviembre de 2024 y este 22 de septiembre de 2025.<\/p>\n<p data-journey-content=\"true\" data-node-id=\"9\" class=\"css-6wxqfj emevuu60\">Parece, as\u00ed, que el <strong data-node-id=\"9.1\">varapalo <\/strong>recibido de parte de su t\u00eda y sus abogados -tras conocerse hace s\u00f3lo unos d\u00edas que <a href=\"https:\/\/www.diezminutos.es\/famosos-corazon\/famosos-espanoles\/a66013542\/maria-del-monte-primeras-palabras-peticion-carcel-antonio-tejado\/\" target=\"_blank\" data-vars-ga-outbound-link=\"https:\/\/www.diezminutos.es\/famosos-corazon\/famosos-espanoles\/a66013542\/maria-del-monte-primeras-palabras-peticion-carcel-antonio-tejado\/\" data-vars-ga-ux-element=\"Hyperlink\" data-vars-ga-call-to-action=\"le ped\u00edan 28 a\u00f1os de c\u00e1rcel\" data-node-id=\"9.3\" class=\"body-link css-177bzfx emevuu60\" rel=\"nofollow noopener\">le ped\u00edan <strong data-node-id=\"9.3.1\">28 a\u00f1os de c\u00e1rcel<\/strong><\/a><strong data-node-id=\"9.4\"\/>, aunque se sabe que <a href=\"https:\/\/www.diezminutos.es\/famosos-corazon\/famosos-espanoles\/a66003654\/antonio-tejado-reacciona-peticion-carcel-maria-del-monte-robo\/\" target=\"_blank\" data-vars-ga-outbound-link=\"https:\/\/www.diezminutos.es\/famosos-corazon\/famosos-espanoles\/a66003654\/antonio-tejado-reacciona-peticion-carcel-maria-del-monte-robo\/\" data-vars-ga-ux-element=\"Hyperlink\" data-vars-ga-call-to-action=\"le cay\u00f3 como un jarro de agua fr\u00eda\" data-node-id=\"9.6\" class=\"body-link css-177bzfx emevuu60\" rel=\"nofollow noopener\">le cay\u00f3 como un jarro de agua fr\u00eda<\/a>&#8211;<strong data-node-id=\"9.8\"> no ha conseguido minarle (del todo) su moral<\/strong>. <\/p>\n<p>La evoluci\u00f3n f\u00edsica de Antonio Tejado tras su paso por la c\u00e1rcel<\/p>\n<p data-journey-content=\"true\" data-node-id=\"14\" class=\"css-6wxqfj emevuu60\">Antes del atraco que cambiar\u00eda su vida, Antonio ten\u00eda una <strong data-node-id=\"14.1\">vida sencilla y c\u00f3moda<\/strong> en Sevilla, pero <strong data-node-id=\"14.3\">su detenci\u00f3n y su paso por prisi\u00f3n le hicieron replantearse muchas cosas<\/strong>. All\u00ed <a href=\"https:\/\/www.diezminutos.es\/famosos-corazon\/famosos-espanoles\/a60001672\/antonio-tejado-vida-carcel\/\" target=\"_blank\" data-vars-ga-outbound-link=\"https:\/\/www.diezminutos.es\/famosos-corazon\/famosos-espanoles\/a60001672\/antonio-tejado-vida-carcel\/\" data-vars-ga-ux-element=\"Hyperlink\" data-vars-ga-call-to-action=\"se dio a varios hobbies\" data-node-id=\"14.5\" class=\"body-link css-177bzfx emevuu60\" rel=\"nofollow noopener\">se dio a varios hobbies<\/a>, como ir a misa o la marqueter\u00eda, aunque el que m\u00e1s ocup\u00f3 su tiempo fue<strong data-node-id=\"14.7\"> el gimnasio, una afici\u00f3n a la que cogi\u00f3 el gusto<\/strong> y que ahora, en libertad provisional, sigue formando parte de su vida.<\/p>\n<p><img src=\"https:\/\/www.europesays.com\/es\/wp-content\/uploads\/2025\/09\/1758562989_296_a982b4f8-3383-45d0-81ca-fb597fd6fa80_1734436044.jpg\" alt=\"Headshot of Daniel Reyes\" title=\"Headshot of Daniel Reyes\" width=\"100%\" height=\"100%\" decoding=\"async\" loading=\"lazy\" class=\"css-o0wq4v ev8dhu53\"\/><\/p>\n<p>Daniel Reyes se gradu\u00f3 en Periodismo por la Universidad Rey Juan Carlos. Experto en actualidad de coraz\u00f3n, sociedad y televisi\u00f3n; Dani redacta noticias en Diez Minutos desde 2015, donde ha ganado en los \u00faltimos a\u00f1os una gran experiencia a la hora de escribir sobre todas las novedades de los famosos, reality de televisi\u00f3n como &#8216;Supervivientes&#8217; y &#8216;La isla de las tentaciones&#8217; o series.<br \/>\nLas redes sociales no tienen secretos para \u00e9l, donde se mueve como pez en el agua para encontrar la \u00faltima hora de la vida de los famosos o la pol\u00e9mica m\u00e1s reciente: lo mismo te habla de las Kardashian que de Isabel Pantoja, Beyonc\u00e9, &#8216;S\u00e1lvame&#8217; o de Felipe y Letizia: Realeza, al fin y al cabo, aunque cada uno en lo suyo.<br \/>\nPeriodista 360, a lo Paquita Salas, tampoco tiene l\u00edmite a la hora de escribir sobre temas tan variados como pol\u00edtica o maternidad, o incluso sobre sus aficiones, que pasan por la moda, las \u00faltimas tendencias o la belleza, algo en lo que se especializ\u00f3 tras pasar por la revista S Moda entre 2014 y 2015, donde si ya lleg\u00f3 haci\u00e9ndole &#8216;til\u00edn&#8217; todo ese mundillo, all\u00ed se volvi\u00f3 todo un experto del maquillaje, las cremas o los tratamientos puntuales teros. Un pasatiempo que sigue desarroll\u00e1ndose y que compagina con su trabajo como redactor.<\/p>\n","protected":false},"excerpt":{"rendered":"Antonio Tejado no ve el momento de que se celebre el juicio en el que est\u00e1 acusado de&hellip;\n","protected":false},"author":2,"featured_media":132245,"comment_status":"","ping_status":"","sticky":false,"template":"","format":"standard","meta":{"footnotes":""},"categories":[174],"tags":[255,253,146,147,25,24,256,23],"class_list":{"0":"post-132244","1":"post","2":"type-post","3":"status-publish","4":"format-standard","5":"has-post-thumbnail","7":"category-famosos","8":"tag-celebrities","9":"tag-discover","10":"tag-entertainment","11":"tag-entretenimiento","12":"tag-es","13":"tag-espana","14":"tag-famosos","15":"tag-spain"},"share_on_mastodon":{"url":"","error":""},"_links":{"self":[{"href":"https:\/\/www.europesays.com\/es\/wp-json\/wp\/v2\/posts\/132244","targetHints":{"allow":["GET"]}}],"collection":[{"href":"https:\/\/www.europesays.com\/es\/wp-json\/wp\/v2\/posts"}],"about":[{"href":"https:\/\/www.europesays.com\/es\/wp-json\/wp\/v2\/types\/post"}],"author":[{"embeddable":true,"href":"https:\/\/www.europesays.com\/es\/wp-json\/wp\/v2\/users\/2"}],"replies":[{"embeddable":true,"href":"https:\/\/www.europesays.com\/es\/wp-json\/wp\/v2\/comments?post=132244"}],"version-history":[{"count":0,"href":"https:\/\/www.europesays.com\/es\/wp-json\/wp\/v2\/posts\/132244\/revisions"}],"wp:featuredmedia":[{"embeddable":true,"href":"https:\/\/www.europesays.com\/es\/wp-json\/wp\/v2\/media\/132245"}],"wp:attachment":[{"href":"https:\/\/www.europesays.com\/es\/wp-json\/wp\/v2\/media?parent=132244"}],"wp:term":[{"taxonomy":"category","embeddable":true,"href":"https:\/\/www.europesays.com\/es\/wp-json\/wp\/v2\/categories?post=132244"},{"taxonomy":"post_tag","embeddable":true,"href":"https:\/\/www.europesays.com\/es\/wp-json\/wp\/v2\/tags?post=132244"}],"curies":[{"name":"wp","href":"https:\/\/api.w.org\/{rel}","templated":true}]}}