{"id":132246,"date":"2025-09-22T17:46:11","date_gmt":"2025-09-22T17:46:11","guid":{"rendered":"https:\/\/www.europesays.com\/es\/132246\/"},"modified":"2025-09-22T17:46:11","modified_gmt":"2025-09-22T17:46:11","slug":"quien-es-dani-hernan-la-voz-de-burriana-convence-a-malu-estoy-viviendo-un-sueno-la-musica-es-mi-vida","status":"publish","type":"post","link":"https:\/\/www.europesays.com\/es\/132246\/","title":{"rendered":"QUI\u00c9N ES DANI HERNAN | &#8216;La Voz&#8217; de Burriana convence a Mal\u00fa: \u00abEstoy viviendo un sue\u00f1o; la m\u00fasica es mi vida\u00bb"},"content":{"rendered":"<p class=\"ft-text ft-helper-closenews\">Dani Hern\u00e1n, nacido en <a class=\"ft-link ft-link--decoration\" href=\"https:\/\/www.elperiodicomediterraneo.com\/castello\/burriana\/\" target=\"_blank\" rel=\"nofollow noopener\">Burriana<\/a> hace 24 <a class=\"ft-link ft-link--decoration\" href=\"https:\/\/www.elperiodicomediterraneo.com\/tags\/anos\/\" target=\"_blank\" rel=\"nofollow noopener\">a\u00f1os<\/a>, tiene una pasi\u00f3n. Se llama <a class=\"ft-link ft-link--decoration\" href=\"https:\/\/www.elperiodicomediterraneo.com\/tags\/musica\/\" target=\"_blank\" rel=\"nofollow noopener\">m\u00fasica<\/a>. Solo as\u00ed se explica que lleve siete a\u00f1os como cantante de un conocido grupo local, Taranto, con el que amenizan \u201ccon rumbitas tardeos y cualquier evento que se ponga por delante\u201d, as\u00ed como que haya cursado en <a class=\"ft-link ft-link--decoration\" href=\"https:\/\/www.elperiodicomediterraneo.com\/tags\/madrid-2\/\" target=\"_blank\" rel=\"nofollow noopener\">Madrid<\/a> un M\u00e1ster de Industria Musical tras haber concluido sus estudios en Publicidad. Ahora su carrera ha dado un salto gracias al conocido programa de <a class=\"ft-link ft-link--decoration\" href=\"https:\/\/www.elperiodicomediterraneo.com\/tags\/antena-3\/\" target=\"_blank\" rel=\"nofollow noopener\">Antena 3<\/a>, \u2018La Voz\u2019, donde convenci\u00f3 a todos los \u2018coaches\u2019 en las audiciones a ciegas para posteriormente entrar en el equipo de Mal\u00fa.<strong> \u201cEstoy viviendo un sue\u00f1o\u201d, reconoce.<\/strong><\/p>\n<p class=\"ft-text\">Dani, que interpret\u00f3 precisamente la canci\u00f3n de Mal\u00fa \u2018\u00c1ngel ca\u00eddo\u2019, conf\u00eda en aprovechar esta oportunidad: \u201cMi objetivo es aguantar lo m\u00e1ximo posible. Llegar a un sitio as\u00ed, que te digan cosas tan bonitas gente tan importante y poder hacer lo que m\u00e1s me gusta es incre\u00edble. La m\u00fasica es mi vida y <strong>quiero aprovechar esta oportunidad<\/strong>\u201d.<\/p>\n<p class=\"ft-text\">No oculta el joven burrianense que su irrupci\u00f3n en \u2018La Voz\u2019 es un trampol\u00edn que puede relanzar su carrera, pues al margen de poder dar a conocer su talento \u201cte llevas amistades y contactos de gente maravillosa. <strong>Aqu\u00ed todos perseguimos las mismas metas<\/strong> y se ha gestado algo muy bonito\u201d, reconoce el cantante en <a class=\"ft-link ft-link--decoration\" href=\"https:\/\/www.elperiodicomediterraneo.com\/\" target=\"_blank\" rel=\"nofollow noopener\">Mediterr\u00e1neo<\/a>.<\/p>\n<p class=\"ft-text\">Dani nunca ha dejado de luchar por hacerse un hueco en la m\u00fasica. <strong>\u201cSoy aquel ni\u00f1o que alg\u00fan d\u00eda so\u00f1\u00f3 con estar aqu\u00ed\u201d<\/strong>, confes\u00f3 antes de subirse al escenario de La Voz. Ahora aquel ni\u00f1o puede demostrar que puede alcanzar todas las metas que se propuso en su d\u00eda. Por de pronto, la primera ya la ha logrado, emocionando tanto al p\u00fablico como a los coaches en su primer programa. \u201cTe quiero en mi vida, en mi equipo y en todos lados\u201d; afirm\u00f3 Mal\u00fa. Casi nada.<\/p>\n<p data-close=\"closedContent\" class=\"subscribeHideForDisplay\">Suscr\u00edbete para seguir leyendo<\/p>\n","protected":false},"excerpt":{"rendered":"Dani Hern\u00e1n, nacido en Burriana hace 24 a\u00f1os, tiene una pasi\u00f3n. Se llama m\u00fasica. Solo as\u00ed se explica&hellip;\n","protected":false},"author":2,"featured_media":132247,"comment_status":"","ping_status":"","sticky":false,"template":"","format":"standard","meta":{"footnotes":""},"categories":[171],"tags":[8926,3965,1996,146,147,25,24,24395,2893,205,7960,185,3799,10747,23,214,1447],"class_list":{"0":"post-132246","1":"post","2":"type-post","3":"status-publish","4":"format-standard","5":"has-post-thumbnail","7":"category-tv","8":"tag-burriana","9":"tag-castellon","10":"tag-dani","11":"tag-entertainment","12":"tag-entretenimiento","13":"tag-es","14":"tag-espana","15":"tag-hernan","16":"tag-industria","17":"tag-madrid","18":"tag-malu","19":"tag-musica","20":"tag-ocio","21":"tag-quien","22":"tag-spain","23":"tag-tv","24":"tag-voz"},"share_on_mastodon":{"url":"","error":""},"_links":{"self":[{"href":"https:\/\/www.europesays.com\/es\/wp-json\/wp\/v2\/posts\/132246","targetHints":{"allow":["GET"]}}],"collection":[{"href":"https:\/\/www.europesays.com\/es\/wp-json\/wp\/v2\/posts"}],"about":[{"href":"https:\/\/www.europesays.com\/es\/wp-json\/wp\/v2\/types\/post"}],"author":[{"embeddable":true,"href":"https:\/\/www.europesays.com\/es\/wp-json\/wp\/v2\/users\/2"}],"replies":[{"embeddable":true,"href":"https:\/\/www.europesays.com\/es\/wp-json\/wp\/v2\/comments?post=132246"}],"version-history":[{"count":0,"href":"https:\/\/www.europesays.com\/es\/wp-json\/wp\/v2\/posts\/132246\/revisions"}],"wp:featuredmedia":[{"embeddable":true,"href":"https:\/\/www.europesays.com\/es\/wp-json\/wp\/v2\/media\/132247"}],"wp:attachment":[{"href":"https:\/\/www.europesays.com\/es\/wp-json\/wp\/v2\/media?parent=132246"}],"wp:term":[{"taxonomy":"category","embeddable":true,"href":"https:\/\/www.europesays.com\/es\/wp-json\/wp\/v2\/categories?post=132246"},{"taxonomy":"post_tag","embeddable":true,"href":"https:\/\/www.europesays.com\/es\/wp-json\/wp\/v2\/tags?post=132246"}],"curies":[{"name":"wp","href":"https:\/\/api.w.org\/{rel}","templated":true}]}}