{"id":132248,"date":"2025-09-22T17:47:15","date_gmt":"2025-09-22T17:47:15","guid":{"rendered":"https:\/\/www.europesays.com\/es\/132248\/"},"modified":"2025-09-22T17:47:15","modified_gmt":"2025-09-22T17:47:15","slug":"dua-lipa-despide-a-su-agente-por-pedir-la-expulsion-de-kneecap","status":"publish","type":"post","link":"https:\/\/www.europesays.com\/es\/132248\/","title":{"rendered":"Dua Lipa despide a su agente por pedir la expulsi\u00f3n de Kneecap"},"content":{"rendered":"<p>Londres (EFE).- La artista brit\u00e1nica Dua Lipa se deshizo de su agente, David Levy, despu\u00e9s de que \u00e9ste firmara una carta en la que se ped\u00eda la expulsi\u00f3n del tr\u00edo irland\u00e9s Kneecap, juzgado por lanzar proclamas antiisrael\u00edes, del conocido festival brit\u00e1nico de Glastonbury, seg\u00fan public\u00f3 el <a href=\"https:\/\/www.dailymail.co.uk\/mailonsunday\/index.html\" target=\"_blank\" rel=\"noreferrer noopener nofollow\">tabloide The Mail on Sunday<\/a>.<\/p>\n<p>El medio brit\u00e1nico, que cita fuentes de la industria musical, asever\u00f3 que la cantante, que es abiertamente propalestina, no vio con buenos ojos que su representante se mostrara en contra de la actuaci\u00f3n del grupo irland\u00e9s, asumi\u00f3 que era partidario de la guerra en Gaza y pidi\u00f3 a la empresa que le representa que le adjudicara otro agente.<\/p>\n<p>David Levy, que est\u00e1 asociado a la agencia brit\u00e1nica William Morris Endeavor, supuestamente firm\u00f3 una carta dirigida al director del festival, Michael Eavis, y a su hija, Emily Eavis, pidiendo que los raperos de Belfast abandonaran el festival debido a los c\u00e1nticos en los que hicieron apolog\u00eda del grupo terrorista Hizbul\u00e1 y pidieron la muerte de las FDI, el Ej\u00e9rcito israel\u00ed.<\/p>\n<p>La agencia no se ha pronunciado al respecto del supuesto despido de Levy <a href=\"https:\/\/efe.com\/cultura\/2024-09-17\/famosas-disenadoras-espanolas-dua-lipa-madonna\/\" target=\"_blank\" rel=\"noreferrer noopener nofollow\">por parte de Dua Lipa<\/a>.<\/p>\n<p>\u00abElla lo ve como un partidario<a href=\"https:\/\/efe.com\/mundo\/2025-09-22\/reino-unido-israel-represalias-reconocimiento-palestina\/\" target=\"_blank\" rel=\"noreferrer noopener nofollow\"> de la guerra de Israel en Gaza<\/a> y del terrible trato a los palestinos y eso qued\u00f3 muy claro a trav\u00e9s de la carta que firm\u00f3 y envi\u00f3 a Michael Eavis\u00bb, dijo la fuente al tabloide brit\u00e1nico.<\/p>\n<p>El tr\u00edo irland\u00e9s Kneecap fue acusado por la Polic\u00eda Metropolitana de Londres el pasado 21 de mayo de un delito de terrorismo por supuestamente haber mostrado una bandera en apoyo a Hezbol\u00e1\u00a0durante una actuaci\u00f3n del grupo el 21 de noviembre de 2024 en el recinto O2 de Londres.<\/p>\n<p>Uno de sus cantantes, Liam \u00d3g \u00d3 Hannaidh, se encuentra en libertad bajo fianza y conocer\u00e1 el pr\u00f3ximo 26 de septiembre la sentencia judicial en el caso por terrorismo en el que est\u00e1 procesado.<\/p>\n","protected":false},"excerpt":{"rendered":"Londres (EFE).- La artista brit\u00e1nica Dua Lipa se deshizo de su agente, David Levy, despu\u00e9s de que \u00e9ste&hellip;\n","protected":false},"author":2,"featured_media":132249,"comment_status":"","ping_status":"","sticky":false,"template":"","format":"standard","meta":{"footnotes":""},"categories":[170],"tags":[146,147,25,24,184,185,76,23],"class_list":{"0":"post-132248","1":"post","2":"type-post","3":"status-publish","4":"format-standard","5":"has-post-thumbnail","7":"category-musica","8":"tag-entertainment","9":"tag-entretenimiento","10":"tag-es","11":"tag-espana","12":"tag-music","13":"tag-musica","14":"tag-palestina","15":"tag-spain"},"share_on_mastodon":{"url":"","error":""},"_links":{"self":[{"href":"https:\/\/www.europesays.com\/es\/wp-json\/wp\/v2\/posts\/132248","targetHints":{"allow":["GET"]}}],"collection":[{"href":"https:\/\/www.europesays.com\/es\/wp-json\/wp\/v2\/posts"}],"about":[{"href":"https:\/\/www.europesays.com\/es\/wp-json\/wp\/v2\/types\/post"}],"author":[{"embeddable":true,"href":"https:\/\/www.europesays.com\/es\/wp-json\/wp\/v2\/users\/2"}],"replies":[{"embeddable":true,"href":"https:\/\/www.europesays.com\/es\/wp-json\/wp\/v2\/comments?post=132248"}],"version-history":[{"count":0,"href":"https:\/\/www.europesays.com\/es\/wp-json\/wp\/v2\/posts\/132248\/revisions"}],"wp:featuredmedia":[{"embeddable":true,"href":"https:\/\/www.europesays.com\/es\/wp-json\/wp\/v2\/media\/132249"}],"wp:attachment":[{"href":"https:\/\/www.europesays.com\/es\/wp-json\/wp\/v2\/media?parent=132248"}],"wp:term":[{"taxonomy":"category","embeddable":true,"href":"https:\/\/www.europesays.com\/es\/wp-json\/wp\/v2\/categories?post=132248"},{"taxonomy":"post_tag","embeddable":true,"href":"https:\/\/www.europesays.com\/es\/wp-json\/wp\/v2\/tags?post=132248"}],"curies":[{"name":"wp","href":"https:\/\/api.w.org\/{rel}","templated":true}]}}