{"id":132256,"date":"2025-09-22T17:51:13","date_gmt":"2025-09-22T17:51:13","guid":{"rendered":"https:\/\/www.europesays.com\/es\/132256\/"},"modified":"2025-09-22T17:51:13","modified_gmt":"2025-09-22T17:51:13","slug":"el-fenomeno-suenos-de-libertad-traspasa-fronteras-y-se-estrenara-el-22-de-septiembre-en-hbo-max-en-toda-latino-antena-3","status":"publish","type":"post","link":"https:\/\/www.europesays.com\/es\/132256\/","title":{"rendered":"El fen\u00f3meno Sue\u00f1os de libertad traspasa fronteras y se estrenar\u00e1 el 22 de septiembre en HBO Max en toda Latino &#8211; Antena 3"},"content":{"rendered":"<ol>\n<li><a href=\"https:\/\/news.google.com\/rss\/articles\/CBMiiwJBVV95cUxOS1RfeGZNVVhKZ2lxWUNMVmdJYjNfckNvOGg5LVJEWGFYUl9BV1IwUXFJWHd3RzlxTGNXa05kd0pkdmx3cFM1dHNhSlc5Rm05cFNaeGtpVmdzNjM1RFZBN0d3Ym5EZzFHZWExc09IRkdzS19NSkpNaWFVNXMzQzZaTEdqUVQxVkxCVks4Rk1vd0dIZklnbDZGVS1iRng5RkpZWWRsQXEzX2d5S0hpYURUUG1Yc0tlTWdJZGdKa0szY3MtTjdlbE56bnVSSDhxTi0zUmlvR3l0clBISHdZWGRNV2c4cVcxLUdjUTFYdVZRaXJtcG9peEpxbkFhbGFobTZjWndoMEttU284bjjSAYsCQVVfeXFMTThFZjhSdkZHU3pYcWxpMTB5dk1xUjlMdHNwZTF3SF9vZHV2OU4tOU9yYTJRdnhQSUEyLUhhZHNESUduWFltV3lNZHN6Tk9DTUxMa0FJaElQRzlxczBnZnd4T1FEUlR4Zml5T3U1bFFmeC1abVBMUzJMY3RXQjV2WTBSTG5mcWdUU296bFkzUUF5dURNTHNLWWxxZGxIWlA1TktHblIxc0VicGRFUnBKMHNZYkstMUxDUGxOdENpMy1YSThHNVpaSW1hZktMekNYblJhY2haaU04S2FHY2hfY2NvOUVyUEVwaW95Z2tCdHpkZlpRRnkxUjVOV2dTU2JOUlg1RWVNVlhJUkhz?oc=5\" target=\"_blank\" rel=\"nofollow noopener\">El fen\u00f3meno Sue\u00f1os de libertad traspasa fronteras y se estrenar\u00e1 el 22 de septiembre en HBO Max en toda Latino<\/a>&nbsp;&nbsp;Antena 3<\/li>\n<li><a href=\"https:\/\/news.google.com\/rss\/articles\/CBMinwFBVV95cUxNSkRxdVMya0xkNzFuNmlFYVpHUDJoV3pHcnp4OXJGb21NektoZ3FzRUFGOG5sV0dKWkdldlRES0xwQ0E2QmJqUGRZZ3RfV1hvTjdrVlRrUjhOb0JmUTZyVnk2dVE2eGdoSmZ1anM0OHJOa3dQMDY0cmxmVHRpekUtdzRWR0N3TURLT05vUm5pTVFGeDBqU1BlLWg0Q0xCWEnSAZ8BQVVfeXFMTW1tOUxfSlIzTE1TVGhOTkZ3dzV0eHk1VW4tbVpjZHZQeWRoYWxwSTAzODdCMkdDcTRzSzJKdGExWERwc2lMS3pCLUdENmFrQXhIR2JzZ0lmUkdadUh5ZVUtRkRuZzc4NVhONk1MMEdwVWJJOFZkWGl2cXBDNDhrYlFnYllEUDBmdFVabk1fTVZtWkxCZ1didkp0cW1XTHQ4?oc=5\" target=\"_blank\" rel=\"nofollow noopener\">HBO Max compra la serie m\u00e1s vista de la televisi\u00f3n para su salto a Latinoam\u00e9rica despu\u00e9s de su \u00e9xito en Espa\u00f1a<\/a>&nbsp;&nbsp;El Peri\u00f3dico<\/li>\n<li><a href=\"https:\/\/news.google.com\/rss\/articles\/CBMi0wFBVV95cUxQVEk0aVZlWG9rT3JEU05JOUtJazZCVVcxUnFTblN6Z0JWbzJ3MTJyQm9kUlhWcDR0WVVWOElmeXBxaWMwbVlwV1JsOWYxNS02dk9iTUNWR1Z5XzJNTllGUGdZVTJJbFRZMjdwa2pVV0J6RF9xam5JaGJrZmlIaVpNcTdIUG1zbzBKVnppb1I5VFRUOHcwZkZxSlNWMEZiNkhUcEdCSlNzUUhZcUYzbEZUb0pWVjk1djIxR2doSkFjLWJIdGJIRFEwcWs3UVI1V2dnMUhF0gHnAUFVX3lxTE5fRzNaTy1zcFdVa3R5RENJYzNWdXlnUGFkOUNmNjZyVENiNDQ2c3Y1YWNCdUdaVUZLSlNFdGR2ZjZFRlUzS240NlIwMzctNmNuVDVZc09yQ2p0RTFSRmtIUUNuWW5JM2xWbVJEbC1UYXM1OGI0UjNxSUNJODZVVnFOUF9nUE5EOG41ZXFiRlNGWHVHb3FBel9rRUVPb3Y0d1Y0RE1ob1ZwZW9aZkI2UEp5Vlg3U3VtZUFFUVpwSzZqbVhMNkhoTC1kNkJnMy1LUFVubTVUOWRLaGl2UzNwMHMwSHk2d09RVQ?oc=5\" target=\"_blank\" rel=\"nofollow noopener\">&#8216;Sue\u00f1os de libertad&#8217; aterriza en Latinoam\u00e9rica y Brasil de la mano de HBO Max<\/a>&nbsp;&nbsp;La Raz\u00f3n<\/li>\n<li><a href=\"https:\/\/news.google.com\/rss\/articles\/CBMi4AFBVV95cUxQUmFEWVBEQ25fZHJBajhvX0VLSm52ZHozQ3FXckdINEhNVXF0cEJ6d0NoMzlhTXJrYTNyazBEd18xMHJnMUJ2cW1yRXNYUlhmTy1JU2lsalNtSi1YZlJZM1kwYWFUUThaZlBsWG1IYmpWNXJpY2d3VWUwcnQtMkluUmhKUi1sU0g5ZUFHQmxnZUZFaUt4OEFvMzdyWGhDYkFRdGxCZ3BCbzByMW1Iakd0bHh1dkIwR0JNLW4ydk9SNGNZbEg1VDZmV19JNWhHZmNYZXFSWXo2cEdZbzhmdmFWZdIB-wFBVV95cUxNSDVkcFByVi1kVnhVbFZ1bUJycWpORmVtVEZkOEEzdEtiSkVmSGVUNTdZdGQzWGpxdWpfN3dZcmMtM3JRN3pPSmFhdzcybnE3cFhSWkxtb2hsVFFiRDNzMUV1eE52aXJVZDZ3YkRpUWtqbUtvUlkyeTdlekM0YmpZbjlpbW8tVGltNGNNWkk3S0JVWHA3X1R5LVFQTVlyM2tnNGFuR0VhV1ZjRFBBLXVOMU1jZFJDd0VXR0ItVGc0UU5EV25PRFJ3RWVKRWdDczBzTkhvNm4wNEZtcEZlUFkwNVZTVElVTzNIejdPOWc1d0tjTnZzU25kLThjaw?oc=5\" target=\"_blank\" rel=\"nofollow noopener\">\u2018Sue\u00f1os de libertad\u2019 sigue traspasando fronteras: el fen\u00f3meno de Atresmedia llega a Hispanoam\u00e9rica y Brasil<\/a>&nbsp;&nbsp;Infobae<\/li>\n<li><a href=\"https:\/\/news.google.com\/rss\/articles\/CBMi1AFBVV95cUxNek1tWHcyOVVPTXJxN2VQLVRtTl9EUlpQd2l4ZFQ2cGdpUVl2UWlzcmI0b2dhbEpfM2FBMUdwV0c3OGU3VkZQTjExeTVfWE5MNVFsNG1uWXk0RUF5VmRsdGpDRmFwLUdfandxOXFSWnNYZ1VIMXFRQjlsaDdjSEc1N3c4TnlqdGFFd0N5NUNVS1dPQWN5ZVZWT19VNWN2ejd5S09yZGY2di1ueXdUNlgzZG1KdGhjbldDa2xxTDNQSm41RGJFclZ6SGZjSHQ3b1JJTUV1ONIB3AFBVV95cUxPR205UHE3U05HVU0tbGlSY3ZiaGR1dVFfZU1uWUsyYnB3LXR6a2pfNmlqdGJlRWRGY2NmR1ZIQjYxOFcxb3lILXAtZnp3NWZXNGtXT25LOHE0M0ZvRndpU1B6VGVfNERoVENyRlVvOHYwNWJvSHE4NmNPd21fLXpjRk1ETi0zNEVwYkpUajQ4N1hNYVVQMTVCaDZPNkdBYzF4N2N3anVOU3ZPVHNBRGhPUXhzeWp6WExOSTZVUnYxMmJWczNuMHFlUUJTVU1FaXhMZlVQVFZZdkl1dThC?oc=5\" target=\"_blank\" rel=\"nofollow noopener\">HBO Max compra la serie de m\u00e1s \u00e9xito de Antena 3 para expandir su fen\u00f3meno a nivel mundial<\/a>&nbsp;&nbsp;El Televisero<\/li>\n<\/ol>\n","protected":false},"excerpt":{"rendered":"El fen\u00f3meno Sue\u00f1os de libertad traspasa fronteras y se estrenar\u00e1 el 22 de septiembre en HBO Max en&hellip;\n","protected":false},"author":2,"featured_media":128102,"comment_status":"","ping_status":"","sticky":false,"template":"","format":"standard","meta":{"footnotes":""},"categories":[91],"tags":[146,147,25,24,23],"class_list":{"0":"post-132256","1":"post","2":"type-post","3":"status-publish","4":"format-standard","5":"has-post-thumbnail","7":"category-entretenimiento","8":"tag-entertainment","9":"tag-entretenimiento","10":"tag-es","11":"tag-espana","12":"tag-spain"},"share_on_mastodon":{"url":"","error":""},"_links":{"self":[{"href":"https:\/\/www.europesays.com\/es\/wp-json\/wp\/v2\/posts\/132256","targetHints":{"allow":["GET"]}}],"collection":[{"href":"https:\/\/www.europesays.com\/es\/wp-json\/wp\/v2\/posts"}],"about":[{"href":"https:\/\/www.europesays.com\/es\/wp-json\/wp\/v2\/types\/post"}],"author":[{"embeddable":true,"href":"https:\/\/www.europesays.com\/es\/wp-json\/wp\/v2\/users\/2"}],"replies":[{"embeddable":true,"href":"https:\/\/www.europesays.com\/es\/wp-json\/wp\/v2\/comments?post=132256"}],"version-history":[{"count":0,"href":"https:\/\/www.europesays.com\/es\/wp-json\/wp\/v2\/posts\/132256\/revisions"}],"wp:featuredmedia":[{"embeddable":true,"href":"https:\/\/www.europesays.com\/es\/wp-json\/wp\/v2\/media\/128102"}],"wp:attachment":[{"href":"https:\/\/www.europesays.com\/es\/wp-json\/wp\/v2\/media?parent=132256"}],"wp:term":[{"taxonomy":"category","embeddable":true,"href":"https:\/\/www.europesays.com\/es\/wp-json\/wp\/v2\/categories?post=132256"},{"taxonomy":"post_tag","embeddable":true,"href":"https:\/\/www.europesays.com\/es\/wp-json\/wp\/v2\/tags?post=132256"}],"curies":[{"name":"wp","href":"https:\/\/api.w.org\/{rel}","templated":true}]}}