{"id":132259,"date":"2025-09-22T17:53:07","date_gmt":"2025-09-22T17:53:07","guid":{"rendered":"https:\/\/www.europesays.com\/es\/132259\/"},"modified":"2025-09-22T17:53:07","modified_gmt":"2025-09-22T17:53:07","slug":"el-capital-extranjero-se-repliega-de-espana-y-la-inversion-cae-un-604","status":"publish","type":"post","link":"https:\/\/www.europesays.com\/es\/132259\/","title":{"rendered":"El capital extranjero se repliega de Espa\u00f1a y la inversi\u00f3n cae un 60,4%"},"content":{"rendered":"<p style=\"\">La inversi\u00f3n extranjera directa en Espa\u00f1a se desploma y refleja la otra cara del manido<strong> &#8216;milagro econ\u00f3mico&#8217;,<\/strong> junto a los bajos salarios, la persistente precariedad en el empleo o los desorbitados precios de la vivienda. Los \u00faltimos datos  de la Secretar\u00eda de Estado  &#8230; y de Comercio evidencian que las cosas en econom\u00eda no marchan tan bien como lo pinta el Gobierno de Pedro S\u00e1nchez y que los <strong>casos de corrupci\u00f3n<\/strong> no est\u00e1n haciendo bien a nuestro pa\u00eds. Seg\u00fan los resultados, el capital for\u00e1neo que lleg\u00f3 en el primer semestre del a\u00f1o fue de 8.476 millones de euros, lo implica un 60,4% menos que lo registrado en igual periodo de 2024, cuando alcanz\u00f3 los 21.407 millones de euros.<\/p>\n<p class=\"voc-p\" style=\"\">El mundo empresarial lleva tiempo alertando de que las medidas del Ejecutivo est\u00e1n frenando la inversi\u00f3n y han puesto el acento en la <strong>incertidumbre y la inseguridad jur\u00eddica<\/strong>, sin olvidar la elevada carga impositiva y el <strong>alza constante de las cotizaciones sociales<\/strong> que, en su opini\u00f3n, terminar\u00e1 pasando al mercado de trabajo y al empleo. Todo ello en un momento en el que las tensiones geopol\u00edticas no dan tregua y en el que la crisis arancelaria no se ha solventado.<\/p>\n<p class=\"voc-p\" style=\"\">Los resultados de Comercio indican que<strong> Madrid<\/strong> vuelve a despuntar como la regi\u00f3n m\u00e1s atractiva para los inversores. Acapar\u00f3 el 53,2% de los fondos que llegaron a Espa\u00f1a en los seis primeros meses del a\u00f1o, con 4.509 millones. Le sigue <strong>Catalu\u00f1a<\/strong>, con 1.189 millones, siendo las \u00fanicas dos comunidades con una inversi\u00f3n superior a los 1.000 millones de euros en el primer semestre del a\u00f1o. Tras ellas, destacan las inversiones extranjeras directas en La Rioja con 402 millones, Cantabria con 370 millones, Pa\u00eds Vasco con 286 millones, Andaluc\u00eda con 283 millones, la Comunidad Valenciana con 275 millones o la Regi\u00f3n de Murcia con 253 millones.<\/p>\n<p>\nEstados Unidos a la cabeza\n<\/p>\n<p class=\"voc-p\" style=\"\">Pese a las tensiones pol\u00edticas con Estados Unidos este sigue siendo el primer origen inversor con 1.442 millones en el primer semestre, aunque muy lejos de los 6.400 millones que registr\u00f3 en todo 2024. Le sigue <strong>Reino Unido<\/strong> con 1.077 millones, a gran distancia de los 12.400 del a\u00f1o pasado; Francia con 867 millones, frente a los 2.681 de hace un curso; M\u00e9xico con 733 millones, frente a 1.014; o Alemania con 539 millones, una cuarta parte de los 2.146 de hace un a\u00f1o.<\/p>\n<p class=\"voc-p\" style=\"\">Y por sectores el que m\u00e1s recursos acapar\u00f3 del exterior fue el de<strong> &#8216;servicios de informaci\u00f3n&#8217;,<\/strong> con 814 millones de inversi\u00f3n. Le siguieron las inversiones en &#8216;actividades inmobiliarias&#8217;, con 879 millones, en la &#8216;industria de alimentaci\u00f3n&#8217;, con 772 millones, en &#8216;suministro de energ\u00eda el\u00e9ctrica, gas, vapor y aire&#8217;, con 770 millones.<\/p>\n","protected":false},"excerpt":{"rendered":"La inversi\u00f3n extranjera directa en Espa\u00f1a se desploma y refleja la otra cara del manido &#8216;milagro econ\u00f3mico&#8217;, junto&hellip;\n","protected":false},"author":2,"featured_media":132260,"comment_status":"","ping_status":"","sticky":false,"template":"","format":"standard","meta":{"footnotes":""},"categories":[80],"tags":[42257,82,10722,7264,95,94,25,24,35906,921,42256,23],"class_list":{"0":"post-132259","1":"post","2":"type-post","3":"status-publish","4":"format-standard","5":"has-post-thumbnail","7":"category-economia","8":"tag-42257","9":"tag-business","10":"tag-cae","11":"tag-capital","12":"tag-economia","13":"tag-economy","14":"tag-es","15":"tag-espana","16":"tag-extranjero","17":"tag-inversion","18":"tag-repliega","19":"tag-spain"},"share_on_mastodon":{"url":"","error":""},"_links":{"self":[{"href":"https:\/\/www.europesays.com\/es\/wp-json\/wp\/v2\/posts\/132259","targetHints":{"allow":["GET"]}}],"collection":[{"href":"https:\/\/www.europesays.com\/es\/wp-json\/wp\/v2\/posts"}],"about":[{"href":"https:\/\/www.europesays.com\/es\/wp-json\/wp\/v2\/types\/post"}],"author":[{"embeddable":true,"href":"https:\/\/www.europesays.com\/es\/wp-json\/wp\/v2\/users\/2"}],"replies":[{"embeddable":true,"href":"https:\/\/www.europesays.com\/es\/wp-json\/wp\/v2\/comments?post=132259"}],"version-history":[{"count":0,"href":"https:\/\/www.europesays.com\/es\/wp-json\/wp\/v2\/posts\/132259\/revisions"}],"wp:featuredmedia":[{"embeddable":true,"href":"https:\/\/www.europesays.com\/es\/wp-json\/wp\/v2\/media\/132260"}],"wp:attachment":[{"href":"https:\/\/www.europesays.com\/es\/wp-json\/wp\/v2\/media?parent=132259"}],"wp:term":[{"taxonomy":"category","embeddable":true,"href":"https:\/\/www.europesays.com\/es\/wp-json\/wp\/v2\/categories?post=132259"},{"taxonomy":"post_tag","embeddable":true,"href":"https:\/\/www.europesays.com\/es\/wp-json\/wp\/v2\/tags?post=132259"}],"curies":[{"name":"wp","href":"https:\/\/api.w.org\/{rel}","templated":true}]}}