{"id":132274,"date":"2025-09-22T18:04:11","date_gmt":"2025-09-22T18:04:11","guid":{"rendered":"https:\/\/www.europesays.com\/es\/132274\/"},"modified":"2025-09-22T18:04:11","modified_gmt":"2025-09-22T18:04:11","slug":"la-encuesta-de-nba-sobre-el-presente-y-futuro-de-la-nba","status":"publish","type":"post","link":"https:\/\/www.europesays.com\/es\/132274\/","title":{"rendered":"La encuesta de NBA sobre el presente y futuro de la NBA"},"content":{"rendered":"<ul class=\"post-meta single-meta\">\n<li class=\"autor\">Redacci\u00f3n<\/li>\n<li class=\"post-date\">22\/09\/2025<\/li>\n<li class=\"post-category\"><a href=\"https:\/\/www.gigantes.com\/nba\/\" title=\"Cortos de NBA\" rel=\"nofollow noopener\" target=\"_blank\">NBA<\/a><\/li>\n<\/ul>\n<p><a href=\"https:\/\/www.espn.com\/nba\/story\/_\/id\/46337909\/nba-offseason-survey-best-worst-summer-deals-lebron-finals-picks\" rel=\"nofollow noopener\" target=\"_blank\">ESPN<\/a> ha publicado una encuesta sobre distintos apartados claves de la NBA aprovechando la inactividad hasta el arranque de la 25\/26.<\/p>\n<p>En ella, el medio norteamericano ha consultado a 20 personas de inter\u00e9s de la NBA entre los que se incluyen entrenadores, scouts o ejecutivos sobre c\u00f3mo ven la pr\u00f3xima temporada, el futuro, los movimientos que se han realizado, los mejores jugadores\u2026 Respuesta interesantes para ver la diversidad de opiniones en la NBA.<\/p>\n<p>Estas fueron algunas de las respuestas:<\/p>\n<p>\u00bfQui\u00e9n ser\u00e1 el MVP de la NBA?<\/p>\n<p><strong>Nikola Jokic:<\/strong>\u00a07<br \/><strong>Shai Gilgeous-Alexander:<\/strong>\u00a05<br \/><strong>Luka Doncic:\u00a0<\/strong>4<br \/><strong>Victor Wembanyama:<\/strong>\u00a02<br \/><strong>Giannis Antetokounmpo:<\/strong>\u00a01<br \/><strong>Anthony Edwards:<\/strong>\u00a01<\/p>\n<p>Una de las opciones con m\u00e1s variantes. Si bien Nikola Jokic parte como favorito tambi\u00e9n se llevan un buen porcentaje que Shai pueda repetir o que Doncic alcance el MVP.<\/p>\n<p>\u00bfQui\u00e9n es actualmente el mejor jugador de la NBA?<\/p>\n<p><strong>Nikola Jokic:\u00a0<\/strong>19<br \/><strong>Luka Doncic:<\/strong>\u00a01<\/p>\n<p>Un voto ha apartado a Nikola Jokic de ser elegido un\u00e1nimemente como el mejor jugador de la NBA, algo que s\u00ed ocurri\u00f3, por ejemplo, en la encuesta que realiz\u00f3 <a href=\"https:\/\/www.gigantes.com\/selecciones\/eurobasket-2025-ranking-mejores-jugadores-top-15\/\" rel=\"nofollow noopener\" target=\"_blank\">Gigantes antes del Eurobasket<\/a>.<\/p>\n<p>\u00bfQui\u00e9n ser\u00e1 el mejor jugador de la NBA en 2030?<\/p>\n<p><strong>Victor Wembanyama:<\/strong>\u00a016<br \/><strong>Luka Doncic:<\/strong>\u00a02<br \/><strong>Shai Gilgeous-Alexander:<\/strong>\u00a01<br \/><strong>Jayson Tatum:<\/strong>\u00a01<\/p>\n<p>El dominador del futuro parece tener nombre propio: Victor Wembanyama. El 80% de los encuestados lo ven como el dominador de 2030 en adelante.<\/p>\n<p>\u00bfQui\u00e9n es el mejor jugador norteamericano en la actualidad?<\/p>\n<p><strong>Stephen Curry:<\/strong>\u00a011<br \/><strong>Anthony Edwards:\u00a0<\/strong>8<br \/><strong>Donovan Mitchell:\u00a0<\/strong>1<\/p>\n<p>A pesar de tener 37 a\u00f1os, Stephen Curry sigue siendo considerado el mejor jugador de los Estados Unidos aunque Anthony Edwards se acerca.<\/p>\n<p>\u00bfQui\u00e9n ser\u00e1 el mejor jugador norteamericano en 5 a\u00f1os?<\/p>\n<p><strong>Anthony Edwards:<\/strong>\u00a011<br \/><strong>Cooper Flagg:<\/strong>\u00a05<br \/><strong>Jayson Tatum:<\/strong>\u00a02<br \/><strong>Paolo Banchero:<\/strong>\u00a01<br \/><strong>Jalen Williams:<\/strong>\u00a01<\/p>\n<p>Para el futuro s\u00ed tienen claro que Anthony Edwards ser\u00e1 la referencia del Team USA.<\/p>\n<p>\u00bfQui\u00e9n ser\u00e1 el rookie del a\u00f1o?<\/p>\n<p><strong>Cooper Flagg:\u00a0<\/strong>19<br \/><strong>Kon Knueppel:<\/strong>\u00a01<\/p>\n<p>Un voto recibido por Kon Knueppel (n\u00famero 7 del Draft por los Hornets) ha separado a Cooper Flagg del voto un\u00e1nime como futuro rookie del a\u00f1o.<\/p>\n<p>\u00bfD\u00f3nde estar\u00e1 LeBron James al comienzo de la temporada 26\/27?<\/p>\n<p><strong>Los Angeles Lakers:<\/strong>\u00a07<br \/><strong>Retirado:<\/strong>\u00a05<br \/><strong>Cleveland Cavaliers:<\/strong>\u00a04<br \/><strong>Golden State Warriors:<\/strong>\u00a02<br \/><strong>Dallas Mavericks:<\/strong>\u00a01<br \/><strong>Miami Heat:\u00a0<\/strong>1<\/p>\n<p>Otra de las opciones que m\u00e1s opiniones distintas ha generado. Solo el 25% de los encuestado piensa que LeBron se retirar\u00e1 tras la pr\u00f3xima temporada y solo el 35% cree que seguir\u00e1 en los Lakers.<\/p>\n<p>\u00bfQu\u00e9 equipo ha firmado un mejor mercado veraniego?<\/p>\n<p><strong>Atlanta Hawks:<\/strong>\u00a07<br \/><strong>Denver Nuggets:\u00a0<\/strong>4<br \/><strong>Houston Rockets:<\/strong>\u00a03<br \/><strong>Oklahoma City Thunder:\u00a0<\/strong>2<br \/><strong>Orlando Magic:<\/strong>\u00a02<br \/><strong>LA Clippers:\u00a0<\/strong>1<br \/><strong>Los Angeles Lakers:<\/strong>\u00a01<\/p>\n<p>Los Hawks han sido elegidos como el equipo que ha realizado un mejor verano para mejorar su plantilla o situaci\u00f3n en el Draft.<\/p>\n<p>\u00bfQu\u00e9 equipo ha tenido un peor mercado durante el verano?<\/p>\n<p><strong>New Orleans Pelicans:<\/strong>\u00a09<br \/><strong>Phoenix Suns:<\/strong>\u00a04<br \/><strong>Sacramento Kings:<\/strong>\u00a02<br \/><strong>Chicago Bulls:<\/strong>\u00a01<br \/><strong>Los Angeles Lakers:<\/strong>\u00a01<br \/><strong>Memphis Grizzlies:<\/strong>\u00a01<br \/><strong>Philadelphia 76ers:<\/strong>\u00a01<br \/><strong>Portland Trail Blazers:<\/strong>\u00a01<\/p>\n<p>Los Pelicans han realizado el peor mercado para casi la mitad de los encuestados.<\/p>\n<p>\u00bfCu\u00e1l ha sido el mejor movimiento del verano?<\/p>\n<p><strong>Rockets obteniendo a Durant:<\/strong>\u00a011<br \/><strong>Magic incorporando a Desmond Bane:<\/strong>\u00a05<br \/><strong>Hawks logrando elecciones del Draft de los Pelicans: <\/strong>2<br \/><strong>Nuggets fichando a Cam Johnson:<\/strong>\u00a01<br \/><strong>Lakers renovando Doncic:<\/strong>\u00a01<\/p>\n<p>El movimiento de los Rockets logrando traspasar para la llegada de Kevin Duran ha sido elegido el mejor movimiento del verano.<\/p>\n<p>\u00bfCu\u00e1l ha sido el peor movimiento del verano?<\/p>\n<p><strong>Los Pelicans traspasando una elecci\u00f3n del Draft sin proteger<\/strong>: 11<br \/><strong>Los Blazers incorporando a Jrue Holiday: <\/strong>3<br \/><strong>Los Suns cortando a Bradley Beal: <\/strong>3<br \/><strong>Los Pacers perdiendo a Myles Turner en la agencia libre: <\/strong>1<br \/><strong>Los Suns incorporando a Mark Williams:<\/strong> 1<br \/><strong>Los Kings fichando a Dennis Schrode<\/strong>r: 1<\/p>\n<p>Los Pelicans han realizado el peor movimiento del verano.<\/p>\n<p>\u00bfQui\u00e9n ganar\u00e1 la Conferencia Este?<\/p>\n<p><strong>Cleveland Cavaliers:<\/strong>\u00a09<br \/><strong>New York Knicks:\u00a0<\/strong>7<br \/><strong>Atlanta Hawks:<\/strong>\u00a02<br \/><strong>Milwaukee Bucks:<\/strong>\u00a01<br \/><strong>Orlando Magic:\u00a0<\/strong>1<\/p>\n<p>\u00bfQui\u00e9n ganar\u00e1 la Conferencia Oeste?<\/p>\n<p><strong>Oklahoma City Thunder:\u00a0<\/strong>18<br \/><strong>Denver Nuggets:<\/strong>\u00a02<\/p>\n<p>\u00bfQui\u00e9n ganar\u00e1 el t\u00edtulo de la NBA?<\/p>\n<p><strong>Oklahoma City Thunder:\u00a0<\/strong>18<br \/><strong>Denver Nuggets:<\/strong>\u00a02<\/p>\n<p>Si bien en la Conferencia Este los consultados eligieron hasta 5 campeones diferentes, en el Oeste solo fueron 2 con claro favoritismo para los Thunder. Es m\u00e1s, todos los encuestados eligieron al campe\u00f3n de la Conferencia Oeste como posterior campe\u00f3n de la NBA.<\/p>\n<p style=\"text-align: right;\">Foto: Getty Images<\/p>\n<p><img decoding=\"async\" src=\"https:\/\/www.europesays.com\/es\/wp-content\/uploads\/2025\/09\/1757969230_426_mtracking.gif\" alt=\"Etiquetas de Mautic\" style=\"display:none;\"\/><\/p>\n<p><a href=\"https:\/\/www.gigantes.com\/tienda\/hemeroteca\/guia-de-la-liga-endesa-2025-26-no-1-560-septiembre-2025\/\" rel=\"nofollow noopener\" target=\"_blank\"><img loading=\"lazy\" decoding=\"async\" class=\"alignnone size-large wp-image-756436\" src=\"https:\/\/www.europesays.com\/es\/wp-content\/uploads\/2025\/09\/1758084250_83_WhatsApp-Image-2025-09-01-at-17.56.05-1024x1024.jpeg.webp.webp\" alt=\"\" width=\"680\" height=\"680\"  \/><\/a><\/p>\n<p>\t\t\t\t\t<img loading=\"lazy\" decoding=\"async\" src=\"https:\/\/www.europesays.com\/es\/wp-content\/uploads\/2025\/09\/1758084251_573_mano.png\" width=\"60\" height=\"60\" alt=\"Deliza hacia abajo\"\/>Sigue deslizando hacia abajo para ver m\u00e1s contenidos<\/p>\n","protected":false},"excerpt":{"rendered":"Redacci\u00f3n 22\/09\/2025 NBA ESPN ha publicado una encuesta sobre distintos apartados claves de la NBA aprovechando la inactividad&hellip;\n","protected":false},"author":2,"featured_media":132275,"comment_status":"","ping_status":"","sticky":false,"template":"","format":"standard","meta":{"footnotes":""},"categories":[269],"tags":[299,298,168,25,24,1725,23,167],"class_list":{"0":"post-132274","1":"post","2":"type-post","3":"status-publish","4":"format-standard","5":"has-post-thumbnail","7":"category-baloncesto","8":"tag-baloncesto","9":"tag-basketball","10":"tag-deportes","11":"tag-es","12":"tag-espana","13":"tag-nba","14":"tag-spain","15":"tag-sports"},"share_on_mastodon":{"url":"","error":""},"_links":{"self":[{"href":"https:\/\/www.europesays.com\/es\/wp-json\/wp\/v2\/posts\/132274","targetHints":{"allow":["GET"]}}],"collection":[{"href":"https:\/\/www.europesays.com\/es\/wp-json\/wp\/v2\/posts"}],"about":[{"href":"https:\/\/www.europesays.com\/es\/wp-json\/wp\/v2\/types\/post"}],"author":[{"embeddable":true,"href":"https:\/\/www.europesays.com\/es\/wp-json\/wp\/v2\/users\/2"}],"replies":[{"embeddable":true,"href":"https:\/\/www.europesays.com\/es\/wp-json\/wp\/v2\/comments?post=132274"}],"version-history":[{"count":0,"href":"https:\/\/www.europesays.com\/es\/wp-json\/wp\/v2\/posts\/132274\/revisions"}],"wp:featuredmedia":[{"embeddable":true,"href":"https:\/\/www.europesays.com\/es\/wp-json\/wp\/v2\/media\/132275"}],"wp:attachment":[{"href":"https:\/\/www.europesays.com\/es\/wp-json\/wp\/v2\/media?parent=132274"}],"wp:term":[{"taxonomy":"category","embeddable":true,"href":"https:\/\/www.europesays.com\/es\/wp-json\/wp\/v2\/categories?post=132274"},{"taxonomy":"post_tag","embeddable":true,"href":"https:\/\/www.europesays.com\/es\/wp-json\/wp\/v2\/tags?post=132274"}],"curies":[{"name":"wp","href":"https:\/\/api.w.org\/{rel}","templated":true}]}}