{"id":132280,"date":"2025-09-22T18:07:20","date_gmt":"2025-09-22T18:07:20","guid":{"rendered":"https:\/\/www.europesays.com\/es\/132280\/"},"modified":"2025-09-22T18:07:20","modified_gmt":"2025-09-22T18:07:20","slug":"el-museo-de-bellas-artes-de-alava-se-sometera-a-un-lavado-de-cara-por-700-000-euros","status":"publish","type":"post","link":"https:\/\/www.europesays.com\/es\/132280\/","title":{"rendered":"El Museo de Bellas Artes de \u00c1lava se someter\u00e1 a un lavado de cara por 700.000 euros"},"content":{"rendered":"<p><img fetchpriority=\"high\" class=\"v-a-img\" src=\"https:\/\/www.europesays.com\/es\/wp-content\/uploads\/2025\/09\/museo-bellas-artes-vitoria-U22016401900032tG-U2303046829998HWF-1200x840@El Correo-ElCorreo.jpg\" loading=\"eager\" decoding=\"async\" alt=\"El Museo de Bellas Artes de \u00c1lava se someter\u00e1 a una intervenci\u00f3n en el actual edificio.\"  width=\"1200\" height=\"840\"\/><\/p>\n<p>El Museo de Bellas Artes de \u00c1lava se someter\u00e1 a una intervenci\u00f3n en el actual edificio.          Igor Mart\u00edn        <\/p>\n<p>La intervenci\u00f3n se realiza el pr\u00f3ximo a\u00f1o para \u00abadecentar\u00bb el edificio con labores de carpinter\u00eda y pintura, entre otros<\/p>\n<p><a class=\"v-mdl-ath__fig-a\" href=\"https:\/\/www.elcorreo.com\/autor\/ramon-albertus-2283.html\" title=\"Ram\u00f3n Albertus\" rel=\"nofollow noopener\" target=\"_blank\"><br \/>\n<img decoding=\"async\" class=\"v-mdl-ath__img\" src=\"https:\/\/s2.ppllstatics.com\/comun\/img\/2014\/autor\/autor-2283-foto-2.jpeg\" alt=\"Ram\u00f3n Albertus\"\/><br \/>\n<\/a><\/p>\n<p class=\"v-mdl-ath__p v-mdl-ath__p--6\">\nLunes, 22 de septiembre 2025, 14:32<\/p>\n<p>| Actualizado 18:39h.<\/p>\n<p class=\"v-p\">El Museo de Bellas Artes de \u00c1lava afrontar\u00e1 pr\u00f3ximamente un lavado de cara que supondr\u00e1 una inversi\u00f3n cercana a los 700.000 euros, seg\u00fan ha  &#8230; anunciado el diputado general Ramiro G\u00f3nzalez en el pleno de pol\u00edtica general celebrado este lunes. Esta operaci\u00f3n no contempla la creaci\u00f3n de nuevos espacios ni una ampliaci\u00f3n de sus instalaciones, sino que se trata de una actuaci\u00f3n para preservar la conservaci\u00f3n del actual edificio, con el objetivo de garantizar el mantenimiento. <\/p>\n<p class=\"v-p\">La intervenci\u00f3n se produir\u00e1 el pr\u00f3ximo a\u00f1o y la cifra responde a un estudio que ha analizado las necesidades para adecentar el edificio. En ese \u00abacondicionamiento\u00bb para \u00abadecentar\u00bb el edificio entrar\u00eda labores de carpinter\u00eda exterior o pintura y puesta a punto de servicios generales, como apuntan fuentes forales. Se trata de un <\/p>\n<p class=\"v-p\">Estas labores se producir\u00e1n despu\u00e9s de a\u00f1os sin una actuaci\u00f3n integral en el palacio del paseo de Fray Francisco. Adem\u00e1s, el museo seguir\u00e1 funcionando con normalidad mientras se desarrolla esta fase de mejoras. <\/p>\n<p class=\"v-crt__t\"> L\u00edmite de sesiones alcanzadas<\/p>\n<p class=\"v-crt__p\">El acceso al contenido Premium est\u00e1 abierto por cortes\u00eda del establecimiento donde te encuentras, pero ahora mismo hay demasiados usuarios conectados a las vez.<\/p>\n<p class=\"v-crt__p\">Por favor, int\u00e9ntalo pasados unos minutos.<\/p>\n<p>\nVolver a intentar\n<\/p>\n<p class=\"v-crt__t\">Sesi\u00f3n cerrada<\/p>\n<p class=\"v-crt__p\">Al iniciar sesi\u00f3n desde un dispositivo distinto, por seguridad, se cerr\u00f3 la \u00faltima sesi\u00f3n en este.<\/p>\n<p class=\"v-crt__p\">Para continuar disfrutando de su suscripci\u00f3n digital, inicie sesi\u00f3n en este dispositivo.<\/p>\n<p>\nEste contenido es exclusivo para suscriptores\n<\/p>\n<p>Comenta<\/p>\n<p>Reporta un error<\/p>\n","protected":false},"excerpt":{"rendered":"El Museo de Bellas Artes de \u00c1lava se someter\u00e1 a una intervenci\u00f3n en el actual edificio. Igor Mart\u00edn&hellip;\n","protected":false},"author":2,"featured_media":132281,"comment_status":"","ping_status":"","sticky":false,"template":"","format":"standard","meta":{"footnotes":""},"categories":[173],"tags":[42261,3935,229,233,1968,231,230,1967,2608,232,234,146,147,25,24,1557,5922,470,42260,23],"class_list":{"0":"post-132280","1":"post","2":"type-post","3":"status-publish","4":"format-standard","5":"has-post-thumbnail","7":"category-arte-y-diseno","8":"tag-42261","9":"tag-alava","10":"tag-arte","11":"tag-arte-y-diseno","12":"tag-artes","13":"tag-arts","14":"tag-arts-and-design","15":"tag-bellas","16":"tag-cara","17":"tag-design","18":"tag-diseno","19":"tag-entertainment","20":"tag-entretenimiento","21":"tag-es","22":"tag-espana","23":"tag-euros","24":"tag-lavado","25":"tag-museo","26":"tag-sometera","27":"tag-spain"},"share_on_mastodon":{"url":"","error":""},"_links":{"self":[{"href":"https:\/\/www.europesays.com\/es\/wp-json\/wp\/v2\/posts\/132280","targetHints":{"allow":["GET"]}}],"collection":[{"href":"https:\/\/www.europesays.com\/es\/wp-json\/wp\/v2\/posts"}],"about":[{"href":"https:\/\/www.europesays.com\/es\/wp-json\/wp\/v2\/types\/post"}],"author":[{"embeddable":true,"href":"https:\/\/www.europesays.com\/es\/wp-json\/wp\/v2\/users\/2"}],"replies":[{"embeddable":true,"href":"https:\/\/www.europesays.com\/es\/wp-json\/wp\/v2\/comments?post=132280"}],"version-history":[{"count":0,"href":"https:\/\/www.europesays.com\/es\/wp-json\/wp\/v2\/posts\/132280\/revisions"}],"wp:featuredmedia":[{"embeddable":true,"href":"https:\/\/www.europesays.com\/es\/wp-json\/wp\/v2\/media\/132281"}],"wp:attachment":[{"href":"https:\/\/www.europesays.com\/es\/wp-json\/wp\/v2\/media?parent=132280"}],"wp:term":[{"taxonomy":"category","embeddable":true,"href":"https:\/\/www.europesays.com\/es\/wp-json\/wp\/v2\/categories?post=132280"},{"taxonomy":"post_tag","embeddable":true,"href":"https:\/\/www.europesays.com\/es\/wp-json\/wp\/v2\/tags?post=132280"}],"curies":[{"name":"wp","href":"https:\/\/api.w.org\/{rel}","templated":true}]}}