{"id":132282,"date":"2025-09-22T18:09:08","date_gmt":"2025-09-22T18:09:08","guid":{"rendered":"https:\/\/www.europesays.com\/es\/132282\/"},"modified":"2025-09-22T18:09:08","modified_gmt":"2025-09-22T18:09:08","slug":"todo-es-mentira-recibe-un-regalo-de-oscar-lopez-despues-de-la-polemica-con-la-directora-de-comunicacion-del-psoe","status":"publish","type":"post","link":"https:\/\/www.europesays.com\/es\/132282\/","title":{"rendered":"Todo es mentira recibe un regalo de \u00d3scar L\u00f3pez despu\u00e9s de la pol\u00e9mica con la directora de comunicaci\u00f3n del PSOE"},"content":{"rendered":"<p class=\"ft-text\"><strong>\u00d3scar L\u00f3pez<\/strong> ha dado la sorpresa hoy en <a class=\"ft-link ft-link--decoration\" href=\"https:\/\/www.elperiodico.com\/es\/temas\/mentira-43214\" target=\"_blank\" rel=\"nofollow noopener\"><strong>&#8216;Todo es mentira&#8217; <\/strong><\/a>despu\u00e9s de la pol\u00e9mica de la directora de comunicaci\u00f3n del PSOE de Madrid, que hab\u00eda afirmado que el programa de <a class=\"ft-link ft-link--decoration\" href=\"https:\/\/www.elperiodico.com\/es\/personajes\/risto-mejide-14752\" target=\"_blank\" rel=\"nofollow noopener\"><strong>Risto Mejide<\/strong><\/a> ofrec\u00eda contenidos caribe\u00f1os.<\/p>\n<p class=\"ft-text\">Hoy, una reportera del programa acudi\u00f3 al teatro donde acud\u00eda el l\u00edder de los socialistas madrile\u00f1os con una camiseta caribe\u00f1a para regalarle al tambi\u00e9n ministro de Transformaci\u00f3n Digital.<\/p>\n<p class=\"ft-text\">Un rato m\u00e1s tarde, el pol\u00edtico tambi\u00e9n ten\u00eda preparado un regalo para el programa: unas maracas caribe\u00f1as. \u00ab\u00bfQu\u00e9 temas me podr\u00eda decir usted que podr\u00edamos llevar en el programa alg\u00fan d\u00eda?\u00bb, preguntaba la reportera tras aceptar el presente. \u00ab<strong>Nunca he hecho eso<\/strong>, llevo toda mi vida defendiendo la libertad de prensa. Por cierto, vengo a ver 1936&#8243;, contestaba el pol\u00edtico.<\/p>\n<p class=\"ft-text\">\u00abDe verdad <strong>llevo toda la vida defendiendo la libertad de prensa<\/strong> y de verdad que ojal\u00e1 pod\u00e1is disfrutarla siempre y que nadie amenace a periodistas como hizo Miguel \u00c1ngel Rodr\u00edguez\u00bb, adem\u00e1s tambi\u00e9n se ha posicionado sobre las palabras de la directora: \u00abS\u00ed, me dijo una persona de prensa del PSOE que le parec\u00eda caribe\u00f1o, vaya hombre, ya lo siento, ya est\u00e1, ya est\u00e1 resuelto\u00bb.<\/p>\n<p class=\"ft-text\">Tras el momento, Risto Mejide mostraba su opini\u00f3n: \u00abAplaudimos que cualquiera tenga sentido del humor, sea de la ideolog\u00eda que sea y que se tome las cosas as\u00ed, sobre todo despu\u00e9s de la <strong>pifiada<\/strong> de su directora de comunicaci\u00f3n, que sigue estando ah\u00ed\u00bb.<\/p>\n","protected":false},"excerpt":{"rendered":"\u00d3scar L\u00f3pez ha dado la sorpresa hoy en &#8216;Todo es mentira&#8217; despu\u00e9s de la pol\u00e9mica de la directora&hellip;\n","protected":false},"author":2,"featured_media":132283,"comment_status":"","ping_status":"","sticky":false,"template":"","format":"standard","meta":{"footnotes":""},"categories":[171],"tags":[954,146,147,25,24,7355,2857,2789,3684,7382,24468,23,2863,214],"class_list":{"0":"post-132282","1":"post","2":"type-post","3":"status-publish","4":"format-standard","5":"has-post-thumbnail","7":"category-tv","8":"tag-cuatro","9":"tag-entertainment","10":"tag-entretenimiento","11":"tag-es","12":"tag-espana","13":"tag-lopez","14":"tag-mentira","15":"tag-oscar","16":"tag-recibe","17":"tag-regalo","18":"tag-risto-mejide","19":"tag-spain","20":"tag-todo-es-mentira","21":"tag-tv"},"share_on_mastodon":{"url":"","error":""},"_links":{"self":[{"href":"https:\/\/www.europesays.com\/es\/wp-json\/wp\/v2\/posts\/132282","targetHints":{"allow":["GET"]}}],"collection":[{"href":"https:\/\/www.europesays.com\/es\/wp-json\/wp\/v2\/posts"}],"about":[{"href":"https:\/\/www.europesays.com\/es\/wp-json\/wp\/v2\/types\/post"}],"author":[{"embeddable":true,"href":"https:\/\/www.europesays.com\/es\/wp-json\/wp\/v2\/users\/2"}],"replies":[{"embeddable":true,"href":"https:\/\/www.europesays.com\/es\/wp-json\/wp\/v2\/comments?post=132282"}],"version-history":[{"count":0,"href":"https:\/\/www.europesays.com\/es\/wp-json\/wp\/v2\/posts\/132282\/revisions"}],"wp:featuredmedia":[{"embeddable":true,"href":"https:\/\/www.europesays.com\/es\/wp-json\/wp\/v2\/media\/132283"}],"wp:attachment":[{"href":"https:\/\/www.europesays.com\/es\/wp-json\/wp\/v2\/media?parent=132282"}],"wp:term":[{"taxonomy":"category","embeddable":true,"href":"https:\/\/www.europesays.com\/es\/wp-json\/wp\/v2\/categories?post=132282"},{"taxonomy":"post_tag","embeddable":true,"href":"https:\/\/www.europesays.com\/es\/wp-json\/wp\/v2\/tags?post=132282"}],"curies":[{"name":"wp","href":"https:\/\/api.w.org\/{rel}","templated":true}]}}