{"id":132305,"date":"2025-09-22T18:24:11","date_gmt":"2025-09-22T18:24:11","guid":{"rendered":"https:\/\/www.europesays.com\/es\/132305\/"},"modified":"2025-09-22T18:24:11","modified_gmt":"2025-09-22T18:24:11","slug":"andre-agassi-maravillado-con-esta-promesa-del-tenis-mundial-me-ha","status":"publish","type":"post","link":"https:\/\/www.europesays.com\/es\/132305\/","title":{"rendered":"Andre Agassi maravillado con esta promesa del tenis mundial: \u00abMe ha&#8230;\u00bb"},"content":{"rendered":"<p>Mientras los ojos del mundo est\u00e1n puestos sobre la definici\u00f3n de la <strong>Laver Cup <\/strong>2025, donde el <strong>Resto del Mundo mantiene una m\u00ednima ventaja sobre Europa<\/strong>, el capit\u00e1n del Team World, <strong><a href=\"https:\/\/bolavip.com\/cl\/tenis\/el-profundo-dolor-de-una-leyenda-mundial-odiaba-el-tenis-con-toda-mi-alma\" target=\"_blank\" title=\"Andre Agassi\" rel=\"nofollow noopener\">Andre Agassi<\/a> <\/strong>se deshizo en elogios para la gran promesa del tenis sudamericano,<strong> Joao Fonseca<\/strong>.<\/p>\n<p>Es la primera vez que el \u2018Kid de Las Vegas\u2019 asumi\u00f3 la capitan\u00eda del equipo mundial en la Laver Cup, y tras los primeros d\u00edas de entrenamiento confes\u00f3 quedar maravillado con<strong> el talento del joven tenista brasile\u00f1o quien este a\u00f1o ha protagonizado un ascenso brutal en el ranking ATP.<\/strong><\/p>\n<p>\u00bfQu\u00e9 dijo el ex n\u00famero uno del mundo? En conferencia de prensa, Agassi resalt\u00f3 que <strong>\u201csu juego es muy f\u00e1cil de respetar y de admirar. La fuerza bruta que puede generar desde ambos lados de la pista, casi sin esfuerzo\u2026 Puede hacer el mismo movimiento y generar much\u00edsima velocidad a la bola sin que parezca que quiere golpear m\u00e1s fuerte\u201d<\/strong>.<\/p>\n<p>  <img decoding=\"async\" alt=\"\" aria-hidden=\"true\" class=\"i-amphtml-intrinsic-sizer\" role=\"presentation\" src=\"data:image\/svg+xml;base64,PHN2ZyBoZWlnaHQ9IjY5NiIgd2lkdGg9IjEwMjQiIHhtbG5zPSJodHRwOi8vd3d3LnczLm9yZy8yMDAwL3N2ZyIgdmVyc2lvbj0iMS4xIi8+\"\/> Joao Fonseca gan\u00f3 su punto en la Laver Cup al derrotar al italiano Flavio Cobolli (Getty Images). <\/p>\n<p>Luego complement\u00f3: <strong>\u201cSu movilidad es buen\u00edsima, pero lo que m\u00e1s me ha sorprendido cuando le he conocido es su mentalidad. Es un tipo que no necesita sentirse validado por nadie. No se deja intimidar por el entorno, \u00e9l cree que pertenece a estos torneos, que se merece estar aqu\u00ed, que debe y quiere seguir mejorando\u201d<\/strong>. <\/p>\n<p><strong>\u201cEs inteligente, perceptivo y receptivo. Me gusta c\u00f3mo procesa las cosas, y eso solo le va a ayudar a ser su mejor versi\u00f3n\u201d<\/strong>, cerr\u00f3 Andre Agassi.<\/p>\n<p> Resultados Laver Cup 2025 <\/p>\n<p><strong>D\u00eda 1 (Viernes 19 de septiembre)<\/strong><\/p>\n<ul>\n<li>Casper Ruud (Europa) vs. Reilly Opelka (Mundo) por 6-4, 7-6(7-4).<\/li>\n<li>Jakub Mensik (Europa) vs. Alex Michelsen (Mundo) 6-1, 6-7(3-7), 10-8.<\/li>\n<li>Joao Fonseca (Mundo) vs. Flavio Cobolli (Europa) 6-4, 6-3.<\/li>\n<li>En dobles, Carlos Alcaraz y Jakub Mensik (Europa) vs. Taylor Fritz y Alex Michelsen (Mundo) 7-6(9-7), 6-4.<\/li>\n<\/ul>\n<p><strong>D\u00eda 2 (S\u00e1bado 20 de septiembre)<\/strong><\/p>\n<ul>\n<li>\u00c1lex de Mi\u00f1aur (Mundo) vs. Alexander Zverev (Europa) 6-1, 6-4.<\/li>\n<li>Francisco Cer\u00fandolo (Mundo) vs. Holger Rune (Europa) 6-3, 7-6(7-5).<\/li>\n<li>Taylor Fritz (Mundo) vs. Carlos Alcaraz (Europa) 6-3, 6-2.<\/li>\n<li>En dobles, Alex de Mi\u00f1aur y Alex Michelsen (Mundo) vs. Casper Ruud y Holger Rune (Europa) 6-3, 6-4.<\/li>\n<\/ul>\n<p><strong>D\u00eda 3 (Domingo 21 de septiembre)<\/strong><\/p>\n<ul>\n<li>Carlos Alcaraz y Casper Ruud (Europa) vs. Alex Michelsen y Reilly Opelka (Mundo) 7-6 (7-4), 6-1.<\/li>\n<li>Jakub Mensik vs. Alex de Mi\u00f1aur<\/li>\n<li>Carlos Alcaraz (Europa) vs. Fran Cer\u00fandolo (Mundo)<\/li>\n<li>Alexander Zverev (Europa) vs. Taylor Fritz (Mundo)<\/li>\n<\/ul>\n","protected":false},"excerpt":{"rendered":"Mientras los ojos del mundo est\u00e1n puestos sobre la definici\u00f3n de la Laver Cup 2025, donde el Resto&hellip;\n","protected":false},"author":2,"featured_media":132306,"comment_status":"","ping_status":"","sticky":false,"template":"","format":"standard","meta":{"footnotes":""},"categories":[274],"tags":[23293,168,25,24,39126,23,167,327,326],"class_list":{"0":"post-132305","1":"post","2":"type-post","3":"status-publish","4":"format-standard","5":"has-post-thumbnail","7":"category-tenis","8":"tag-andre-agassi","9":"tag-deportes","10":"tag-es","11":"tag-espana","12":"tag-laver-cup","13":"tag-spain","14":"tag-sports","15":"tag-tenis","16":"tag-tennis"},"share_on_mastodon":{"url":"","error":""},"_links":{"self":[{"href":"https:\/\/www.europesays.com\/es\/wp-json\/wp\/v2\/posts\/132305","targetHints":{"allow":["GET"]}}],"collection":[{"href":"https:\/\/www.europesays.com\/es\/wp-json\/wp\/v2\/posts"}],"about":[{"href":"https:\/\/www.europesays.com\/es\/wp-json\/wp\/v2\/types\/post"}],"author":[{"embeddable":true,"href":"https:\/\/www.europesays.com\/es\/wp-json\/wp\/v2\/users\/2"}],"replies":[{"embeddable":true,"href":"https:\/\/www.europesays.com\/es\/wp-json\/wp\/v2\/comments?post=132305"}],"version-history":[{"count":0,"href":"https:\/\/www.europesays.com\/es\/wp-json\/wp\/v2\/posts\/132305\/revisions"}],"wp:featuredmedia":[{"embeddable":true,"href":"https:\/\/www.europesays.com\/es\/wp-json\/wp\/v2\/media\/132306"}],"wp:attachment":[{"href":"https:\/\/www.europesays.com\/es\/wp-json\/wp\/v2\/media?parent=132305"}],"wp:term":[{"taxonomy":"category","embeddable":true,"href":"https:\/\/www.europesays.com\/es\/wp-json\/wp\/v2\/categories?post=132305"},{"taxonomy":"post_tag","embeddable":true,"href":"https:\/\/www.europesays.com\/es\/wp-json\/wp\/v2\/tags?post=132305"}],"curies":[{"name":"wp","href":"https:\/\/api.w.org\/{rel}","templated":true}]}}