{"id":132307,"date":"2025-09-22T18:26:09","date_gmt":"2025-09-22T18:26:09","guid":{"rendered":"https:\/\/www.europesays.com\/es\/132307\/"},"modified":"2025-09-22T18:26:09","modified_gmt":"2025-09-22T18:26:09","slug":"cadillac-anuncia-nuevo-fichaje-para-la-proxima-temporada-de-la-f1-ademas-de-checo-perez","status":"publish","type":"post","link":"https:\/\/www.europesays.com\/es\/132307\/","title":{"rendered":"Cadillac anuncia nuevo fichaje para la pr\u00f3xima temporada de la F1, adem\u00e1s de Checo P\u00e9rez"},"content":{"rendered":"<p>La F\u00f3rmula 1\u00ae se prepara para una nueva era con el debut del equipo Cadillac en 2026, acompa\u00f1ado por un socio de peso: <strong><a href=\"https:\/\/intl.jimbeam.com\/es-mx\" target=\"_blank\" rel=\"noreferrer noopener nofollow\">Jim Beam<\/a>, el bourbon m\u00e1s vendido del mundo<\/strong>. Esta alianza global no solo une a dos de los \u00edconos m\u00e1s representativos de la cultura estadounidense, sino que tambi\u00e9n genera un impacto directo en los mercados de habla hispana gracias a la incorporaci\u00f3n de <strong>Checo P\u00e9rez<\/strong> como piloto.<\/p>\n<p class=\"wp-block-robb-report-blocks-robb-related-link\"><a href=\"https:\/\/robbreportenespanol.com\/entretenimiento\/house-44-la-experiencia-mas-exclusiva-de-formula-1-con-lewis-hamilton-y-soho-house\/\" class=\"th-related-link\" rel=\"nofollow noopener\" target=\"_blank\">\u201cHouse 44\u201d: La experiencia m\u00e1s exclusiva de F\u00f3rmula 1 con Lewis Hamilton y Soho House<\/a><\/p>\n<p>El regreso de Checo P\u00e9rez con Cadillac<\/p>\n<p>La llegada de Checo P\u00e9rez a Cadillac F1\u00ae amplifica el alcance de la escuder\u00eda en pa\u00edses como M\u00e9xico y Espa\u00f1a, donde el piloto tapat\u00edo goza de una enorme popularidad.<\/p>\n<p>Su figura trasciende lo deportivo: es s\u00edmbolo de perseverancia y referente del automovilismo para millones de aficionados.<\/p>\n<p><img loading=\"lazy\" data-recalc-dims=\"1\" data-full-image=\"https:\/\/i0.wp.com\/robbreportenespanol.com\/wp-content\/uploads\/2025\/09\/cadillac-checo-perez-jim-beam7jpg.jpg?fit=1080%2C1920&amp;ssl=1\" data-lightboxcaption=\"\" decoding=\"async\" width=\"600\" height=\"1067\" alt=\"\" class=\"wp-image-256128 perfmatters-lazy\" src=\"https:\/\/www.europesays.com\/es\/wp-content\/uploads\/2025\/09\/cadillac-checo-perez-jim-beam7jpg.jpg\"  data-\/><\/p>\n<p>Con \u00e9l al volante, Cadillac refuerza su narrativa de innovaci\u00f3n y competitividad, mientras Jim Beam se acerca a una audiencia joven, conectada y apasionada por el motor.<\/p>\n<p>Una alianza con historia<\/p>\n<p>Aunque la noticia parece nueva, los lazos entre Cadillac y Jim Beam se remontan a hace casi un siglo.<\/p>\n<p>Jim Beam, fundador de la destiler\u00eda, sol\u00eda transportar cada d\u00eda en su Cadillac un frasco con la levadura que daba vida a su bourbon, asegurando la continuidad de su receta incluso en tiempos de prohibici\u00f3n.<\/p>\n<p>Hoy, esa an\u00e9cdota cobra nuevo significado al unir nuevamente a ambas marcas en la m\u00e1xima categor\u00eda del automovilismo.<\/p>\n<p><img loading=\"lazy\" data-recalc-dims=\"1\" data-full-image=\"https:\/\/i0.wp.com\/robbreportenespanol.com\/wp-content\/uploads\/2025\/09\/cadillac-checo-perez-jim-beam3.jpg?fit=2560%2C1600&amp;ssl=1\" data-lightboxcaption=\"\" decoding=\"async\" width=\"600\" height=\"375\" alt=\"\" class=\"wp-image-256129 perfmatters-lazy\" src=\"https:\/\/www.europesays.com\/es\/wp-content\/uploads\/2025\/09\/cadillac-checo-perez-jim-beam3.jpg\"  data-\/>M\u00e1s que un patrocinio<\/p>\n<p>La colaboraci\u00f3n ir\u00e1 m\u00e1s all\u00e1 de la pista. Jim Beam y Cadillac ofrecer\u00e1n activaciones inmersivas para fans, con \u00e9nfasis en consumo responsable, experiencias en retail y celebraciones en torno al deporte y la cultura. La visi\u00f3n compartida es clara: unir comunidades alrededor del mundo bajo la pasi\u00f3n por la velocidad y la tradici\u00f3n.<\/p>\n<blockquote>\n<p>\u201cTanto las carreras de autos como la elaboraci\u00f3n del bourbon whiskey <strong>Jim Beam<\/strong> requieren que cada persona y cada elemento trabajen en conjunto para lograr un resultado colectivo positivo. El equipo de pits y nuestros trabajadores de la destiler\u00eda se apoyan en la fuerza de sus comunidades para ganar. Esta visi\u00f3n compartida, y la conexi\u00f3n con la pr\u00f3xima generaci\u00f3n de aficionados de la F\u00f3rmula 1 en M\u00e9xico y el mundo, es lo que nos inspira y nos motiva a seguir celebrando juntos la pasi\u00f3n por la velocidad y la tradici\u00f3n.\u201d<\/p>\n<p><strong>Rashidi Hodari<\/strong>, director general de <strong>James B. Beam Distilling Co.<\/strong><\/p>\n<\/blockquote>\n<p>Jim Beam ha tenido una larga relaci\u00f3n con el deporte y la m\u00fasica: desde la <strong>NFL y la MLB hasta NASCAR<\/strong> e Indian\u00e1polis 500, adem\u00e1s de festivales y giras musicales internacionales.<\/p>\n<p>Ahora, con la F\u00f3rmula 1\u00ae como escenario global y Checo P\u00e9rez como embajador natural hacia los mercados hispanos, la alianza proyecta un alcance cultural y comercial sin precedentes.<\/p>\n","protected":false},"excerpt":{"rendered":"La F\u00f3rmula 1\u00ae se prepara para una nueva era con el debut del equipo Cadillac en 2026, acompa\u00f1ado&hellip;\n","protected":false},"author":2,"featured_media":132308,"comment_status":"","ping_status":"","sticky":false,"template":"","format":"standard","meta":{"footnotes":""},"categories":[270],"tags":[42266,5332,168,25,24,306,271,272,39951,42267,23,167],"class_list":{"0":"post-132307","1":"post","2":"type-post","3":"status-publish","4":"format-standard","5":"has-post-thumbnail","7":"category-formula-1","8":"tag-cadillac-f1","9":"tag-checo-perez","10":"tag-deportes","11":"tag-es","12":"tag-espana","13":"tag-f1","14":"tag-formula-1","15":"tag-formula1","16":"tag-jim-beam","17":"tag-patrocinadores-formula-1","18":"tag-spain","19":"tag-sports"},"share_on_mastodon":{"url":"","error":""},"_links":{"self":[{"href":"https:\/\/www.europesays.com\/es\/wp-json\/wp\/v2\/posts\/132307","targetHints":{"allow":["GET"]}}],"collection":[{"href":"https:\/\/www.europesays.com\/es\/wp-json\/wp\/v2\/posts"}],"about":[{"href":"https:\/\/www.europesays.com\/es\/wp-json\/wp\/v2\/types\/post"}],"author":[{"embeddable":true,"href":"https:\/\/www.europesays.com\/es\/wp-json\/wp\/v2\/users\/2"}],"replies":[{"embeddable":true,"href":"https:\/\/www.europesays.com\/es\/wp-json\/wp\/v2\/comments?post=132307"}],"version-history":[{"count":0,"href":"https:\/\/www.europesays.com\/es\/wp-json\/wp\/v2\/posts\/132307\/revisions"}],"wp:featuredmedia":[{"embeddable":true,"href":"https:\/\/www.europesays.com\/es\/wp-json\/wp\/v2\/media\/132308"}],"wp:attachment":[{"href":"https:\/\/www.europesays.com\/es\/wp-json\/wp\/v2\/media?parent=132307"}],"wp:term":[{"taxonomy":"category","embeddable":true,"href":"https:\/\/www.europesays.com\/es\/wp-json\/wp\/v2\/categories?post=132307"},{"taxonomy":"post_tag","embeddable":true,"href":"https:\/\/www.europesays.com\/es\/wp-json\/wp\/v2\/tags?post=132307"}],"curies":[{"name":"wp","href":"https:\/\/api.w.org\/{rel}","templated":true}]}}