{"id":132309,"date":"2025-09-22T18:27:20","date_gmt":"2025-09-22T18:27:20","guid":{"rendered":"https:\/\/www.europesays.com\/es\/132309\/"},"modified":"2025-09-22T18:27:20","modified_gmt":"2025-09-22T18:27:20","slug":"el-baskonia-pesca-en-la-g-league-y-ficha-a-markquis-nowell","status":"publish","type":"post","link":"https:\/\/www.europesays.com\/es\/132309\/","title":{"rendered":"El Baskonia pesca en la G League y ficha a Markquis Nowell"},"content":{"rendered":"<p data-mrf-recirculation=\"Links P\u00e1rrafos\" class=\"ue-c-article__paragraph paragraph ue-c-article--first-letter-highlighted\">El <strong>Baskonia <\/strong>anunci\u00f3 este domingo la incorporaci\u00f3n del base norteamericano <strong>Markquis Nowell<\/strong> hasta 2027.<\/p>\n<p data-mrf-recirculation=\"Links P\u00e1rrafos\" class=\"ue-c-article__paragraph paragraph\">El nuevo director de juego azulgrana tiene<strong> 25 a\u00f1os<\/strong> y procede de la segunda divisi\u00f3n estadounidense, la <strong>G-League<\/strong>, donde ha destacado por su capacidad anotadora y de pase a pesar de su <strong>172 cent\u00edmetros de altura.<\/strong><\/p>\n<p data-mrf-recirculation=\"Links P\u00e1rrafos\" class=\"ue-c-article__paragraph paragraph\">En la temporada 2024-25, de la mano de los <strong>R\u00edo Grande Valley<\/strong> Vipers de la liga de desarrollo, promedi\u00f3 <strong>16,1 puntos, 8,3 asistencias y 18,3 cr\u00e9ditos<\/strong> de valoraci\u00f3n en 49 partidos.<\/p>\n<p data-mrf-recirculation=\"Links P\u00e1rrafos\" class=\"ue-c-article__paragraph paragraph\">En su carrera solo jug\u00f3 un partido en la <strong>NBA<\/strong>, en los <strong>Toronto Raptors<\/strong>.<\/p>\n<p data-mrf-recirculation=\"Links P\u00e1rrafos\" class=\"ue-c-article__paragraph paragraph\">Antes, en la <strong>NCAA <\/strong>fue reconocido con el trofeo <strong>Bob Cousy <\/strong>que destaca al mejor base universitario. De hecho, entre otras actuaciones, dej\u00f3 huella con <strong>19 pases de canasta<\/strong>, que fue r\u00e9cord de asistencias en un partido universitario, <strong>en el torneo final de 2023.<\/strong><\/p>\n<p data-mrf-recirculation=\"Links P\u00e1rrafos\" class=\"ue-c-article__paragraph paragraph\">Se trata de \u00ab<strong>un director de juego din\u00e1mico y ambicioso que se pondr\u00e1 pr\u00f3ximamente manos a la obra con el resto de la plantilla azulgrana<\/strong>\u00ab, se\u00f1alaron desde el club.<\/p>\n","protected":false},"excerpt":{"rendered":"El Baskonia anunci\u00f3 este domingo la incorporaci\u00f3n del base norteamericano Markquis Nowell hasta 2027. El nuevo director de&hellip;\n","protected":false},"author":2,"featured_media":132310,"comment_status":"","ping_status":"","sticky":false,"template":"","format":"standard","meta":{"footnotes":""},"categories":[269],"tags":[299,298,168,25,24,23,167],"class_list":{"0":"post-132309","1":"post","2":"type-post","3":"status-publish","4":"format-standard","5":"has-post-thumbnail","7":"category-baloncesto","8":"tag-baloncesto","9":"tag-basketball","10":"tag-deportes","11":"tag-es","12":"tag-espana","13":"tag-spain","14":"tag-sports"},"share_on_mastodon":{"url":"","error":""},"_links":{"self":[{"href":"https:\/\/www.europesays.com\/es\/wp-json\/wp\/v2\/posts\/132309","targetHints":{"allow":["GET"]}}],"collection":[{"href":"https:\/\/www.europesays.com\/es\/wp-json\/wp\/v2\/posts"}],"about":[{"href":"https:\/\/www.europesays.com\/es\/wp-json\/wp\/v2\/types\/post"}],"author":[{"embeddable":true,"href":"https:\/\/www.europesays.com\/es\/wp-json\/wp\/v2\/users\/2"}],"replies":[{"embeddable":true,"href":"https:\/\/www.europesays.com\/es\/wp-json\/wp\/v2\/comments?post=132309"}],"version-history":[{"count":0,"href":"https:\/\/www.europesays.com\/es\/wp-json\/wp\/v2\/posts\/132309\/revisions"}],"wp:featuredmedia":[{"embeddable":true,"href":"https:\/\/www.europesays.com\/es\/wp-json\/wp\/v2\/media\/132310"}],"wp:attachment":[{"href":"https:\/\/www.europesays.com\/es\/wp-json\/wp\/v2\/media?parent=132309"}],"wp:term":[{"taxonomy":"category","embeddable":true,"href":"https:\/\/www.europesays.com\/es\/wp-json\/wp\/v2\/categories?post=132309"},{"taxonomy":"post_tag","embeddable":true,"href":"https:\/\/www.europesays.com\/es\/wp-json\/wp\/v2\/tags?post=132309"}],"curies":[{"name":"wp","href":"https:\/\/api.w.org\/{rel}","templated":true}]}}