{"id":132311,"date":"2025-09-22T18:28:07","date_gmt":"2025-09-22T18:28:07","guid":{"rendered":"https:\/\/www.europesays.com\/es\/132311\/"},"modified":"2025-09-22T18:28:07","modified_gmt":"2025-09-22T18:28:07","slug":"indignacion-en-francia-por-los-votos-a-bellingham-y-fabian","status":"publish","type":"post","link":"https:\/\/www.europesays.com\/es\/132311\/","title":{"rendered":"Indignaci\u00f3n en Francia por los votos a Bellingham y Fabi\u00e1n"},"content":{"rendered":"<p class=\"\"><b>Francia,<\/b> y m\u00e1s concretamente los aficionados del <b>PSG<\/b>, fueron un clamor tras el anuncio de las posiciones del ranking del <b>Bal\u00f3n de Oro<\/b> que se desvelaron poco a poco antes de la gala.<b> France Football,<\/b> medio encargado de entregar el premio, anunci\u00f3 en orden regresivo a los clasificados <b>del 30 al 11<\/b> en la votaci\u00f3n, y una de las decisiones levant\u00f3 m\u00e1s que ampollas en la capital francesa.<\/p>\n<p class=\"\">El medio franc\u00e9s anunci\u00f3 los clasificados del<b> 21 al 25<\/b>, y <b>Jude Bellingham <\/b>qued\u00f3 en una mejor posici\u00f3n que <b>Fabi\u00e1n Ruiz<\/b>, algo que se consider\u00f3 realmente injusto entre gran parte de los seguidores del <b>PSG<\/b> y del f\u00fatbol en general. De hecho, varias cuentas de informaci\u00f3n en redes dejaron su opini\u00f3n al respecto: <b>\u201cBellingham<\/b> est\u00e1 delante de <b>Fabi\u00e1n Ruiz<\/b>, es una gran broma\u201d, dijo alguna de ellas al momento de la noticia.<\/p>\n<p class=\"\">Uno de los grandes argumentos para esta decepci\u00f3n e indignaci\u00f3n es que el propio <b>Fabi\u00e1n Ruiz<\/b>, a la hora de enfrentar al <b>Madrid<\/b> y a <b>Bellingham<\/b>, fue autor de un doblete en la victoria por 4-0 del <b>PSG<\/b> en las semifinales del Mundial de Clubes. En aquel partido, <b>Bellingham<\/b> sali\u00f3 sustituido en el minuto 65, tras un discreto partido y el <b>Madrid<\/b> perdiendo por 3-0. <\/p>\n<blockquote class=\"twitter-tweet\">\n<p lang=\"fr\" dir=\"ltr\">\ud835\udddd\ud835\udde8\ud835\uddd7\ud835\uddd8 \ud835\uddd5\ud835\uddd8\ud835\udddf\ud835\udddf\ud835\udddc\ud835\udde1\ud835\uddda\ud835\udddb\ud835\uddd4\ud835\udde0 \ud83c\udff4\udb40\udc67\udb40\udc62\udb40\udc65\udb40\udc6e\udb40\udc67\udb40\udc7f \ud835\udde7\ud835\uddd8\ud835\udde5\ud835\udde0\ud835\udddc\ud835\udde1\ud835\uddd8 \ud835\uddd7\ud835\udde2\ud835\udde1\ud835\uddd6 \ud835\uddd7\ud835\uddd8\ud835\udde9\ud835\uddd4\ud835\udde1\ud835\udde7 \ud835\uddd9\ud835\uddd4\ud835\uddd5\ud835\udddc\ud835\uddd4\ud835\udde1 \ud835\udde5\ud835\udde8\ud835\udddc\ud835\udded \ud83c\uddea\ud83c\uddf8 \ud835\uddd4\ud835\udde8 <a href=\"https:\/\/twitter.com\/hashtag\/BallonDor?src=hash&amp;ref_src=twsrc%5Etfw\" rel=\"nofollow noopener\" target=\"_blank\">#BallonDor<\/a> \ud83d\ude31\ud83d\ude31 <a href=\"https:\/\/t.co\/8HoxOj9prK\" rel=\"nofollow\">pic.twitter.com\/8HoxOj9prK<\/a><\/p>\n<p>\u2014 BeFootball (@_BeFootball) <a href=\"https:\/\/twitter.com\/_BeFootball\/status\/1970158505056510093?ref_src=twsrc%5Etfw\" rel=\"nofollow noopener\" target=\"_blank\">September 22, 2025<\/a><\/p><\/blockquote>\n<p>Un a\u00f1o irrepetible<\/p>\n<p class=\"\">El de Los Palacios cuaj\u00f3 una de las mejores temporadas a nivel de logros a las que pod\u00eda optar. Pese a perder la <b>UEFA Nations League <\/b>en la final, <b>Fabi\u00e1n<\/b> fue fundamental en la consecuci\u00f3n de la primera <b>Champions League<\/b> de la historia del <b>PSG<\/b> y de conseguir un <b>triplete<\/b> hist\u00f3rico de la mano de <b>Luis Enrique. <\/b>Otra de las cuentas masivas se rio de forma ir\u00f3nica de las posiciones de <b>Fabi\u00e1n y Neves: \u201cFabi\u00e1n Ruiz<\/b> 24\u00ba, <b>Joao Neves<\/b> 19\u00ba&#8230;(risas)\u201d.<\/p>\n<p>Noticias relacionadas<\/p>\n<p class=\"\">Por otro lado, el a\u00f1o de <b>Bellingham<\/b> fue m\u00e1s que discreto. El ingl\u00e9s pas\u00f3 un a\u00f1o en blanco con el conjunto merengue y tuvo <b>picos de forma,<\/b> principalmente achacados a una dolencia en la clav\u00edcula y el hombro y que acabaron en una intervenci\u00f3n quir\u00fargica realizada este verano.<\/p>\n<p class=\"\"><b>\u00a1Tus opiniones importan!<\/b> Comenta en los art\u00edculos y suscr\u00edbete gratis a nuestra <a href=\"https:\/\/asfan.as.com\/newsletters\/\" target=\"_blank\" rel=\"nofollow noopener\" title=\"https:\/\/asfan.as.com\/newsletters\/\">newsletter<\/a> y a las alertas informativas en la <a href=\"https:\/\/as.com\/aplicacion-de-as-n\/\" target=\"_blank\" rel=\"nofollow noopener\" title=\"https:\/\/as.com\/aplicacion-de-as-n\/\">App<\/a> o el canal de <a href=\"https:\/\/www.whatsapp.com\/channel\/0029VaAasdA7j6g745nz9M10\" target=\"_blank\" rel=\"nofollow noopener\" title=\"https:\/\/www.whatsapp.com\/channel\/0029VaAasdA7j6g745nz9M10\">WhatsApp<\/a>. \u00bfBuscas licenciar contenido? Haz clic <a href=\"https:\/\/profesional.elpais.com\/soluciones-sindicacion?utm_medium=interno&amp;utm_source=crosslinking&amp;utm_campaign=sindicacion_as_pie_articulos\" target=\"_blank\" rel=\"nofollow noopener\" title=\"https:\/\/profesional.elpais.com\/soluciones-sindicacion?utm_medium=interno&amp;utm_source=crosslinking&amp;utm_campaign=sindicacion_as_pie_articulos\">aqu\u00ed<\/a><\/p>\n<p><script async src=\"https:\/\/platform.twitter.com\/widgets.js\" charset=\"utf-8\"><\/script><\/p>\n","protected":false},"excerpt":{"rendered":"Francia, y m\u00e1s concretamente los aficionados del PSG, fueron un clamor tras el anuncio de las posiciones del&hellip;\n","protected":false},"author":2,"featured_media":132312,"comment_status":"","ping_status":"","sticky":false,"template":"","format":"standard","meta":{"footnotes":""},"categories":[268],"tags":[168,25,24,280,282,281,23,167],"class_list":{"0":"post-132311","1":"post","2":"type-post","3":"status-publish","4":"format-standard","5":"has-post-thumbnail","7":"category-futbol","8":"tag-deportes","9":"tag-es","10":"tag-espana","11":"tag-football","12":"tag-futbol","13":"tag-soccer","14":"tag-spain","15":"tag-sports"},"share_on_mastodon":{"url":"","error":""},"_links":{"self":[{"href":"https:\/\/www.europesays.com\/es\/wp-json\/wp\/v2\/posts\/132311","targetHints":{"allow":["GET"]}}],"collection":[{"href":"https:\/\/www.europesays.com\/es\/wp-json\/wp\/v2\/posts"}],"about":[{"href":"https:\/\/www.europesays.com\/es\/wp-json\/wp\/v2\/types\/post"}],"author":[{"embeddable":true,"href":"https:\/\/www.europesays.com\/es\/wp-json\/wp\/v2\/users\/2"}],"replies":[{"embeddable":true,"href":"https:\/\/www.europesays.com\/es\/wp-json\/wp\/v2\/comments?post=132311"}],"version-history":[{"count":0,"href":"https:\/\/www.europesays.com\/es\/wp-json\/wp\/v2\/posts\/132311\/revisions"}],"wp:featuredmedia":[{"embeddable":true,"href":"https:\/\/www.europesays.com\/es\/wp-json\/wp\/v2\/media\/132312"}],"wp:attachment":[{"href":"https:\/\/www.europesays.com\/es\/wp-json\/wp\/v2\/media?parent=132311"}],"wp:term":[{"taxonomy":"category","embeddable":true,"href":"https:\/\/www.europesays.com\/es\/wp-json\/wp\/v2\/categories?post=132311"},{"taxonomy":"post_tag","embeddable":true,"href":"https:\/\/www.europesays.com\/es\/wp-json\/wp\/v2\/tags?post=132311"}],"curies":[{"name":"wp","href":"https:\/\/api.w.org\/{rel}","templated":true}]}}