{"id":132313,"date":"2025-09-22T18:29:13","date_gmt":"2025-09-22T18:29:13","guid":{"rendered":"https:\/\/www.europesays.com\/es\/132313\/"},"modified":"2025-09-22T18:29:13","modified_gmt":"2025-09-22T18:29:13","slug":"madre-soltera-de-su-hija-la-enfermedad-que-casi-acaba-con-ella-y-sus-dos-divorcios","status":"publish","type":"post","link":"https:\/\/www.europesays.com\/es\/132313\/","title":{"rendered":"madre soltera de su hija, la enfermedad que casi acaba con ella y sus dos divorcios"},"content":{"rendered":"<p><img decoding=\"async\" class=\"voc-author__img\" src=\"https:\/\/www.europesays.com\/es\/wp-content\/uploads\/2025\/08\/autor-5052-foto-4.png\" alt=\"Mar\u00eda Albert\"\/><\/p>\n<p class=\"voc-p\" style=\"\">Durante a\u00f1os, <strong>Esther Ca\u00f1adas<\/strong> (Albacete, 1977) fue considerada como una de las grandes <strong>&#8216;top model&#8217;<\/strong> internacionales gracias a su despampanante belleza, su impresionante 1,80 y su mirada de hielo. En los 90 trabaj\u00f3 para marcas de prestigio como Gucci, Dolce &amp; Gabbana, Versace, Chanel o <strong>Donna Karan<\/strong> y, para esta \u00faltima, la modelo espa\u00f1ola fue su <strong>gran musa<\/strong>. Fue a principios de los 2000 cuando, tras casi una d\u00e9cada sobre la pasarela, decidi\u00f3 decir adi\u00f3s al mundillo, obligada por una <a href=\"https:\/\/www.abc.es\/gente\/esther-canadas-sincera-sobre-desconocida-enfermedad-acaba-20230926141325-nt.html\" title=\"www.abc.es\" data-voc-vtm-id=\"in-text-traffic\" data-mrf-link=\"www.abc.es\" rel=\"nofollow noopener\" target=\"_blank\">enfermedad que estuvo a punto de acabar con ella<\/a>.<\/p>\n<p class=\"voc-p\" style=\"\">La castellanomanchega se retir\u00f3 discretamente, fue madre de su \u00fanica hija y pas\u00f3 muchos a\u00f1os alejada del sector de la moda, en el que se introdujo cuando <strong>apenas ten\u00eda 15 a\u00f1os<\/strong>. Ahora, casi tres d\u00e9cadas despu\u00e9s de saltar a la fama y con m\u00e1s vitalidad que nunca, ha vuelto a subirse a la pasarela para abrir y cerrar el <strong>desfile de Lola Casademunt<\/strong> en la Mercedes-Benz Fashion Week Madrid.<\/p>\n<p class=\"voc-p\" style=\"\">Sobre toda esta experiencia como modelo internacional y su complicada lucha contra este trastorno autoinmune hablar\u00e1 en su paso por <strong>&#8216;El Hormiguero&#8217;<\/strong>. Ca\u00f1adas acude este lunes 22 de septiembre al <a href=\"https:\/\/www.abc.es\/noticias\/pablo-motos\/\" title=\"www.abc.es\" data-voc-vtm-id=\"in-text-traffic\" data-mrf-link=\"www.abc.es\" rel=\"nofollow noopener\" target=\"_blank\">programa de Pablo Motos<\/a> como primera invitada de la semana y all\u00ed, sin duda, se abrir\u00e1 sobre su dura experiencia sobre las pasarelas y los motivos detr\u00e1s de su repentino adi\u00f3s a la moda.<\/p>\n<p class=\"voc-p\" style=\"\">Repasamos todo lo que debes saber sobre el lado m\u00e1s personal de <strong>Esther Ca\u00f1adas<\/strong>: desde sus inicios como modelo hasta sus parejas m\u00e1s famosas.<\/p>\n<p>\nDe estar casi arruinada a convertirse en &#8216;top model&#8217; de los 90\n<\/p>\n<p class=\"voc-p\" style=\"\">Los primeros trabajos de Esther Ca\u00f1adas le llegaron con apenas 15 a\u00f1os, cuando esta <strong>decidi\u00f3 mudarse a Barcelona<\/strong> para continuar con la profesi\u00f3n de modelo. A pesar de su belleza, mantenerse en la industria antes de que llegara su gran oportunidad internacional no fue nada sencillo y <strong>pas\u00f3 mucha hambre<\/strong>. \u00abRecuerdo estar sentada en la cocina de mi casa con 16 a\u00f1os mirando las facturas de la luz, del agua y tal con mi bol de arroz blanco diciendo <strong>&#8216;\u00bfyo c\u00f3mo voy a pagar esto ahora?&#8217;<\/strong>\u00bb, cont\u00f3 hace unos a\u00f1os en el p\u00f3dcast &#8216;A solas con&#8230;&#8217; de Vicky Mart\u00edn Berrocal.<\/p>\n<p class=\"voc-p\" style=\"\">Su salto al estrellato lleg\u00f3 casi por sorpresa: qued\u00f3 finalista en el <strong>concurso Supermodel of the World<\/strong> y el mundo de la moda por fin se abri\u00f3 ante ella. Pronto tuvo que dejar atr\u00e1s definitivamente las fronteras espa\u00f1olas y cruzar el Atl\u00e1ntico hasta Estados Unidos gracias a <strong>\u00abun booking directo de 30.000 d\u00f3lares\u00bb<\/strong>. La experiencia fue absolutamente bizarra para Ca\u00f1adas, que de pronto se vio inmersa en mundo de limusinas, ramos de flores de todos los agentes de Nueva York y constantes piropos de admiradores, todos ellos asombrados por su incre\u00edble belleza.<\/p>\n<p><img decoding=\"async\" loading=\"lazy\" src=\"https:\/\/www.europesays.com\/es\/wp-content\/uploads\/2025\/09\/esther-canadas-naomi-kINI--760x427@diario_abc.jpg\" class=\"voc-img\" width=\"760\" height=\"427\" alt=\"Esther Ca\u00f1adas junto a Naomi Campbell tras la muerte del dise\u00f1ador Gianni Versace\" data-voc-vtm-id=\"in-text-traffic\"\/><\/p>\n<p>Esther Ca\u00f1adas junto a Naomi Campbell tras la muerte del dise\u00f1ador Gianni Versace<\/p>\n<p>REUTERS<\/p>\n<p class=\"voc-p\" style=\"\">\u00ab<strong>Me pasaban notas debajo de la puerta de la habitaci\u00f3n<\/strong>, me ven\u00eda un camarero y me dec\u00eda &#8216;perdone, hay un se\u00f1or que quiere hablar con usted si usted cruza la calle&#8230;&#8217;. Era todo como una locura. Llamaba a mi agente en Espa\u00f1a, a cobro revertido por supuesto, porque <strong>no ten\u00eda ni un duro<\/strong>, y le preguntaba &#8216;\u00bfpero qu\u00e9 est\u00e1 pasando?&#8217; y me dec\u00eda &#8216;no tengo ni idea\u00bb, ha rememorado ante la dise\u00f1adora de moda, recordando sus primeros a\u00f1os en las pasarelas internacionales.<\/p>\n<p class=\"voc-p\" style=\"\">A la hora de elegir un agente, se qued\u00f3 con el \u00fanico que le dijo que s\u00ed a la l\u00ednea roja que marc\u00f3: <strong>desfilar en la Semana de la Moda<\/strong>, que empezaba en tres d\u00edas. \u00abSe mor\u00edan de la risa. Para hacer los desfiles, lo normal es cerrarlos tres meses antes. Si no eres conocida, no puedes llegar y decir de desfilar. Hubo un agente que me dijo que &#8216;s\u00ed&#8217; y me fui con \u00e9l\u00bb, explic\u00f3 la modelo, que se sum\u00f3 a todos los desfiles que pudo durante su primera temporada en Nueva York.<\/p>\n<p class=\"voc-p\" style=\"\">A pesar de haber conseguido esto, Esther Ca\u00f1adas consigui\u00f3 <strong>mantenerse humilde<\/strong> gracias a sus primeros y horribles a\u00f1os como modelo: \u00abMucha gente cree que va a seguir teniendo los pies en la tierra, todos lo creemos, pero cuando te pasa es complicado reaccionar. Me ha ayudado tener un pasado de pasar hambre y de patearte ciudades&#8230; <strong>Si no trabajaba, no com\u00eda<\/strong>\u00bb.<\/p>\n<p>\nDos divorcios y su \u00faltima pareja conocida\n<\/p>\n<p class=\"voc-p\" style=\"\">Durante sus primeros a\u00f1os como &#8216;top model&#8217;, la albacete\u00f1a tambi\u00e9n se convirti\u00f3 en todo un personaje de la prensa del coraz\u00f3n. En 1997, durante la campa\u00f1a con la que Donna Karan present\u00f3 <strong>su perfume DKNY The Fragance<\/strong>, esta coincidi\u00f3 con el que terminar\u00eda siendo su primer marido: <strong>el modelo Mark Vanderloo<\/strong>. Ella ten\u00eda 19 a\u00f1os y \u00e9l, 29, pero esto no evit\u00f3 que entre ambos surgiera una relaci\u00f3n.<\/p>\n<p><img decoding=\"async\" loading=\"lazy\" src=\"https:\/\/www.europesays.com\/es\/wp-content\/uploads\/2025\/09\/esther-canadas-mark-kINI--760x427@diario_abc.jpg\" class=\"voc-img\" width=\"760\" height=\"427\" alt=\"Esther Ca\u00f1adas se cas\u00f3 en 1999 con el modelo Mark Vanderloo, del que se separ\u00f3 apenas un a\u00f1o despu\u00e9s\" data-voc-vtm-id=\"in-text-traffic\"\/><\/p>\n<p>Esther Ca\u00f1adas se cas\u00f3 en 1999 con el modelo Mark Vanderloo, del que se separ\u00f3 apenas un a\u00f1o despu\u00e9s<\/p>\n<p>EFE<\/p>\n<p class=\"voc-p\" style=\"\">Apenas dos a\u00f1os despu\u00e9s de conocerse gracias a este spot, la pareja contra\u00eda matrimonio en una rom\u00e1ntica ceremonia celebrada en la <strong>Toscana italiana<\/strong>. En una entrevista para la revista \u00a1HOLA!, esta asegur\u00f3 que le hab\u00eda \u00abpedido a Dios lo que todas las novias le piden\u00bb: \u00ab<strong>Quiero que sea para siempre<\/strong>\u2026 Hay que pedirle que el matrimonio dure hasta que la muerte nos separe\u00bb. Sus s\u00faplicas no se cumplieron, pues la bell\u00edsima pareja <strong>se separaba apenas un a\u00f1o despu\u00e9s<\/strong> de su boda.<\/p>\n<p class=\"voc-p\" style=\"\">No fue este el \u00fanico romance breve que protagoniz\u00f3 Esther Ca\u00f1adas, que <strong>volvi\u00f3 a casarse en 2007<\/strong> con el piloto de motos <strong>Sete Gibernau<\/strong>. Ambos llevaban cuatro a\u00f1os de relaci\u00f3n antes de pasar por el altar, aunque su matrimonio apenas dur\u00f3 despu\u00e9s de darse el &#8216;s\u00ed, quiero&#8217;: el motorista y la modelo <strong>se separaron un a\u00f1o despu\u00e9s<\/strong> del enlace.<\/p>\n<p><img decoding=\"async\" loading=\"lazy\" src=\"https:\/\/www.europesays.com\/es\/wp-content\/uploads\/2025\/09\/5673308-kINI--760x427@diario_abc.jpg\" class=\"voc-img\" width=\"760\" height=\"427\" alt=\"La supermodelo espa\u00f1ola tambi\u00e9n pas\u00f3 por el altar en 2007 con el piloto de motos Sete Gibernau\" data-voc-vtm-id=\"in-text-traffic\"\/><\/p>\n<p>La supermodelo espa\u00f1ola tambi\u00e9n pas\u00f3 por el altar en 2007 con el piloto de motos Sete Gibernau<\/p>\n<p>ABC<\/p>\n<p class=\"voc-p\" style=\"\">En 2013 volvi\u00f3 a enamorarse, esta vez del empresario y actor indio <strong>Vikram Chatwall<\/strong>, con el que lleg\u00f3 a estar <strong>comprometida<\/strong>. No obstante, en 2014 ambos rompieron su relaci\u00f3n y este acus\u00f3 a la supermodelo de <strong>haber huido a M\u00e9xico con un anillo de compromiso<\/strong> valorado en 300.000 d\u00f3lares. <\/p>\n<p class=\"voc-p\" style=\"\">La \u00faltima relaci\u00f3n que se le atribuye fue con el arquitecto e ingeniero valenciano <strong>Jos\u00e9 Barea<\/strong>, junto al que fue fotografiada en Ibiza hace cuatro a\u00f1os y del que no se ha vuelto a saber mucho m\u00e1s.<\/p>\n<p>\nLa desconocida enfermedad que casi acaba con Esther Ca\u00f1adas\n<\/p>\n<p class=\"voc-p\" style=\"\">Hace m\u00e1s de una d\u00e9cada, Esther Ca\u00f1adas fue diagnosticada de <strong>vasculitis<\/strong>, una <strong>enfermedad inmunol\u00f3gica<\/strong> que produce la inflamaci\u00f3n de los vasos sangu\u00edneos, que estuvo a punto de acabar con su vida en varias ocasiones. \u00abLo tengo muy presente, <strong>me pod\u00eda haber quedado ah\u00ed<\/strong> y no estar hoy contigo. S\u00e9 que lo he vivido y doy las gracias por estar aqu\u00ed\u00bb, cont\u00f3 la modelo en el podcast de Vicky Mart\u00edn Berrocal. <\/p>\n<p class=\"voc-p\" style=\"\">Ahora, ya curada, esta admiti\u00f3 que lo que peor lleva es no poder aconsejar a las personas que sufren enfermedades parecidas y le piden consejo: \u00ab<strong>Son enfermedades muy complicadas<\/strong> y en muchos casos cr\u00f3nicas. No es algo f\u00e1cil de vivir, de manejar y, sobre todo, de curar. He estado <strong>seis a\u00f1os de mi vida luchando por salir<\/strong> de un sitio que era muy dif\u00edcil. <strong>Tuve dos o tres momentos de decir &#8216;este d\u00eda aqu\u00ed te quedas&#8217;<\/strong>. Cuando vi que no avanzaba, me puse hasta de voluntaria experimental, ten\u00eda que haber una cura\u00bb.<\/p>\n<p class=\"voc-title\">\u00abHe estado seis a\u00f1os de mi vida luchando por salir de un sitio que era muy dif\u00edcil. Tuve dos o tres momentos de decir &#8216;este d\u00eda aqu\u00ed te quedas&#8217;\u00bb<\/p>\n<p class=\"voc-p\" style=\"\">La modelo <strong>vivi\u00f3 todo este trance sola<\/strong>, algo que ha admitido que le ha ayudado a darse cuenta de que puede hacerle frente a todo. Tiempo despu\u00e9s de conocer su diagn\u00f3stico, Ca\u00f1adas decidi\u00f3 abandonar el mundo de la moda y <strong>mudarse a M\u00e9xico<\/strong>, tras meses tratando de compaginar su vida sobre las pasarelas con este trastorno.<\/p>\n<p class=\"voc-p\" style=\"\">\u00abEra un desastre todo, <strong>ten\u00eda much\u00edsimos efectos secundarios<\/strong> que un d\u00eda eran unos y otro d\u00eda, otros. A m\u00ed todas las anal\u00edticas me sal\u00edan bien, pero <strong>me explotaban todos los vasos capilares del cuerpo<\/strong> a la vez. <strong>Viv\u00eda con un 10% de mi energ\u00eda<\/strong>, ten\u00eda receta de reposo absoluto de por vida. Es la primera vez que lo cuento, son cosas que no suelo decir\u00bb, revel\u00f3 en exclusiva en esta charla.<\/p>\n<p class=\"voc-title\">\u00abMe explotaban todos los vasos capilares del cuerpo a la vez. Viv\u00eda con un 10% de mi energ\u00eda, ten\u00eda receta de reposo absoluto de por vida\u00bb<\/p>\n<p class=\"voc-p\" style=\"\">A pesar de estos problemas que tuvo para salir adelante, siempre tuvo claro que no deb\u00eda rendirse si quer\u00eda salir adelante y hacer frente a la enfermedad: \u00abHubo una \u00e9poca en la que dije que, si era algo que hab\u00eda creado, tambi\u00e9n pod\u00eda curarme. Me puse a meditar con monjes, <strong>he hecho todo mentalmente y f\u00edsicamente para salir de ah\u00ed<\/strong>&#8230; Lo \u00fanico que puedo decirle a toda la gente que me pregunta es que no te tienes que rendir, tienes que seguir ah\u00ed porque <strong>en alg\u00fan momento hay una puerta<\/strong>. No pasa nada por estar mal, pero hay que volver\u00bb, ha recalcado.<\/p>\n<p>\nEl nacimiento de su hija Galia, el gran amor de su vida\n<\/p>\n<p class=\"voc-p\" style=\"\">Durante este tiempo que pas\u00f3 alejada de las pasarelas, Esther Ca\u00f1adas se convirti\u00f3 en <strong>madre de su \u00fanica hija, Galia<\/strong>, que se ha convertido en el gran amor de su vida. \u00ab<strong>Mi hija es mi vida entera<\/strong>, es una maravilla. Es espabilada, es divertida, me lo paso genial con ella\u00bb, le explic\u00f3 a Mart\u00edn Berrocal en su charla para YouTube.<\/p>\n<p class=\"voc-p\" style=\"\">Aunque la enfermedad la apart\u00f3 de su labor profesional, este tiempo tambi\u00e9n le permiti\u00f3 centrarse por completo en la maternidad, algo que no habr\u00eda podido hacer por su anterior trabajo: \u00ab<strong>Yo tuvo la suerte infinita de poder criar a mi hija y dedicarme a ella<\/strong>. No me he perdido nada y eso no me lo quita nadie, eso es un regalo\u00bb.<\/p>\n<p class=\"voc-p\" style=\"\">A\u00fan as\u00ed, para Ca\u00f1adas <strong>no fue una tarea f\u00e1cil ser madre soltera<\/strong> de la peque\u00f1a. La modelo ha criado en solitario a la peque\u00f1a, de 10 a\u00f1os, y nunca ha revelado la identidad del padre. De hecho, esta ha comentado que tambi\u00e9n <strong>ha tenido \u00abmomentos dif\u00edciles\u00bb<\/strong> en los que \u00abse te vuelca el coraz\u00f3n\u00bb, aunque las grandes alegr\u00edas que le ha tra\u00eddo han merecido la pena.<\/p>\n<p>Reportar un error<\/p>\n","protected":false},"excerpt":{"rendered":"Durante a\u00f1os, Esther Ca\u00f1adas (Albacete, 1977) fue considerada como una de las grandes &#8216;top model&#8217; internacionales gracias a&hellip;\n","protected":false},"author":2,"featured_media":132314,"comment_status":"","ping_status":"","sticky":false,"template":"","format":"standard","meta":{"footnotes":""},"categories":[174],"tags":[42268,255,146,147,25,24,5975,256,23,2606],"class_list":{"0":"post-132313","1":"post","2":"type-post","3":"status-publish","4":"format-standard","5":"has-post-thumbnail","7":"category-famosos","8":"tag-canadas","9":"tag-celebrities","10":"tag-entertainment","11":"tag-entretenimiento","12":"tag-es","13":"tag-espana","14":"tag-esther","15":"tag-famosos","16":"tag-spain","17":"tag-vida"},"share_on_mastodon":{"url":"","error":""},"_links":{"self":[{"href":"https:\/\/www.europesays.com\/es\/wp-json\/wp\/v2\/posts\/132313","targetHints":{"allow":["GET"]}}],"collection":[{"href":"https:\/\/www.europesays.com\/es\/wp-json\/wp\/v2\/posts"}],"about":[{"href":"https:\/\/www.europesays.com\/es\/wp-json\/wp\/v2\/types\/post"}],"author":[{"embeddable":true,"href":"https:\/\/www.europesays.com\/es\/wp-json\/wp\/v2\/users\/2"}],"replies":[{"embeddable":true,"href":"https:\/\/www.europesays.com\/es\/wp-json\/wp\/v2\/comments?post=132313"}],"version-history":[{"count":0,"href":"https:\/\/www.europesays.com\/es\/wp-json\/wp\/v2\/posts\/132313\/revisions"}],"wp:featuredmedia":[{"embeddable":true,"href":"https:\/\/www.europesays.com\/es\/wp-json\/wp\/v2\/media\/132314"}],"wp:attachment":[{"href":"https:\/\/www.europesays.com\/es\/wp-json\/wp\/v2\/media?parent=132313"}],"wp:term":[{"taxonomy":"category","embeddable":true,"href":"https:\/\/www.europesays.com\/es\/wp-json\/wp\/v2\/categories?post=132313"},{"taxonomy":"post_tag","embeddable":true,"href":"https:\/\/www.europesays.com\/es\/wp-json\/wp\/v2\/tags?post=132313"}],"curies":[{"name":"wp","href":"https:\/\/api.w.org\/{rel}","templated":true}]}}