{"id":132315,"date":"2025-09-22T18:31:08","date_gmt":"2025-09-22T18:31:08","guid":{"rendered":"https:\/\/www.europesays.com\/es\/132315\/"},"modified":"2025-09-22T18:31:08","modified_gmt":"2025-09-22T18:31:08","slug":"cinco-talleres-de-literatura-a-la-semana-en-la-biblioteca","status":"publish","type":"post","link":"https:\/\/www.europesays.com\/es\/132315\/","title":{"rendered":"Cinco talleres de literatura a la semana en la biblioteca"},"content":{"rendered":"<p class=\"v-mdl-ath__p v-mdl-ath__p--2\">\nI\u00f1igo Aristizabal\n<\/p>\n<p class=\"v-mdl-ath__p v-mdl-ath__p--3\">\nHONDARRIBIA.\n<\/p>\n<p class=\"v-mdl-ath__p v-mdl-ath__p--6\">\nLunes, 22 de septiembre 2025, 20:23<\/p>\n<p class=\"v-p\"> Queda poco para que arranque un nuevo curso de los talleres de literatura de Zuloaga Etxea y pocas plazas tambi\u00e9n son las que hay disponibles. El jueves se cerrar\u00e1 el plazo de inscripci\u00f3n y las personas interesadas pueden inscribirse presencialmente en Zuloaga Etxea, llamando al tel\u00e9fono 943 11 12 85 o en la web www.hondarribia.eus.<\/p>\n<p class=\"v-p\">Los talleres ofrecen a los participantes la oportunidad de intercambiar impresiones sobre las obras y mantener conversaciones enriquecedoras. El objetivo es fomentar el gusto por la lectura y promover el debate literario entre las\/los participantes.<\/p>\n<p class=\"v-p\">El taller &#8216;Cita con el libro&#8217; se desarrolla los martes y mi\u00e9rcoles, de 16.15 a 17.45. En el mismo horario, pero los jueves, es la cita de la literatura y an\u00e1lisis en euskera, &#8216;Liburuaren hitzordua&#8217;. Esos tres d\u00edas la coordinadora de las sesiones es la escritora y guionista Yurre Ugarte. <\/p>\n<p class=\"v-p\">En lo que queda de a\u00f1o, en &#8216;Cita con el libro&#8217; se trabajar\u00e1n &#8216;Un detalle menor&#8217;, de Adania Shibli (7 y 8 de octubre), &#8216;Nosotros no ahorcamos a nadie&#8217; de Unai Elorriaga (4 y 5 de noviembre) y &#8216;Maddi y las fronteras&#8217; de Edurne Portela (2 y 3 de diciembre) mientras que las lecturas en euskera ser\u00e1n &#8216;Mundu zitalaren kontra&#8217; de Lizar Bego\u00f1a (16 de octubre), &#8216;Monogamoak&#8217; de I\u00f1igo Astiz (13 de noviembre) y &#8216;Detalle xume bat&#8217; de Adania Xibli (11 de diciembre). En cada taller habr\u00e1 otras seis sesiones en 2026, hasta junio.<\/p>\n<p class=\"v-p\">A estas tres citas entre semana hay que sumarle otras dos los s\u00e1bados, una en castellano y otra en euskera. <\/p>\n<p class=\"v-p\">De 11.30 a 13.00 se desarolla &#8216;Un s\u00e1bado, un libro&#8217;, coordinado por Mertxe Tranche, y la novedad para este curso es que Maite Darceles coge el testigo de Ane Garc\u00eda al frente de &#8216;Pentsagune Feminista&#8217;, de 11.00 a 13.00.<\/p>\n<p class=\"v-p\">El objetivo de este taller es explorar diferentes aspectos del feminismo a trav\u00e9s de una variedad de lecturas, creando un espacio seguro y enriquecedor para la discusi\u00f3n. Darceles es una consultora que trabaja con organizaciones, empresas y colectivos diversos, tambi\u00e9n es escritora.<\/p>\n<p class=\"v-p\">Los libros de 2025 ser\u00e1n &#8216;Caliban eta sorginak&#8217; de Silvia Federici (18 de octubre), &#8216;La fantas\u00eda de la individualidad&#8217; de Almudena Hernando (15 de noviembre) y &#8216;El c\u00e1liz y la espada&#8217; de Riane Eisler (13 de diciembre).<\/p>\n<p>Comenta<\/p>\n<p>Reporta un error<\/p>\n","protected":false},"excerpt":{"rendered":"I\u00f1igo Aristizabal HONDARRIBIA. Lunes, 22 de septiembre 2025, 20:23 Queda poco para que arranque un nuevo curso de&hellip;\n","protected":false},"author":2,"featured_media":132316,"comment_status":"","ping_status":"","sticky":false,"template":"","format":"standard","meta":{"footnotes":""},"categories":[172],"tags":[8930,224,5810,146,147,25,24,225,671,773,23,7830],"class_list":{"0":"post-132315","1":"post","2":"type-post","3":"status-publish","4":"format-standard","5":"has-post-thumbnail","7":"category-libros","8":"tag-biblioteca","9":"tag-books","10":"tag-cinco","11":"tag-entertainment","12":"tag-entretenimiento","13":"tag-es","14":"tag-espana","15":"tag-libros","16":"tag-literatura","17":"tag-semana","18":"tag-spain","19":"tag-talleres"},"share_on_mastodon":{"url":"","error":""},"_links":{"self":[{"href":"https:\/\/www.europesays.com\/es\/wp-json\/wp\/v2\/posts\/132315","targetHints":{"allow":["GET"]}}],"collection":[{"href":"https:\/\/www.europesays.com\/es\/wp-json\/wp\/v2\/posts"}],"about":[{"href":"https:\/\/www.europesays.com\/es\/wp-json\/wp\/v2\/types\/post"}],"author":[{"embeddable":true,"href":"https:\/\/www.europesays.com\/es\/wp-json\/wp\/v2\/users\/2"}],"replies":[{"embeddable":true,"href":"https:\/\/www.europesays.com\/es\/wp-json\/wp\/v2\/comments?post=132315"}],"version-history":[{"count":0,"href":"https:\/\/www.europesays.com\/es\/wp-json\/wp\/v2\/posts\/132315\/revisions"}],"wp:featuredmedia":[{"embeddable":true,"href":"https:\/\/www.europesays.com\/es\/wp-json\/wp\/v2\/media\/132316"}],"wp:attachment":[{"href":"https:\/\/www.europesays.com\/es\/wp-json\/wp\/v2\/media?parent=132315"}],"wp:term":[{"taxonomy":"category","embeddable":true,"href":"https:\/\/www.europesays.com\/es\/wp-json\/wp\/v2\/categories?post=132315"},{"taxonomy":"post_tag","embeddable":true,"href":"https:\/\/www.europesays.com\/es\/wp-json\/wp\/v2\/tags?post=132315"}],"curies":[{"name":"wp","href":"https:\/\/api.w.org\/{rel}","templated":true}]}}