{"id":132317,"date":"2025-09-22T18:32:11","date_gmt":"2025-09-22T18:32:11","guid":{"rendered":"https:\/\/www.europesays.com\/es\/132317\/"},"modified":"2025-09-22T18:32:11","modified_gmt":"2025-09-22T18:32:11","slug":"trump-contra-las-estrellas-de-los-late-shows-como-el-episodio-jimmy-kimmel-pone-en-jaque-a-la-tv-de-ee-uu","status":"publish","type":"post","link":"https:\/\/www.europesays.com\/es\/132317\/","title":{"rendered":"Trump contra las estrellas de los late shows: c\u00f3mo el episodio Jimmy Kimmel pone en jaque a la TV de EE.UU."},"content":{"rendered":"<p class=\"article-body__paragraph\"><b>Los late shows suelen estar en el centro de debate de Estados Unidos<\/b>. Con bromas m\u00e1s \u00e1cidas o con humor m\u00e1s ligero, el formato tiene en su esencia responder a la contingencia nacional y mundial mediante la comedia, y generar toda clase de reacciones en el p\u00fablico y la clase pol\u00edtica. Sin embargo, el asunto ha tomado otro color durante el segundo mandato de <a href=\"https:\/\/www.latercera.com\/etiqueta\/donald-trump\/\" target=\"_self\" rel=\"nofollow noopener\" title=\"https:\/\/www.latercera.com\/etiqueta\/donald-trump\/\">Donald Trump<\/a>.<\/p>\n<p class=\"article-body__paragraph\">El pasado 17 de septiembre ABC anunci\u00f3 la suspensi\u00f3n indefinida de Jimmy Kimmel Live! tras los comentarios del presentador sobre <a href=\"https:\/\/www.latercera.com\/etiqueta\/tyler-robinson\/\" target=\"_self\" rel=\"nofollow noopener\" title=\"https:\/\/www.latercera.com\/etiqueta\/tyler-robinson\/\">Tyler Robinson<\/a>, sospechoso de haber asesinado al activista conservador <a href=\"https:\/\/www.latercera.com\/etiqueta\/charlie-kirk\/\" target=\"_self\" rel=\"nofollow noopener\" title=\"https:\/\/www.latercera.com\/etiqueta\/charlie-kirk\/\">Charlie Kirk<\/a> el pasado 10 de septiembre.<\/p>\n<p><img alt=\"\" class=\"global-image\" decoding=\"async\"  src=\"https:\/\/www.europesays.com\/es\/wp-content\/uploads\/2025\/09\/5F6J72SXBJFF3DZ6KGS6Y2Z7BI.jpg\"  fetchpriority=\"low\" loading=\"lazy\"\/>Foto: REUTERS. <\/p>\n<p class=\"article-body__paragraph\">\u201cLa pandilla MAGA est\u00e1 tratando desesperadamente de caracterizar a este chico que asesin\u00f3 a Charlie Kirk como cualquier cosa que no sea uno de los suyos y <b>haciendo todo lo posible para sacar provecho pol\u00edtico de ello<\/b>\u201d, indic\u00f3 la noche del lunes 15.<\/p>\n<p class=\"article-body__paragraph\">La decisi\u00f3n del canal se produjo tras las duras cr\u00edticas del presidente de la Comisi\u00f3n Federal de Comunicaciones, Brendan Carr (nominado por Trump en noviembre de 2024), y el repudio de Nexstar, empresa que opera varias cadenas afiliadas a ABC y emite el programa de Kimmel. Otra gran empresa, Sinclair, anunci\u00f3 que no emitir\u00eda el espacio e incluso cit\u00f3 los comentarios de Carr en un comunicado.<\/p>\n<p class=\"article-body__paragraph\">Aunque la Casa Blanca neg\u00f3 haber tenido alg\u00fan grado de injerencia en la medida, la respuesta del mandatario fue elocuente. \u201cUna excelente noticia para Estados Unidos\u201d, escribi\u00f3 en la red social Truth Social. \u201cFelicitaciones a ABC por finalmente tener el valor de hacer lo que era necesario. Kimmel no tiene ning\u00fan talento y sus \u00edndices de audiencia son peores incluso que los de Colbert, si eso es posible. <b>Eso deja a Jimmy y a Seth, dos fracasados \u200b\u200btotales<\/b>, en la cadena de noticias falsas NBC. Sus \u00edndices de audiencia tambi\u00e9n son p\u00e9simos. \u00a1NBC, hagan lo mismo!\u201d.<\/p>\n<p class=\"article-body__paragraph\">En otras palabras, Trump hizo poco por acallar las voces que afirman que est\u00e1 en una guerra con los presentadores de los late shows de la televisi\u00f3n estadounidense, quienes han sido cr\u00edticos de su gesti\u00f3n e identifica como enemigos pol\u00edticos.<\/p>\n<p><img alt=\"\" class=\"global-image\" decoding=\"async\"  src=\"https:\/\/www.europesays.com\/es\/wp-content\/uploads\/2025\/09\/QXXMN6BPNZAQTDRWB3ZKAW7RXM.jpg\"  fetchpriority=\"low\" loading=\"lazy\"\/><\/p>\n<p class=\"article-body__paragraph\">El anterior cap\u00edtulo de esa disputa se remota a julio de este a\u00f1o. <b>Aunque la cadena argument\u00f3 que la decisi\u00f3n pas\u00f3 por motivos financieros<\/b>, la lectura m\u00e1s amplia detr\u00e1s de la cancelaci\u00f3n de The Late Show with Stephen Colbert fue que CBS intent\u00f3 hacer un gesto al presidente. <\/p>\n<p class=\"article-body__paragraph\">\u00bfPor qu\u00e9? Colbert ha cuestionado a Trump en distintos momentos, y CBS hab\u00eda reci\u00e9n alcanzado un acuerdo con Trump, por el cual la cadena se comprometi\u00f3 a pagar US$ 16 millones en gastos de representaci\u00f3n y donaciones a la biblioteca presidencial del mandatario, luego de que \u00e9l acusara al programa 60 Minutes de \u201cinclinar la balanza a favor del Partido Dem\u00f3crata\u201d durante la elecci\u00f3n presidencial de 2024.<\/p>\n<p class=\"article-body__paragraph\">Trump fue claro en que ahora espera que sufran el mismo destino The Tonight Show Starring Jimmy Fallon y Late Night with Seth Meyers, emitidos por la cadena NBC. <b>Pese a que ambos programas est\u00e1n bajo amenaza, sus conductores se refirieron al episodio Kimmel<\/b>.<\/p>\n<p class=\"article-body__paragraph\">\u201cNo s\u00e9 qu\u00e9 est\u00e1 pasando y nadie lo sabe. Pero conozco a Jimmy Kimmel y es un tipo decente, divertido y cari\u00f1oso, y espero que regrese\u201d, expres\u00f3 Fallon. Por su parte, Meyers ironiz\u00f3 al decir que \u201csiempre he admirado y respetado al se\u00f1or Trump\u201d, aunque luego, en un tono m\u00e1s serio, declar\u00f3: \u201cHay una raz\u00f3n por la que la libertad de expresi\u00f3n est\u00e1 incluida en la Primera Enmienda. Est\u00e1 por encima de todas las dem\u00e1s\u201d.<\/p>\n<p class=\"article-body__paragraph\">Colbert, cuyo programa saldr\u00e1 de pantalla en mayo de 2026, tambi\u00e9n se refiri\u00f3 a la pol\u00e9mica. \u201cEsta noche todos somos Jimmy Kimmel\u201d, apunt\u00f3, junto con asegurar que la medida era un \u201c<b>flagrante ataque a la libertad de expresi\u00f3n<\/b>\u201d.<\/p>\n<p><img alt=\"\" class=\"global-image\" decoding=\"async\"  src=\"https:\/\/www.europesays.com\/es\/wp-content\/uploads\/2025\/09\/QTTS72K52NGSPNYETOZD7DNAK4.jpg\"  fetchpriority=\"low\" loading=\"lazy\"\/><\/p>\n<p class=\"article-body__paragraph\">Otro que contest\u00f3 recurriendo al humor fue Jon Stewart. Su cap\u00edtulo del jueves present\u00f3 \u201cel nuevo Daily Show, aprobado por el gobierno y presentado por el patri\u00f3ticamente obediente Jon Stewart\u201d. En un segmento que no estuvo ajeno de comedia, entrevist\u00f3 a Maria Ressa, periodista filipina y premio Nobel de la Paz, que present\u00f3 su libro C\u00f3mo luchar contra un dictador.<\/p>\n<p class=\"article-body__paragraph\">El m\u00e1s enf\u00e1tico de todos probablemente ha sido John Oliver. \u201cKimmel no denigr\u00f3 a Charlie Kirk ni banaliz\u00f3 su asesinato\u201d, sostuvo, junto con emplazar a Bob Iger, CEO de Disney, m\u00e1ximo responsable de que el programa de Jimmy Kimmel haya sido suspendido. \u201c<b>Darle el dinero del almuerzo al bully no lo hace desaparecer<\/b>, s\u00f3lo regresa con m\u00e1s hambre cada vez. Nunca van a parar\u201d, advirti\u00f3, instando a la compa\u00f1\u00eda a no ceder por conveniencia o ganancias. <\/p>\n<p>La reacci\u00f3n de Pascal y Ruffalo<\/p>\n<p class=\"article-body__paragraph\">Las muestras de apoyo hacia Jimmy Kimmel han trascendido el mundo de la televisi\u00f3n. Las reacciones incluso alcanzaron a figuras ligadas a Disney. Pedro Pascal, protagonista de The Mandalorian y Los Cuatro Fant\u00e1sticos: Primeros pasos, poste\u00f3 en su cuenta de Instagram: \u201c\u00a1Estoy contigo, Jimmy Kimmel Live!\u201d. Y al subir una foto con el presentador, se\u00f1al\u00f3: \u201cDefendamos la libertad de expresi\u00f3n\u201d y \u201cdefendamos la democracia\u201d.<\/p>\n<p class=\"article-body__paragraph\">Mark Ruffalo, quien encarna a Bruce Banner\/Hulk en las pel\u00edculas de Marvel, comparti\u00f3 una noticia que indicaba que las acciones de Disney hab\u00edan ca\u00eddo un 7% tras la suspensi\u00f3n del programa. \u201cCaer\u00e1n a\u00fan m\u00e1s si cancelan su programa. <b>Disney no quiere ser la responsable de la debacle de Estados Unidos<\/b>\u201d, indic\u00f3.<\/p>\n<p><img alt=\"\" class=\"global-image\" decoding=\"async\"  src=\"https:\/\/www.europesays.com\/es\/wp-content\/uploads\/2025\/09\/VFWZRWJSDVEQ5INA45QHFLLMMA.jpg\"  fetchpriority=\"low\" loading=\"lazy\"\/><\/p>\n<p class=\"article-body__paragraph\">En medio del revuelo, otras figuras \u2013como Marisa Tomei y Tatiana Maslany\u2013llamaron a tomar acciones concretas: cancelar la suscripci\u00f3n a Disney+, la plataforma de streaming de la compa\u00f1\u00eda.<\/p>\n<p class=\"article-body__paragraph\">Durante las \u00faltimas horas se ha reportado que Disney y el equipo de Jimmy Kimmel han manteniod conversaciones en torno a un eventual regreso del espacio, <b>pero por ahora no han llegado a ning\u00fan tipo de acuerdo<\/b>.<\/p>\n","protected":false},"excerpt":{"rendered":"Los late shows suelen estar en el centro de debate de Estados Unidos. Con bromas m\u00e1s \u00e1cidas o&hellip;\n","protected":false},"author":2,"featured_media":132318,"comment_status":"","ping_status":"","sticky":false,"template":"","format":"standard","meta":{"footnotes":""},"categories":[171],"tags":[15171,352,146,147,25,24,40729,20754,42269,42271,40730,7271,12444,42272,42270,23,15700,214],"class_list":{"0":"post-132317","1":"post","2":"type-post","3":"status-publish","4":"format-standard","5":"has-post-thumbnail","7":"category-tv","8":"tag-abc","9":"tag-donald-trump","10":"tag-entertainment","11":"tag-entretenimiento","12":"tag-es","13":"tag-espana","14":"tag-jimmy-fallon","15":"tag-jimmy-kimmel","16":"tag-jimmy-kimmel-live","17":"tag-john-oliver","18":"tag-jon-stewart","19":"tag-la-tercera-pm","20":"tag-magazine","21":"tag-magazine-culto","22":"tag-seth-meyers","23":"tag-spain","24":"tag-stephen-colbert","25":"tag-tv"},"share_on_mastodon":{"url":"","error":""},"_links":{"self":[{"href":"https:\/\/www.europesays.com\/es\/wp-json\/wp\/v2\/posts\/132317","targetHints":{"allow":["GET"]}}],"collection":[{"href":"https:\/\/www.europesays.com\/es\/wp-json\/wp\/v2\/posts"}],"about":[{"href":"https:\/\/www.europesays.com\/es\/wp-json\/wp\/v2\/types\/post"}],"author":[{"embeddable":true,"href":"https:\/\/www.europesays.com\/es\/wp-json\/wp\/v2\/users\/2"}],"replies":[{"embeddable":true,"href":"https:\/\/www.europesays.com\/es\/wp-json\/wp\/v2\/comments?post=132317"}],"version-history":[{"count":0,"href":"https:\/\/www.europesays.com\/es\/wp-json\/wp\/v2\/posts\/132317\/revisions"}],"wp:featuredmedia":[{"embeddable":true,"href":"https:\/\/www.europesays.com\/es\/wp-json\/wp\/v2\/media\/132318"}],"wp:attachment":[{"href":"https:\/\/www.europesays.com\/es\/wp-json\/wp\/v2\/media?parent=132317"}],"wp:term":[{"taxonomy":"category","embeddable":true,"href":"https:\/\/www.europesays.com\/es\/wp-json\/wp\/v2\/categories?post=132317"},{"taxonomy":"post_tag","embeddable":true,"href":"https:\/\/www.europesays.com\/es\/wp-json\/wp\/v2\/tags?post=132317"}],"curies":[{"name":"wp","href":"https:\/\/api.w.org\/{rel}","templated":true}]}}