{"id":132320,"date":"2025-09-22T18:34:07","date_gmt":"2025-09-22T18:34:07","guid":{"rendered":"https:\/\/www.europesays.com\/es\/132320\/"},"modified":"2025-09-22T18:34:07","modified_gmt":"2025-09-22T18:34:07","slug":"tom-holland-hospitalizado-tras-sufrir-un-accidente-durante-el-rodaje-de-la-proxima-pelicula-de-spider-man-cine-y-tv","status":"publish","type":"post","link":"https:\/\/www.europesays.com\/es\/132320\/","title":{"rendered":"Tom Holland, hospitalizado tras sufrir un accidente durante el rodaje de la pr\u00f3xima pel\u00edcula de Spider-Man | Cine y TV"},"content":{"rendered":"<p class=\"loc\">Madrid<\/p>\n<p>Tom Holland ha tenido que ser llevado de urgencia al hospital tras sufrir una conmoci\u00f3n cerebral leve durante el rodaje de la nueva entrega de Spider-Man, pero se espera que en unos \u00abpocos d\u00edas\u00bb pueda regresar al trabajo, seg\u00fan han informado varios medios estadounidenses.<\/p>\n<p>Holland result\u00f3 herido el viernes mientras realizada una acrobacia en el rodaje, que se est\u00e1 desarrollando estos d\u00edas en los estudios Leavesden, en Watford, al noroeste de Londres.<\/p>\n<p>El rodaje fue suspendido para que el actor brit\u00e1nico fuera tratado y se decidi\u00f3 que se tomara unos d\u00edas de descanso, pero se encuentra bien.<\/p>\n<p>Incluso al d\u00eda siguiente del incidente, Holland asisti\u00f3 junto a su novia, Zendaya, a una gala ben\u00e9fica en la sede de la casa de subastas Christie&#8217;s en Londres.<\/p>\n<p>Seg\u00fan fuentes citadas por Deadline, este lunes se celebrar\u00e1 una reuni\u00f3n para ajustar el plan de rodaje de la pel\u00edcula, que comenz\u00f3 el mes pasado en Escocia. <\/p>\n<p>&#8216;Spider-Man: Brand New Day&#8217; es la cuarta entrega de la saga del hombre ara\u00f1an protagonizada por Holland tras &#8216;Spider-Man: Homecoming&#8217; (2017), &#8216;Spider-Man: Far From Home&#8217; (2019) y &#8216;Spider-Man: No Way Home&#8217; (2021), que fue la pel\u00edcula m\u00e1s taquillera en el mundo, con una recaudaci\u00f3n de 1.910 millones de d\u00f3lares.<\/p>\n<p>Una cifra que la sit\u00faa como la octava pel\u00edcula de mayor recaudaci\u00f3n de la historia del cine. La nueva entrega se estrenar\u00e1 en julio de 2026, seg\u00fan anunci\u00f3 Sony Pictures el a\u00f1o pasado.<\/p>\n","protected":false},"excerpt":{"rendered":"Madrid Tom Holland ha tenido que ser llevado de urgencia al hospital tras sufrir una conmoci\u00f3n cerebral leve&hellip;\n","protected":false},"author":2,"featured_media":132321,"comment_status":"","ping_status":"","sticky":false,"template":"","format":"standard","meta":{"footnotes":""},"categories":[169],"tags":[177,146,147,25,24,176,175,23],"class_list":{"0":"post-132320","1":"post","2":"type-post","3":"status-publish","4":"format-standard","5":"has-post-thumbnail","7":"category-cine","8":"tag-cine","9":"tag-entertainment","10":"tag-entretenimiento","11":"tag-es","12":"tag-espana","13":"tag-film","14":"tag-movies","15":"tag-spain"},"share_on_mastodon":{"url":"","error":""},"_links":{"self":[{"href":"https:\/\/www.europesays.com\/es\/wp-json\/wp\/v2\/posts\/132320","targetHints":{"allow":["GET"]}}],"collection":[{"href":"https:\/\/www.europesays.com\/es\/wp-json\/wp\/v2\/posts"}],"about":[{"href":"https:\/\/www.europesays.com\/es\/wp-json\/wp\/v2\/types\/post"}],"author":[{"embeddable":true,"href":"https:\/\/www.europesays.com\/es\/wp-json\/wp\/v2\/users\/2"}],"replies":[{"embeddable":true,"href":"https:\/\/www.europesays.com\/es\/wp-json\/wp\/v2\/comments?post=132320"}],"version-history":[{"count":0,"href":"https:\/\/www.europesays.com\/es\/wp-json\/wp\/v2\/posts\/132320\/revisions"}],"wp:featuredmedia":[{"embeddable":true,"href":"https:\/\/www.europesays.com\/es\/wp-json\/wp\/v2\/media\/132321"}],"wp:attachment":[{"href":"https:\/\/www.europesays.com\/es\/wp-json\/wp\/v2\/media?parent=132320"}],"wp:term":[{"taxonomy":"category","embeddable":true,"href":"https:\/\/www.europesays.com\/es\/wp-json\/wp\/v2\/categories?post=132320"},{"taxonomy":"post_tag","embeddable":true,"href":"https:\/\/www.europesays.com\/es\/wp-json\/wp\/v2\/tags?post=132320"}],"curies":[{"name":"wp","href":"https:\/\/api.w.org\/{rel}","templated":true}]}}