{"id":132326,"date":"2025-09-22T18:39:10","date_gmt":"2025-09-22T18:39:10","guid":{"rendered":"https:\/\/www.europesays.com\/es\/132326\/"},"modified":"2025-09-22T18:39:10","modified_gmt":"2025-09-22T18:39:10","slug":"espana-movistar-masorange-y-vodafone-lanzan-ofertas-temerarias-para-atraer-clientes-de-digi","status":"publish","type":"post","link":"https:\/\/www.europesays.com\/es\/132326\/","title":{"rendered":"Espa\u00f1a | Movistar, MasOrange y Vodafone lanzan ofertas temerarias para atraer clientes de Digi"},"content":{"rendered":"<p>&#13;<\/p>\n<p>\t\t\t\t\t<a class=\"post-thumbnail open-lightbox\" href=\"https:\/\/dplnews.com\/wp-content\/uploads\/2023\/10\/dplnews-chip-celular_mf101023.webp\" rel=\"nofollow noopener\" target=\"_blank\"><img loading=\"lazy\" decoding=\"async\" width=\"750\" height=\"430\" alt=\"\" src=\"https:\/\/www.europesays.com\/es\/wp-content\/uploads\/2025\/09\/dplnews-chip-celular_mf101023-750x430.webp.webp\"\/>\t\t\t\t\t\t<\/a><\/p>\n<p>\t\t\t&#13;<br \/>\n\t\t\t\t\t&#13;<\/p>\n<p><a href=\"https:\/\/cincodias.elpais.com\/companias\/2025-09-22\/movistar-masorange-y-vodafone-lanzan-ofertas-temerarias-para-atraer-clientes-de-digi.html\" rel=\"nofollow noopener\" target=\"_blank\">Cinco d\u00edas<\/a><\/p>\n<p>\u201cTodos contra Digi\u201d. Ese parece ser el lema que han adoptado los tres grandes operadores para combatir la expansi\u00f3n imparable del operador rumano que est\u00e1 arrasando en el mercado espa\u00f1ol de las telecomunicaciones con sus planes de tarifas simples y baratas. Movistar, MasOrange y Vodafone est\u00e1n lanzando promociones con fuertes descuentos, a veces temerarios de hasta el 65%, dirigidas espec\u00edficamente a clientes de Digi.<\/p>\n<p>Leer m\u00e1s: https:\/\/cincodias.elpais.com\/companias\/2025-09-22\/movistar-masorange-y-vodafone-lanzan-ofertas-temerarias-para-atraer-clientes-de-digi.html<\/p>\n<p>\t\t\t&#13;<br \/>\n&#13;<br \/>\n\t\t\t\t\t&#13;<br \/>\n\t\t&#13;<br \/>\n\t\t\t\t&#13;<br \/>\n\t\t<a href=\"https:\/\/dplnews.com\/autor\/dpl\/\" title=\"Art\u00edculos de autor\" rel=\"nofollow noopener\" target=\"_blank\">&#13;<br \/>\n\t\t<img loading=\"lazy\" decoding=\"async\" data-del=\"avatar\" src=\"https:\/\/www.europesays.com\/es\/wp-content\/uploads\/2025\/09\/D8aN_qeT_400x400-150x150.jpg\" class=\"avatar pp-user-avatar avatar-80 photo \" height=\"80\" width=\"80\"\/>&#13;<br \/>\n\t<\/a>&#13;<br \/>\n&#13;<br \/>\n\t&#13;<br \/>\n&#13;<br \/>\n\t&#13;<br \/>\n&#13;<\/p>\n<p>Digital Policy &amp; Law es una empresa especializada en el an\u00e1lisis estrat\u00e9gico de las pol\u00edticas p\u00fablicas de telecomunicaciones, TIC y econom\u00eda digital.<\/p>\n<p>\t&#13;<br \/>\n&#13;<\/p>\n","protected":false},"excerpt":{"rendered":"&#13; &#13; &#13; Cinco d\u00edas \u201cTodos contra Digi\u201d. Ese parece ser el lema que han adoptado los tres&hellip;\n","protected":false},"author":2,"featured_media":132327,"comment_status":"","ping_status":"","sticky":false,"template":"","format":"standard","meta":{"footnotes":""},"categories":[80],"tags":[82,95,94,25,24,23],"class_list":{"0":"post-132326","1":"post","2":"type-post","3":"status-publish","4":"format-standard","5":"has-post-thumbnail","7":"category-economia","8":"tag-business","9":"tag-economia","10":"tag-economy","11":"tag-es","12":"tag-espana","13":"tag-spain"},"share_on_mastodon":{"url":"","error":""},"_links":{"self":[{"href":"https:\/\/www.europesays.com\/es\/wp-json\/wp\/v2\/posts\/132326","targetHints":{"allow":["GET"]}}],"collection":[{"href":"https:\/\/www.europesays.com\/es\/wp-json\/wp\/v2\/posts"}],"about":[{"href":"https:\/\/www.europesays.com\/es\/wp-json\/wp\/v2\/types\/post"}],"author":[{"embeddable":true,"href":"https:\/\/www.europesays.com\/es\/wp-json\/wp\/v2\/users\/2"}],"replies":[{"embeddable":true,"href":"https:\/\/www.europesays.com\/es\/wp-json\/wp\/v2\/comments?post=132326"}],"version-history":[{"count":0,"href":"https:\/\/www.europesays.com\/es\/wp-json\/wp\/v2\/posts\/132326\/revisions"}],"wp:featuredmedia":[{"embeddable":true,"href":"https:\/\/www.europesays.com\/es\/wp-json\/wp\/v2\/media\/132327"}],"wp:attachment":[{"href":"https:\/\/www.europesays.com\/es\/wp-json\/wp\/v2\/media?parent=132326"}],"wp:term":[{"taxonomy":"category","embeddable":true,"href":"https:\/\/www.europesays.com\/es\/wp-json\/wp\/v2\/categories?post=132326"},{"taxonomy":"post_tag","embeddable":true,"href":"https:\/\/www.europesays.com\/es\/wp-json\/wp\/v2\/tags?post=132326"}],"curies":[{"name":"wp","href":"https:\/\/api.w.org\/{rel}","templated":true}]}}