{"id":132336,"date":"2025-09-22T18:49:08","date_gmt":"2025-09-22T18:49:08","guid":{"rendered":"https:\/\/www.europesays.com\/es\/132336\/"},"modified":"2025-09-22T18:49:08","modified_gmt":"2025-09-22T18:49:08","slug":"duracell-potencia-su-alianza-con-williams-y-lanza-la-nueva-linea-optimum","status":"publish","type":"post","link":"https:\/\/www.europesays.com\/es\/132336\/","title":{"rendered":"Duracell potencia su alianza con Williams y lanza la nueva l\u00ednea Optimum"},"content":{"rendered":"<p><strong>Duracell <\/strong>present\u00f3 a nivel mundial la<strong> tercera generaci\u00f3n<\/strong> de sus pilas <strong>Optimum<\/strong>, con una campa\u00f1a protagonizada por <strong>Bunny,<\/strong> su hist\u00f3rico personaje, y los pilotos de <strong>F\u00f3rmula 1 Carlos Sainz y Alex Albon<\/strong>. El spot, creado por <strong>VML<\/strong>, busca transmitir la promesa de un producto m\u00e1s potente y duradero, dise\u00f1ado para adaptarse a<strong> distintos dispositivos.<\/strong><\/p>\n<p><strong>La campa\u00f1a<\/strong> llega acompa\u00f1ada de la renovaci\u00f3n de su alianza con <strong>Williams Racing<\/strong>, escuder\u00eda patrocinada por la compa\u00f1\u00eda desde hace varias temporadas. La comunicaci\u00f3n resalta que las nuevas Optimum ofrecen<strong> hasta 30 veces m\u00e1s vida \u00fatil,<\/strong> y su activaci\u00f3n incluir\u00e1 presencia en los descansos televisivos de los<strong> Grandes Premios de F\u00f3rmula 1<\/strong>, empezando en Bak\u00fa, adem\u00e1s de acciones con influencers y experiencias presenciales.<\/p>\n<p><img decoding=\"async\" class=\"lazyload\" loading=\"lazy\" src=\"\/fotos\/externas\/duracell-potencia-alianza-williams-lanza-linea-optimum-1758557856-0.webp\" style=\"width:100%;max-width:600px;height:auto;\" width=\"500\" height=\"250\" alt=\"\"\/><\/p>\n<p><img decoding=\"async\" class=\"lazyload\" loading=\"lazy\" src=\"\/img\/noticias\/thumb\/formula-1-renovo-premio-azerbaiyan-2030.webp\" alt=\"La F\u00f3rmula 1 renov\u00f3 al Gran Premio de Azerbaiy\u00e1n hasta 2030\" width=\"75\" height=\"75\"\/><\/p>\n<p><strong>La estrategia de marketing<\/strong> de Duracell viene consolid\u00e1ndose tambi\u00e9n en <strong>Am\u00e9rica Latina<\/strong>. En 2024, durante el <strong>Gran Premio de S\u00e3o Paulo<\/strong>, la marca intervino trenes de la <strong>L\u00ednea 9 de CPTM<\/strong> con la imagen de Bunny y el monoplaza de Williams. Adem\u00e1s, la mascota anim\u00f3 a los aficionados en la <strong>Estaci\u00f3n Pinheiros<\/strong>, regalando bastones personalizados que acompa\u00f1aron a los fans hasta el circuito de Interlagos.<\/p>\n<p>Con estas iniciativas, la compa\u00f1\u00eda busca <strong>acercar la innovaci\u00f3n<\/strong> y el rendimiento de su portafolio a la <strong>audiencia de la F\u00f3rmula 1<\/strong>, un terreno que se ha convertido en una <strong>plataforma clave<\/strong> para conectar con consumidores a nivel global.<\/p>\n<p><img decoding=\"async\" class=\"lazyload\" loading=\"lazy\" src=\"\/fotos\/externas\/duracell-potencia-alianza-williams-lanza-linea-optimum-1758557857-1.webp\" style=\"width:100%;max-width:600px;height:auto;\" width=\"500\" height=\"250\" alt=\"\"\/><\/p>\n<p><img decoding=\"async\" class=\"lazyload\" loading=\"lazy\" src=\"\/img\/noticias\/thumb\/gasolina-hidrogeno-fia-impulsa-revolucion-automovilismo_(2).webp\" alt=\"De la gasolina al hidr\u00f3geno: la FIA impulsa una revoluci\u00f3n en el automovilismo\" width=\"75\" height=\"75\"\/><\/p>\n","protected":false},"excerpt":{"rendered":"Duracell present\u00f3 a nivel mundial la tercera generaci\u00f3n de sus pilas Optimum, con una campa\u00f1a protagonizada por Bunny,&hellip;\n","protected":false},"author":2,"featured_media":132337,"comment_status":"","ping_status":"","sticky":false,"template":"","format":"standard","meta":{"footnotes":""},"categories":[270],"tags":[4597,82,168,25,24,306,271,272,282,2736,11779,1725,2733,23,167,327],"class_list":{"0":"post-132336","1":"post","2":"type-post","3":"status-publish","4":"format-standard","5":"has-post-thumbnail","7":"category-formula-1","8":"tag-basquet","9":"tag-business","10":"tag-deportes","11":"tag-es","12":"tag-espana","13":"tag-f1","14":"tag-formula-1","15":"tag-formula1","16":"tag-futbol","17":"tag-marketing","18":"tag-marketing-registrado","19":"tag-nba","20":"tag-negocios","21":"tag-spain","22":"tag-sports","23":"tag-tenis"},"share_on_mastodon":{"url":"","error":""},"_links":{"self":[{"href":"https:\/\/www.europesays.com\/es\/wp-json\/wp\/v2\/posts\/132336","targetHints":{"allow":["GET"]}}],"collection":[{"href":"https:\/\/www.europesays.com\/es\/wp-json\/wp\/v2\/posts"}],"about":[{"href":"https:\/\/www.europesays.com\/es\/wp-json\/wp\/v2\/types\/post"}],"author":[{"embeddable":true,"href":"https:\/\/www.europesays.com\/es\/wp-json\/wp\/v2\/users\/2"}],"replies":[{"embeddable":true,"href":"https:\/\/www.europesays.com\/es\/wp-json\/wp\/v2\/comments?post=132336"}],"version-history":[{"count":0,"href":"https:\/\/www.europesays.com\/es\/wp-json\/wp\/v2\/posts\/132336\/revisions"}],"wp:featuredmedia":[{"embeddable":true,"href":"https:\/\/www.europesays.com\/es\/wp-json\/wp\/v2\/media\/132337"}],"wp:attachment":[{"href":"https:\/\/www.europesays.com\/es\/wp-json\/wp\/v2\/media?parent=132336"}],"wp:term":[{"taxonomy":"category","embeddable":true,"href":"https:\/\/www.europesays.com\/es\/wp-json\/wp\/v2\/categories?post=132336"},{"taxonomy":"post_tag","embeddable":true,"href":"https:\/\/www.europesays.com\/es\/wp-json\/wp\/v2\/tags?post=132336"}],"curies":[{"name":"wp","href":"https:\/\/api.w.org\/{rel}","templated":true}]}}