{"id":132338,"date":"2025-09-22T18:50:17","date_gmt":"2025-09-22T18:50:17","guid":{"rendered":"https:\/\/www.europesays.com\/es\/132338\/"},"modified":"2025-09-22T18:50:17","modified_gmt":"2025-09-22T18:50:17","slug":"el-real-madrid-ya-tiene-a-su-dabone-asi-es-moussa-el-ala-pivot-de-11-anos-que-sorprende-por-su-fisico-baloncesto","status":"publish","type":"post","link":"https:\/\/www.europesays.com\/es\/132338\/","title":{"rendered":"El Real Madrid ya tiene a su Dabone: as\u00ed es Moussa, el ala-p\u00edvot de 11 a\u00f1os que sorprende por su f\u00edsico | Baloncesto"},"content":{"rendered":"<p>Mohamed Dabone, nacido en 2011, es la gran promesa del Bar\u00e7a de baloncesto. A sus 13 a\u00f1os ya mide 2,10 metros de altura, y podr\u00eda jugar muy pronto en el primer equipo de forma oficial, porque ya lo ha hecho en un amistoso contra el B\u00e0squet Girona. Hizo cuatro puntos, uno de ellos con un mate que se volvi\u00f3 viral, y cogi\u00f3 tres rebotes. Todo eso en 10 minutos y contra adultos. <\/p>\n<p>Joan Pe\u00f1arroya confirm\u00f3 que <a href=\"https:\/\/cadenaser.com\/nacional\/2023\/12\/13\/cuanto-puede-llegar-a-medir-mohamed-dabone-asi-es-la-perla-del-barca-de-baloncesto-que-mide-208-metros-con-12-anos-cadena-ser\/\" target=\"_blank\" rel=\"noreferrer nofollow noopener\" title=\"https:\/\/cadenaser.com\/nacional\/2023\/12\/13\/cuanto-puede-llegar-a-medir-mohamed-dabone-asi-es-la-perla-del-barca-de-baloncesto-que-mide-208-metros-con-12-anos-cadena-ser\/\">sigue de cerca a Dabone<\/a>, tanto que en la pasada campa\u00f1a estuvo cerca de subirle a los entrenamientos del primer equipo, pero la burocracia fue el gran escollo. Mohamed Dabone lleg\u00f3 a Barcelona en 2022, procedente de Burkina Faso, y ahora prepara su precoz salto al baloncesto profesional.<\/p>\n<p>De hecho, el club azulgrana ya trabaja para que no exista ese problema y ya han comenzado los tr\u00e1mites necesarios con el CSD para que el interior de 13 a\u00f1os \u2014que cumplir\u00e1 14 el pr\u00f3ximo 21 de octubre\u2014 pueda jugar en competiciones como ACB y Euroliga, ya que la edad m\u00ednima para trabajar en Espa\u00f1a es de 16 a\u00f1os.<\/p>\n<p>El Real Madrid no se ha quedado atr\u00e1s y ha movido ficha para tener un Dabone en su plantilla. Los blancos han fichado a Moussa Balla Traor\u00e9, de 11 a\u00f1os, a su cantera, y jugar\u00e1 en el infantil A. Su imagen en la <a href=\"https:\/\/www.realmadrid.com\/es-ES\/baloncesto\/cantera\/infantil-a\/moussa-balla-traore\" target=\"_blank\" rel=\"noreferrer nofollow noopener\" title=\"https:\/\/www.realmadrid.com\/es-ES\/baloncesto\/cantera\/infantil-a\/moussa-balla-traore\">web oficial del club<\/a> ha llamado la atenci\u00f3n, ya que su desarrollo \u00f3seo y muscular le da un aspecto f\u00edsico de un jugador adulto, cuando en realidad no cumplir\u00e1 los 18 a\u00f1os hasta el 24 de octubre de 2031.<\/p>\n<p>Moussa Balla Traor\u00e9, ala-p\u00edvot que cumplir\u00e1 12 a\u00f1os pr\u00f3ximamente, naci\u00f3 en Bamako, capital de Mali, pero las redes sociales han puesto en duda su edad. Acaparar\u00e1 todas las miradas en la pr\u00f3xima Minicopa Endesa, que se celebrar\u00e1 en paralelo a la Copa del Rey que se disputa en febrero. Una competici\u00f3n que sirve para ver las canteras del baloncesto espa\u00f1ol y donde suelen destacar este tipo de colosos africanos, ya que su f\u00edsico es muy diferente al del resto de sus compa\u00f1eros.<\/p>\n<p><img decoding=\"async\" src=\"https:\/\/www.europesays.com\/es\/wp-content\/uploads\/2025\/09\/https:\/\/sdmedia.playser.cadenaser.com\/playser\/image\/202312\/13\/1702479631372_1702479841_asset_still.j.jpeg\" alt=\"\u00bfCu\u00e1nto puede llegar a medir Mohamed Dabone? As\u00ed es el portento de 12 a\u00f1os y 2'08 metros de altura que tiene el Bar\u00e7a de baloncesto\" width=\"655\"   loading=\"lazy\"\/><\/p>\n<p class=\"tit\">\u00bfCu\u00e1nto puede llegar a medir Mohamed Dabone? As\u00ed es el portento de 12 a\u00f1os y 2&#8217;08 metros de altura que tiene el Bar\u00e7a de baloncesto<\/p>\n<p>00:00:0002:44<\/p>\n<p>El c\u00f3digo iframe se ha copiado en el portapapeles<\/p>\n<p>FacebookTwitterLinkedinWhatsAppCerrar<\/p>\n<p>Por ahora, el r\u00e9cord de precocidad lo tiene Bassala Bagayoko, mal\u00edense de 2,07\u202fmetros de altura, que debut\u00f3 con el Fuenlabrada con 14 a\u00f1os, 7 meses y 15 d\u00edas el 25 de abril de 2021. Super\u00f3 a Ricky Rubio, que jug\u00f3 su primer partido oficial con 14 a\u00f1os y 7 meses en 2005. Todo apunta a que Mohamed Dabone y Moussa Balla Traor\u00e9 podr\u00e1n superarles.<\/p>\n","protected":false},"excerpt":{"rendered":"Mohamed Dabone, nacido en 2011, es la gran promesa del Bar\u00e7a de baloncesto. A sus 13 a\u00f1os ya&hellip;\n","protected":false},"author":2,"featured_media":132339,"comment_status":"","ping_status":"","sticky":false,"template":"","format":"standard","meta":{"footnotes":""},"categories":[269],"tags":[299,298,168,25,24,23,167],"class_list":{"0":"post-132338","1":"post","2":"type-post","3":"status-publish","4":"format-standard","5":"has-post-thumbnail","7":"category-baloncesto","8":"tag-baloncesto","9":"tag-basketball","10":"tag-deportes","11":"tag-es","12":"tag-espana","13":"tag-spain","14":"tag-sports"},"share_on_mastodon":{"url":"","error":""},"_links":{"self":[{"href":"https:\/\/www.europesays.com\/es\/wp-json\/wp\/v2\/posts\/132338","targetHints":{"allow":["GET"]}}],"collection":[{"href":"https:\/\/www.europesays.com\/es\/wp-json\/wp\/v2\/posts"}],"about":[{"href":"https:\/\/www.europesays.com\/es\/wp-json\/wp\/v2\/types\/post"}],"author":[{"embeddable":true,"href":"https:\/\/www.europesays.com\/es\/wp-json\/wp\/v2\/users\/2"}],"replies":[{"embeddable":true,"href":"https:\/\/www.europesays.com\/es\/wp-json\/wp\/v2\/comments?post=132338"}],"version-history":[{"count":0,"href":"https:\/\/www.europesays.com\/es\/wp-json\/wp\/v2\/posts\/132338\/revisions"}],"wp:featuredmedia":[{"embeddable":true,"href":"https:\/\/www.europesays.com\/es\/wp-json\/wp\/v2\/media\/132339"}],"wp:attachment":[{"href":"https:\/\/www.europesays.com\/es\/wp-json\/wp\/v2\/media?parent=132338"}],"wp:term":[{"taxonomy":"category","embeddable":true,"href":"https:\/\/www.europesays.com\/es\/wp-json\/wp\/v2\/categories?post=132338"},{"taxonomy":"post_tag","embeddable":true,"href":"https:\/\/www.europesays.com\/es\/wp-json\/wp\/v2\/tags?post=132338"}],"curies":[{"name":"wp","href":"https:\/\/api.w.org\/{rel}","templated":true}]}}