{"id":132342,"date":"2025-09-22T18:52:12","date_gmt":"2025-09-22T18:52:12","guid":{"rendered":"https:\/\/www.europesays.com\/es\/132342\/"},"modified":"2025-09-22T18:52:12","modified_gmt":"2025-09-22T18:52:12","slug":"norman-reedus-protagonista-de-the-walking-dead-atiende-a-el-correo-me-esta-encantando-bilbao-me-gusta-la-lluvia","status":"publish","type":"post","link":"https:\/\/www.europesays.com\/es\/132342\/","title":{"rendered":"Norman Reedus, protagonista de The Walking Dead, atiende a EL CORREO: \u00abMe est\u00e1 encantando Bilbao, me gusta la lluvia\u00bb"},"content":{"rendered":"<p><img loading=\"lazy\" decoding=\"async\" class=\"v-a-img v-a-img--ph\" src=\"https:\/\/s3.ppllstatics.com\/elcorreo\/www\/multimedia\/2025\/09\/22\/fans-walking-dead--758x531.jpeg\" alt=\"Norman Reedus, protagonista de The Walking Dead, atiende a EL CORREO: \u00abMe est\u00e1 encantando Bilbao, me gusta la lluvia\u00bb\" style=\"\" data-voc-video-player-container-img=\"\" width=\"758\" height=\"531\"\/><\/p>\n<p>V\u00eddeo: M. Guadilla      <\/p>\n<p>El conocido actor ha estado grabando durante la jornada del lunes en la explanada del Guggenheim<\/p>\n<p class=\"v-mdl-ath__p v-mdl-ath__p--6\">\nLunes, 22 de septiembre 2025, 19:24<\/p>\n<p>| Actualizado 19:44h.<\/p>\n<p class=\"v-p\">La explanada del Guggenheim ha amanecido convertida en un escenario del fin del mundo. Bilbao se ha transformado este lunes en un plat\u00f3 postapocal\u00edptico con el rodaje de la cuarta temporada del spin-off de &#8216;The Walking Dead: Daryl Dixon&#8217;. Decenas de fans se acercaron a los alrededores del museo bilba\u00edno. Todos ten\u00edan un \u00fanico objetivo: conseguir su foto con Norman Reedus, el protagonista de la famosa serie. Al final de la jornada, el actor que da vida al ic\u00f3nico superviviente ha cumplido el deseo de los seguidores que esperaban bajo la lluvia.<\/p>\n<p class=\"v-p\">El actor se ha fotografiado uno por uno con ellos, ha conversado y hasta ha compartido un trozo del bizcocho que estaba comiendo. \u00abEstoy cansado, pero muy feliz de estar en Bilbao. Me gusta la lluvia, me recuerda a Galicia\u00bb, ha asegurado Reedus a EL CORREO. El cansancio, seg\u00fan ha confesado, se debe a su ruta por Espa\u00f1a en moto, de Madrid a C\u00e1diz, de vuelta a Madrid, despu\u00e9s a Pamplona y otra vez a la capital.<\/p>\n<p><a href=\"http:\/\/www.elcorreo.com\/culturas\/cine\/secuela-the-walking-dead-rueda-guggenheim-20250922160206-nt.html#vtm_modulosEngag=mod-rel:culturas:noticia:1:cmp:1-not\" class=\"v-a-link\" title=\"La secuela de &#039;The Walking Dead&#039; se rueda en el Guggenheim\" rel=\"nofollow noopener\" target=\"_blank\"><br \/>\n<img decoding=\"async\" loading=\"lazy\" src=\"https:\/\/www.europesays.com\/es\/wp-content\/uploads\/2025\/09\/the-walking-dead3-U23075208181R1--1200x840@El Correo.jpg\" class=\"v-a-img\" width=\"258\" height=\"180\" alt=\"La secuela de 'The Walking Dead' se rueda en el Guggenheim\"\/><\/p>\n<p><\/a><\/p>\n<p class=\"v-p\">Pese a que el rodaje se ha producido en los alrededores del Guggenheim, el norteamericano ha reconocido que todav\u00eda no ha tenido ocasi\u00f3n de entrar, aunque tiene ganas de descubrir su interior. De momento, se queda con la imponente ara\u00f1a de Louise Bourgeois, que ya aparece en las escenas que ha rodado a lo largo del d\u00eda. \u00abTodav\u00eda no he tenido tiempo de entrar, pero me ha encantado la ara\u00f1a\u00bb, ha concluido.<\/p>\n<p>Comenta<\/p>\n<p>Reporta un error<\/p>\n","protected":false},"excerpt":{"rendered":"V\u00eddeo: M. Guadilla El conocido actor ha estado grabando durante la jornada del lunes en la explanada del&hellip;\n","protected":false},"author":2,"featured_media":132343,"comment_status":"","ping_status":"","sticky":false,"template":"","format":"standard","meta":{"footnotes":""},"categories":[174],"tags":[42273,2601,255,8455,17017,42274,146,147,25,24,256,816,28444,1440,7197,28445,23,3498,3795],"class_list":{"0":"post-132342","1":"post","2":"type-post","3":"status-publish","4":"format-standard","5":"has-post-thumbnail","7":"category-famosos","8":"tag-atiende","9":"tag-bilbao","10":"tag-celebrities","11":"tag-correo","12":"tag-dead","13":"tag-encantando","14":"tag-entertainment","15":"tag-entretenimiento","16":"tag-es","17":"tag-espana","18":"tag-famosos","19":"tag-galicia","20":"tag-norman","21":"tag-protagonista","22":"tag-recuerda","23":"tag-reedus","24":"tag-spain","25":"tag-the","26":"tag-walking"},"share_on_mastodon":{"url":"","error":""},"_links":{"self":[{"href":"https:\/\/www.europesays.com\/es\/wp-json\/wp\/v2\/posts\/132342","targetHints":{"allow":["GET"]}}],"collection":[{"href":"https:\/\/www.europesays.com\/es\/wp-json\/wp\/v2\/posts"}],"about":[{"href":"https:\/\/www.europesays.com\/es\/wp-json\/wp\/v2\/types\/post"}],"author":[{"embeddable":true,"href":"https:\/\/www.europesays.com\/es\/wp-json\/wp\/v2\/users\/2"}],"replies":[{"embeddable":true,"href":"https:\/\/www.europesays.com\/es\/wp-json\/wp\/v2\/comments?post=132342"}],"version-history":[{"count":0,"href":"https:\/\/www.europesays.com\/es\/wp-json\/wp\/v2\/posts\/132342\/revisions"}],"wp:featuredmedia":[{"embeddable":true,"href":"https:\/\/www.europesays.com\/es\/wp-json\/wp\/v2\/media\/132343"}],"wp:attachment":[{"href":"https:\/\/www.europesays.com\/es\/wp-json\/wp\/v2\/media?parent=132342"}],"wp:term":[{"taxonomy":"category","embeddable":true,"href":"https:\/\/www.europesays.com\/es\/wp-json\/wp\/v2\/categories?post=132342"},{"taxonomy":"post_tag","embeddable":true,"href":"https:\/\/www.europesays.com\/es\/wp-json\/wp\/v2\/tags?post=132342"}],"curies":[{"name":"wp","href":"https:\/\/api.w.org\/{rel}","templated":true}]}}