{"id":132348,"date":"2025-09-22T18:56:27","date_gmt":"2025-09-22T18:56:27","guid":{"rendered":"https:\/\/www.europesays.com\/es\/132348\/"},"modified":"2025-09-22T18:56:27","modified_gmt":"2025-09-22T18:56:27","slug":"estrenamos-ctrl2-donde-la-musica-se-cuenta-en-primera-persona","status":"publish","type":"post","link":"https:\/\/www.europesays.com\/es\/132348\/","title":{"rendered":"Estrenamos \u00abCtrl+2\u00bb, donde\u00a0la m\u00fasica se cuenta en primera persona"},"content":{"rendered":"<p><strong>Radio 3 Extra estrena <\/strong><strong>Ctrl+2,<\/strong> un nuevo formato en el que la m\u00fasica se cuenta desde dentro. La premisa es sencilla: dos artistas se sientan frente a frente y mantienen una conversaci\u00f3n libre, sin guion y sin preguntas marcadas. El resultado es un di\u00e1logo natural en el que comparten experiencias, formas de trabajar, puntos de vista sobre la industria, inspiraciones y reflexiones en torno a su carrera y a la m\u00fasica en general.<\/p>\n<p>El inter\u00e9s del programa reside en la autenticidad de la conversaci\u00f3n. No se trata de una entrevista tradicional, sino de un espacio donde dos m\u00fasicos que comparten profesi\u00f3n, aunque con estilos y trayectorias diferentes, se escuchan y se responden entre s\u00ed. Esa interacci\u00f3n generar\u00e1 momentos \u00fanicos: coincidencias inesperadas, diferencias enriquecedoras y relatos que permiten conocer mejor lo que hay detr\u00e1s de cada proyecto art\u00edstico.<\/p>\n<p>Ctrl+2 da visibilidad a la diversidad de la escena musical, desde lo emergente hasta lo consolidado, creando un <strong>punto de encuentro en el que se cruzan g\u00e9neros, generaciones y maneras de entender la creaci\u00f3n<\/strong>. Con el sello de Radio 3 Extra \u2014innovaci\u00f3n en formatos digitales y contenidos que conectan\u2014, este estreno abre una nueva etapa en la que la conversaci\u00f3n entre artistas se convierte en protagonista.<\/p>\n<p>Primer episodio: Charla entre Paula Cendejas y Carlos Ares<\/p>\n<p>Paula y Carlos se re\u00fanen para hablar de su relaci\u00f3n y de sus respectivas carreras. En esta primera parte de su conversaci\u00f3n recordar\u00e1n c\u00f3mo se conocieron, cu\u00e1les fueron sus primeros trabajos juntos y hablar\u00e1n del momento actual de Carlos Ares, de gira con su \u00faltimo \u00e1lbum, \u2018La Boca del Lobo\u2019.<\/p>\n","protected":false},"excerpt":{"rendered":"Radio 3 Extra estrena Ctrl+2, un nuevo formato en el que la m\u00fasica se cuenta desde dentro. La&hellip;\n","protected":false},"author":2,"featured_media":132349,"comment_status":"","ping_status":"","sticky":false,"template":"","format":"standard","meta":{"footnotes":""},"categories":[170],"tags":[146,147,25,24,184,185,23],"class_list":{"0":"post-132348","1":"post","2":"type-post","3":"status-publish","4":"format-standard","5":"has-post-thumbnail","7":"category-musica","8":"tag-entertainment","9":"tag-entretenimiento","10":"tag-es","11":"tag-espana","12":"tag-music","13":"tag-musica","14":"tag-spain"},"share_on_mastodon":{"url":"","error":""},"_links":{"self":[{"href":"https:\/\/www.europesays.com\/es\/wp-json\/wp\/v2\/posts\/132348","targetHints":{"allow":["GET"]}}],"collection":[{"href":"https:\/\/www.europesays.com\/es\/wp-json\/wp\/v2\/posts"}],"about":[{"href":"https:\/\/www.europesays.com\/es\/wp-json\/wp\/v2\/types\/post"}],"author":[{"embeddable":true,"href":"https:\/\/www.europesays.com\/es\/wp-json\/wp\/v2\/users\/2"}],"replies":[{"embeddable":true,"href":"https:\/\/www.europesays.com\/es\/wp-json\/wp\/v2\/comments?post=132348"}],"version-history":[{"count":0,"href":"https:\/\/www.europesays.com\/es\/wp-json\/wp\/v2\/posts\/132348\/revisions"}],"wp:featuredmedia":[{"embeddable":true,"href":"https:\/\/www.europesays.com\/es\/wp-json\/wp\/v2\/media\/132349"}],"wp:attachment":[{"href":"https:\/\/www.europesays.com\/es\/wp-json\/wp\/v2\/media?parent=132348"}],"wp:term":[{"taxonomy":"category","embeddable":true,"href":"https:\/\/www.europesays.com\/es\/wp-json\/wp\/v2\/categories?post=132348"},{"taxonomy":"post_tag","embeddable":true,"href":"https:\/\/www.europesays.com\/es\/wp-json\/wp\/v2\/tags?post=132348"}],"curies":[{"name":"wp","href":"https:\/\/api.w.org\/{rel}","templated":true}]}}