{"id":132359,"date":"2025-09-22T19:04:14","date_gmt":"2025-09-22T19:04:14","guid":{"rendered":"https:\/\/www.europesays.com\/es\/132359\/"},"modified":"2025-09-22T19:04:14","modified_gmt":"2025-09-22T19:04:14","slug":"un-tren-arrolla-a-una-vaca-que-pare-y-hace-aparecer-un-cadaver","status":"publish","type":"post","link":"https:\/\/www.europesays.com\/es\/132359\/","title":{"rendered":"Un tren arrolla a una vaca, que pare y hace aparecer un cad\u00e1ver"},"content":{"rendered":"<p>\n        Los <strong>atropellos de <\/strong><a href=\"https:\/\/www.noticiasdenavarra.com\/tags\/animales\/\" title=\"animales\" target=\"_blank\" class=\"link copy\" rel=\"nofollow noopener\">animales <\/a>en carreteras y v\u00edas de tren est\u00e1n a la orden del d\u00eda, y no es raro divisar cad\u00e1veres mientras se viaja, porque en general tienen todas las de perder al enfrentarse a <strong>veh\u00edculos muy pesados y que circulan a gran velocidad.<\/strong> A veces esos choques producen importantes da\u00f1os (aparte de la triste muerte del animal) y<strong> la Polic\u00eda tiene que acabar interviniendo<\/strong> para retirar el cuerpo, regular el tr\u00e1fico o hacerse cargo del atestado si se han producido otros da\u00f1os.\n<\/p>\n<p>  Atropello en Gij\u00f3n<\/p>\n<p class=\"article-body__text \">\n        Es lo que pas\u00f3 hace unos d\u00edas, el mi\u00e9rcoles 10 de septiembre, <strong>en las afueras de <\/strong><a href=\"https:\/\/www.noticiasdenavarra.com\/buzz-on\/2025\/05\/17\/desesperado-cartel-viral-puesto-portal-gijon-9646274.html\" title=\"Gij\u00f3n\" target=\"_blank\" class=\"link copy\" rel=\"nofollow noopener\"><strong>Gij\u00f3n<\/strong><\/a><strong>,<\/strong> en la Fontaciera, y se ha vuelto viral ahora por lo <strong>ins\u00f3lito <\/strong>de lo sucedido. All\u00ed, en torno a las seis de la ma\u00f1ana,<strong> un tren de cercan\u00edas arroll\u00f3 a una ternera y a una vaca que estaba a punto de parir. <\/strong>Ambas murieron en el atropello, pero la madre <strong>dio a luz de forma prematura<\/strong> debido al impacto y <strong>su cr\u00eda, que sali\u00f3 despedida, sobrevivi\u00f3,<\/strong> quedando sobre las v\u00edas del tren.\n<\/p>\n<p>            <a href=\"https:\/\/www.noticiasdenavarra.com\/que-mundo\/2023\/04\/30\/vaca-arrollada-tren-vuela-aires-6744714.html\" title=\"Una vaca arrollada por un tren vuela por los aires y mata a un anciano que orinaba junto a la v\u00eda\" class=\"new__media\" rel=\"nofollow noopener\" target=\"_blank\"><\/p>\n<p>                <img alt=\"Una vaca arrollada por un tren vuela por los aires y mata a un anciano que orinaba junto a la v\u00eda\" data-src=\"https:\/\/www.europesays.com\/es\/wp-content\/uploads\/2025\/09\/d4013a19-da4a-4934-b020-b80cd8a5719a_16-9-aspect-ratio_default_0.jpg\" class=\"lozad\"\/><\/p>\n<p>        <\/a><\/p>\n<p>        <a href=\"https:\/\/www.noticiasdenavarra.com\/que-mundo\/2023\/04\/30\/vaca-arrollada-tren-vuela-aires-6744714.html\" title=\"Una vaca arrollada por un tren vuela por los aires y mata a un anciano que orinaba junto a la v\u00eda\" class=\"new__headline\" rel=\"nofollow noopener\" target=\"_blank\"><br \/>\n            Una vaca arrollada por un tren vuela por los aires y mata a un anciano que orinaba junto a la v\u00eda<br \/>\n        <\/a><\/p>\n<p class=\"article-body__text \">\n        R\u00e1pidamente<strong> acudi\u00f3 la Guardia Civil <\/strong>para socorrer a la ternera reci\u00e9n nacida y para comprobar los da\u00f1os que hab\u00eda sufrido el cercan\u00edas. Hasta aqu\u00ed la historia ya resultaba de lo m\u00e1s curiosa, pero todav\u00eda iba a dar un <strong>giro absolutamente inesperado <\/strong>y adquirir otra dimensi\u00f3n que conmocion\u00f3 a los habitantes de la zona.\n<\/p>\n<p>  Aparece un cad\u00e1ver<\/p>\n<p class=\"article-body__text \">\n        Pocas horas despu\u00e9s de produirse el atropello, los agentes, que se encontraban<strong> revisando la zona del impacto<\/strong> entre el tren y los animales, hallaron el <strong>cad\u00e1ver de un hombre en avanzado estado de descomposici\u00f3n<\/strong> y que nada ten\u00eda que ver con este accidente. Seg\u00fan informa el peri\u00f3dico El Comercio, se cree que esta persona llevaba unos <strong>cuatro meses fallecida<\/strong> y que podr\u00eda tratarse de un<strong> hombre sin hogar<\/strong> que antes de su desaparici\u00f3n se baj\u00f3 en una estaci\u00f3n cercana con la intenci\u00f3n de dormir en una nave abandonada que hab\u00eda en un lugar muy cercano al del doble atropello animal. Su muerte se habr\u00eda debido a <strong>causas naturales<\/strong> sin tener su deceso relaci\u00f3n alguna con alg\u00fan tren.\n<\/p>\n<p>            <a href=\"https:\/\/www.noticiasdenavarra.com\/que-mundo\/2025\/04\/15\/granjero-pierde-anillo-casado-aparece-estomago-vaca-9527523.html\" title=\"Un granjero pierde su anillo de casado y lo encuentra un carnicero en el est\u00f3mago de una vaca\" class=\"new__media\" rel=\"nofollow noopener\" target=\"_blank\"><\/p>\n<p>                <img alt=\"Un granjero pierde su anillo de casado y lo encuentra un carnicero en el est\u00f3mago de una vaca\" data-src=\"https:\/\/www.europesays.com\/es\/wp-content\/uploads\/2025\/09\/fcefd930-4882-411f-91ee-ecf8b2c7af36_16-9-aspect-ratio_default_0.jpg\" class=\"lozad\"\/><\/p>\n<p>        <\/a><\/p>\n<p>        <a href=\"https:\/\/www.noticiasdenavarra.com\/que-mundo\/2025\/04\/15\/granjero-pierde-anillo-casado-aparece-estomago-vaca-9527523.html\" title=\"Un granjero pierde su anillo de casado y lo encuentra un carnicero en el est\u00f3mago de una vaca\" class=\"new__headline\" rel=\"nofollow noopener\" target=\"_blank\"><br \/>\n            Un granjero pierde su anillo de casado y lo encuentra un carnicero en el est\u00f3mago de una vaca<br \/>\n        <\/a><\/p>\n<p class=\"article-body__text \">\n        La <strong>nota positiva<\/strong> de este rocambolesco suceso (adem\u00e1s de la resoluci\u00f3n de una desaparici\u00f3n, aunque no fuera con final feliz) es que<strong> la ternera reci\u00e9n nacida pudo sobrevivir<\/strong> pese a quedarse sin madre y sin hermana mayor en el fat\u00eddico accidente de tren. Por ello se entiende perfectamente que <strong>su due\u00f1o, <\/strong>que la pudo recuperar, la haya <strong>bautizado como <\/strong><strong>Milagros<\/strong><strong>.<\/strong><\/p>\n","protected":false},"excerpt":{"rendered":"Los atropellos de animales en carreteras y v\u00edas de tren est\u00e1n a la orden del d\u00eda, y no&hellip;\n","protected":false},"author":2,"featured_media":132360,"comment_status":"","ping_status":"","sticky":false,"template":"","format":"standard","meta":{"footnotes":""},"categories":[8],"tags":[10887,42279,17,18,6247,7164,13296,25,24,13,14,11,19,20,1875,4920,9,10,15,16,23,12,15865,21,22,39329],"class_list":{"0":"post-132359","1":"post","2":"type-post","3":"status-publish","4":"format-standard","5":"has-post-thumbnail","7":"category-espana","8":"tag-aparicion","9":"tag-arrollada","10":"tag-breaking-news","11":"tag-breakingnews","12":"tag-cadaver","13":"tag-da","14":"tag-deriva","15":"tag-es","16":"tag-espana","17":"tag-featured-news","18":"tag-featurednews","19":"tag-headlines","20":"tag-latest-news","21":"tag-latestnews","22":"tag-luz","23":"tag-muerte","24":"tag-news","25":"tag-noticias","26":"tag-noticias-destacadas","27":"tag-noticiasdestacadas","28":"tag-spain","29":"tag-titulares","30":"tag-tren","31":"tag-ultimas-noticias","32":"tag-ultimasnoticias","33":"tag-vaca"},"share_on_mastodon":{"url":"","error":""},"_links":{"self":[{"href":"https:\/\/www.europesays.com\/es\/wp-json\/wp\/v2\/posts\/132359","targetHints":{"allow":["GET"]}}],"collection":[{"href":"https:\/\/www.europesays.com\/es\/wp-json\/wp\/v2\/posts"}],"about":[{"href":"https:\/\/www.europesays.com\/es\/wp-json\/wp\/v2\/types\/post"}],"author":[{"embeddable":true,"href":"https:\/\/www.europesays.com\/es\/wp-json\/wp\/v2\/users\/2"}],"replies":[{"embeddable":true,"href":"https:\/\/www.europesays.com\/es\/wp-json\/wp\/v2\/comments?post=132359"}],"version-history":[{"count":0,"href":"https:\/\/www.europesays.com\/es\/wp-json\/wp\/v2\/posts\/132359\/revisions"}],"wp:featuredmedia":[{"embeddable":true,"href":"https:\/\/www.europesays.com\/es\/wp-json\/wp\/v2\/media\/132360"}],"wp:attachment":[{"href":"https:\/\/www.europesays.com\/es\/wp-json\/wp\/v2\/media?parent=132359"}],"wp:term":[{"taxonomy":"category","embeddable":true,"href":"https:\/\/www.europesays.com\/es\/wp-json\/wp\/v2\/categories?post=132359"},{"taxonomy":"post_tag","embeddable":true,"href":"https:\/\/www.europesays.com\/es\/wp-json\/wp\/v2\/tags?post=132359"}],"curies":[{"name":"wp","href":"https:\/\/api.w.org\/{rel}","templated":true}]}}