{"id":132361,"date":"2025-09-22T19:05:17","date_gmt":"2025-09-22T19:05:17","guid":{"rendered":"https:\/\/www.europesays.com\/es\/132361\/"},"modified":"2025-09-22T19:05:17","modified_gmt":"2025-09-22T19:05:17","slug":"la-jueza-acusa-de-organizacion-criminal-al-novio-de-ayuso-y-abre-juicio-oral-contra-el-tribunales","status":"publish","type":"post","link":"https:\/\/www.europesays.com\/es\/132361\/","title":{"rendered":"La jueza acusa de organizaci\u00f3n criminal al novio de Ayuso y abre juicio oral contra \u00e9l | Tribunales"},"content":{"rendered":"<p class=\"loc\">Madrid<\/p>\n<p>La juez sustituta del juzgado 19 de Madrid por jubilaci\u00f3n de Inmaculada Iglesias, la magistrada Carmen Rodr\u00edguez Medel, ha dictado el auto de apertura de juicio oral contra Alberto Gonz\u00e1lez Amador, pareja de la presidenta de la Comunidad de Madrid, Isabel D\u00edaz Ayuso, por la pieza principal relativa a sus posibles delitos de fraude fiscal.<\/p>\n<p>M\u00e1s informaci\u00f3n<\/p>\n<p>Sin posibilidad de recurso, le manda al banquillo por dos delitos fiscales que en conjunto suman una cuota defraudada de m\u00e1s de 350.000 euros en el Impuesto de Sociedades relativo a los ejercicios de 2020 y 2021, as\u00ed como un delito contable continuado por falsificar sus facturas, supuestamente, para esconder su fraude a la Hacienda P\u00fablica. <\/p>\n<p>Adem\u00e1s de estos tres delitos y siguiendo el criterio de las acusaciones populares, la jueza Rodr\u00edguez Medel a\u00f1ade a Alberto Gonz\u00e1lez Amador el delito de pertenencia a organizaci\u00f3n criminal porque considera indiciariamente acreditado que junto a m\u00e1s de dos personas, entre los que se encontraban su supuesto testaferro, el mexicano Maximiliano Niederer, y los facturadores falsos David Herrera, y los hermanos Agust\u00edn y Jos\u00e9 Miguel Carrillo, se concertaron para enga\u00f1ar a Hacienda con la fabricaci\u00f3n de facturas falsas. <\/p>\n<p>La inclusi\u00f3n del delito de pertenencia a organizaci\u00f3n criminal es relevante, porque el tipo penal contempla penas de cerca de dos a\u00f1os de prisi\u00f3n. Una solicitud de condena que se sumar\u00e1 a los entre 4 y 5 a\u00f1os de c\u00e1rcel que ya solicitaban la Fiscal\u00eda, la Abogac\u00eda del Estado y las acusaciones por los delitos fiscales y la falsedad.<\/p>\n<p><img loading=\"lazy\" decoding=\"async\" src=\"https:\/\/www.europesays.com\/es\/wp-content\/uploads\/2025\/09\/https:\/\/sdmedia.playser.cadenaser.com\/playser\/image\/20259\/11\/1757616167600_1757616302_asset_still.jp.jpeg\" width=\"16\" height=\"9\"\/>Gonz\u00e1lez Amador intent\u00f3 suspender la publicaci\u00f3n del auto<\/p>\n<p>El novio de Ayuso intent\u00f3 suspender la publicaci\u00f3n de este auto de la magistrada Medel hasta que la Audiencia Provincial resolviera sus recursos, pero la jueza ha rechazado la petici\u00f3n respondi\u00e9ndole que esos recursos no son suspensivos de la emisi\u00f3n y publicaci\u00f3n del auto de apertura de juicio oral.<\/p>\n<p>La jueza notifica en su resoluci\u00f3n que el \u00f3rgano competente para juzgar al novio de Ayuso y al resto de la presunta organizaci\u00f3n criminal ser\u00e1 el juzgado de lo penal de Madrid.<\/p>\n<p>El camino judicial de Alberto Gonz\u00e1lez Amador no se detiene con este juicio. El juzgado 19 de Madrid mantiene abierta una pieza separada por un delito de corrupci\u00f3n en los negocios por la adquisici\u00f3n de la empresa Masterman SL a la esposa del presidente de Quir\u00f3n Prevenci\u00f3n, Fernando Camino, por 500.000 euros. Una adquisici\u00f3n de una empresa sin valor alguno, que para los investigadores esconde el pago de una comisi\u00f3n a su principal cliente, el gigante sanitario Quir\u00f3n, que a su vez es el principal adjudicatario privado de los hospitales madrile\u00f1os, a cambio de la obtenci\u00f3n de contratos.<\/p>\n","protected":false},"excerpt":{"rendered":"Madrid La juez sustituta del juzgado 19 de Madrid por jubilaci\u00f3n de Inmaculada Iglesias, la magistrada Carmen Rodr\u00edguez&hellip;\n","protected":false},"author":2,"featured_media":116767,"comment_status":"","ping_status":"","sticky":false,"template":"","format":"standard","meta":{"footnotes":""},"categories":[5],"tags":[17,18,25,24,13,14,11,19,20,9,10,15,16,23,12,21,22],"class_list":{"0":"post-132361","1":"post","2":"type-post","3":"status-publish","4":"format-standard","5":"has-post-thumbnail","7":"category-titulares","8":"tag-breaking-news","9":"tag-breakingnews","10":"tag-es","11":"tag-espana","12":"tag-featured-news","13":"tag-featurednews","14":"tag-headlines","15":"tag-latest-news","16":"tag-latestnews","17":"tag-news","18":"tag-noticias","19":"tag-noticias-destacadas","20":"tag-noticiasdestacadas","21":"tag-spain","22":"tag-titulares","23":"tag-ultimas-noticias","24":"tag-ultimasnoticias"},"share_on_mastodon":{"url":"","error":""},"_links":{"self":[{"href":"https:\/\/www.europesays.com\/es\/wp-json\/wp\/v2\/posts\/132361","targetHints":{"allow":["GET"]}}],"collection":[{"href":"https:\/\/www.europesays.com\/es\/wp-json\/wp\/v2\/posts"}],"about":[{"href":"https:\/\/www.europesays.com\/es\/wp-json\/wp\/v2\/types\/post"}],"author":[{"embeddable":true,"href":"https:\/\/www.europesays.com\/es\/wp-json\/wp\/v2\/users\/2"}],"replies":[{"embeddable":true,"href":"https:\/\/www.europesays.com\/es\/wp-json\/wp\/v2\/comments?post=132361"}],"version-history":[{"count":0,"href":"https:\/\/www.europesays.com\/es\/wp-json\/wp\/v2\/posts\/132361\/revisions"}],"wp:featuredmedia":[{"embeddable":true,"href":"https:\/\/www.europesays.com\/es\/wp-json\/wp\/v2\/media\/116767"}],"wp:attachment":[{"href":"https:\/\/www.europesays.com\/es\/wp-json\/wp\/v2\/media?parent=132361"}],"wp:term":[{"taxonomy":"category","embeddable":true,"href":"https:\/\/www.europesays.com\/es\/wp-json\/wp\/v2\/categories?post=132361"},{"taxonomy":"post_tag","embeddable":true,"href":"https:\/\/www.europesays.com\/es\/wp-json\/wp\/v2\/tags?post=132361"}],"curies":[{"name":"wp","href":"https:\/\/api.w.org\/{rel}","templated":true}]}}