{"id":132362,"date":"2025-09-22T19:06:34","date_gmt":"2025-09-22T19:06:34","guid":{"rendered":"https:\/\/www.europesays.com\/es\/132362\/"},"modified":"2025-09-22T19:06:34","modified_gmt":"2025-09-22T19:06:34","slug":"el-tubos-aranda-firma-su-primera-derrota-del-curso-ante-el-huesca","status":"publish","type":"post","link":"https:\/\/www.europesays.com\/es\/132362\/","title":{"rendered":"El Tubos Aranda firma su primera derrota del curso ante el Huesca"},"content":{"rendered":"<p><a class=\"v-mdl-ath__fig-a\" href=\"https:\/\/www.burgosconecta.es\/autor\/burgosconecta-2120.html\" title=\"BURGOSconecta\" rel=\"nofollow noopener\" target=\"_blank\"><br \/>\n<img decoding=\"async\" class=\"v-mdl-ath__img\" src=\"https:\/\/www.europesays.com\/es\/wp-content\/uploads\/2025\/08\/autor-2120-foto-2.jpeg\" alt=\"BURGOSconecta\"\/><br \/>\n<\/a><\/p>\n<p class=\"v-mdl-ath__p v-mdl-ath__p--6\">\nDomingo, 21 de septiembre 2025, 11:14<\/p>\n<p class=\"v-p\">El Tubos Aranda cae en su primer compromiso a domicilio frente a un Bada Huesca dominante (28-25), especialmente en la primera parte. Lastraron la actuaci\u00f3n del conjunto arandino hasta diez exclusiones y nueve penas m\u00e1ximas. Pau Guitart firm\u00f3 un 12\/37 (32%) que lo coloc\u00f3 como uno de los hombres de la noche aragonesa.<\/p>\n<p class=\"v-p\">Inicio ya complicado y que marc\u00f3 claramente el devenir del choque en lo que al aspecto emocional se refiere. El tanto de Asier Iribar a los 26 segundos supuso el \u00fanico momento de tablas del choque, y abri\u00f3 una sequ\u00eda goleadora que se prolong\u00f3 cerca de 13 minutos. Compases en los que los oscenses aprovecharon para firmar un parcial de 4-0 y dejar patente su poder\u00edo tanto en ataque como en la porter\u00eda de Ben Tekaya (5-1).<\/p>\n<p class=\"v-p\">La reacci\u00f3n lleg\u00f3 de manera inmediata tras el tiempo muerto solicitado por Javi M\u00e1rquez. Dalmau Huix, David L\u00f3pez y Alex Berbel sellaron un parcial de 3-0 que meti\u00f3 en partido a los ribere\u00f1os, y que no se termin\u00f3 de desbalanzar hasta los \u00faltimos cinco minutos (11-7). Con Ben Tekaya apareciendo una y otra vez, las exclusiones volvieron a mermar al cuadro arandino y para mayor inri, en su mayor\u00eda de ocasiones acompa\u00f1adas por siete metros en servicio de Rafael Paulo. El brasile\u00f1o sobresali\u00f3 como especialista, pero fue Tchitombi con el tiempo ya cumplido quien cerr\u00f3 al descanso con un importante 15-11.<\/p>\n<p class=\"v-p\">La vuelta de vestuarios sent\u00f3 bien al Tubos Aranda, quien a trav\u00e9s de Asier Iribar y Rogonovs no s\u00f3lo mejor\u00f3 en ataque, sino que incluso remont\u00f3 y dispuso de posesi\u00f3n para igualar la contienda (18-17). Error en el inicio de dicha jugada el que priv\u00f3 de esa posibilidad, y que a su vez desemboc\u00f3 en un nuevo parcial de 3-0 en contra. Pinillos comand\u00f3 un intento de reacci\u00f3n con dos dianas consecutivas (23-21), pero en poco quedar\u00eda despu\u00e9s de tres nuevas exclusiones que dejaron en nada el ataque de orgullo amarillo.<\/p>\n<p class=\"v-p\">Finalmente, 28-25 y sensaci\u00f3n amarga tras acariciar la lucha por los puntos en momentos clave del encuentro. De igual manera, ahora llega una semana de descanso tras el aplazamiento del duelo ante el Bar\u00e7a, por lo que el equipo no volver\u00e1 a la competici\u00f3n liguera hasta el domingo 5 de octubre frente a Sanicentro BM Guadalajara.<\/p>\n<p>Comenta<\/p>\n<p>Reporta un error<\/p>\n","protected":false},"excerpt":{"rendered":"Domingo, 21 de septiembre 2025, 11:14 El Tubos Aranda cae en su primer compromiso a domicilio frente a&hellip;\n","protected":false},"author":2,"featured_media":132363,"comment_status":"","ping_status":"","sticky":false,"template":"","format":"standard","meta":{"footnotes":""},"categories":[278],"tags":[1575,11836,376,3445,168,2244,25,24,3822,375,1265,1078,23,167,39606],"class_list":{"0":"post-132362","1":"post","2":"type-post","3":"status-publish","4":"format-standard","5":"has-post-thumbnail","7":"category-balonmano","8":"tag-ante","9":"tag-aranda","10":"tag-balonmano","11":"tag-curso","12":"tag-deportes","13":"tag-derrota","14":"tag-es","15":"tag-espana","16":"tag-firma","17":"tag-handball","18":"tag-huesca","19":"tag-primera","20":"tag-spain","21":"tag-sports","22":"tag-tubos"},"share_on_mastodon":{"url":"","error":""},"_links":{"self":[{"href":"https:\/\/www.europesays.com\/es\/wp-json\/wp\/v2\/posts\/132362","targetHints":{"allow":["GET"]}}],"collection":[{"href":"https:\/\/www.europesays.com\/es\/wp-json\/wp\/v2\/posts"}],"about":[{"href":"https:\/\/www.europesays.com\/es\/wp-json\/wp\/v2\/types\/post"}],"author":[{"embeddable":true,"href":"https:\/\/www.europesays.com\/es\/wp-json\/wp\/v2\/users\/2"}],"replies":[{"embeddable":true,"href":"https:\/\/www.europesays.com\/es\/wp-json\/wp\/v2\/comments?post=132362"}],"version-history":[{"count":0,"href":"https:\/\/www.europesays.com\/es\/wp-json\/wp\/v2\/posts\/132362\/revisions"}],"wp:featuredmedia":[{"embeddable":true,"href":"https:\/\/www.europesays.com\/es\/wp-json\/wp\/v2\/media\/132363"}],"wp:attachment":[{"href":"https:\/\/www.europesays.com\/es\/wp-json\/wp\/v2\/media?parent=132362"}],"wp:term":[{"taxonomy":"category","embeddable":true,"href":"https:\/\/www.europesays.com\/es\/wp-json\/wp\/v2\/categories?post=132362"},{"taxonomy":"post_tag","embeddable":true,"href":"https:\/\/www.europesays.com\/es\/wp-json\/wp\/v2\/tags?post=132362"}],"curies":[{"name":"wp","href":"https:\/\/api.w.org\/{rel}","templated":true}]}}