{"id":132366,"date":"2025-09-22T19:09:09","date_gmt":"2025-09-22T19:09:09","guid":{"rendered":"https:\/\/www.europesays.com\/es\/132366\/"},"modified":"2025-09-22T19:09:09","modified_gmt":"2025-09-22T19:09:09","slug":"europa-juega-por-orgullo-la-ryder-eeuu-lo-hace-con-salario","status":"publish","type":"post","link":"https:\/\/www.europesays.com\/es\/132366\/","title":{"rendered":"Europa juega por orgullo la Ryder, EEUU lo hace con salario"},"content":{"rendered":"<p>\t\t\t\t\tPodr\u00eda ser un arma de doble filo advirti\u00f3 el capit\u00e1n Donald; \u201cSi los jugadores estadounidenses cobran y no rinden, el p\u00fablico se lo har\u00e1 saber\u201d<br \/>\n<img fetchpriority=\"high\" decoding=\"async\" class=\"size-full wp-image-319098\" src=\"https:\/\/www.europesays.com\/es\/wp-content\/uploads\/2025\/09\/Donald-Luke_Original-Image_m389679.jpg\" alt=\"Ryder Cup, Ryder Cup 2025, Team USA, Team Europe, Bethpage Black, Luke Donald, \" width=\"650\" height=\"433\"  \/>Luke Donald advierte que podr\u00eda volverse contra el equipo USA el cobrar en la Ryder<\/p>\n<p style=\"text-align: justify;\">La <strong>Ryder Cup 2025<\/strong> en <strong>Bethpage Black<\/strong> ya promet\u00eda ser uno de los eventos deportivos m\u00e1s intensos del a\u00f1o, con una atm\u00f3sfera \u00fanica en <strong>Nueva York<\/strong> y un p\u00fablico entregado a su equipo. Sin embargo, la pol\u00e9mica se ha colado en la previa tras salir, de nuevo, a la palestra que los jugadores estadounidenses recibir\u00e1n un pago de <strong>500.000 d\u00f3lares<\/strong> cada uno por participar en la competici\u00f3n.<\/p>\n<p style=\"text-align: justify;\">De ese medio mill\u00f3n de d\u00f3lares, <strong>300.000 d\u00f3lares<\/strong> ser\u00e1n destinados a obras ben\u00e9ficas; mientras que los otros <strong>200.000<\/strong> ir\u00e1n a parar directamente al bolsillo de cada jugador como estipendio personal. Una decisi\u00f3n hist\u00f3rica de la <strong>PGA of America<\/strong>, que ha generado debate entre aficionados, prensa y exjugadores sobre si el dinero debe formar parte de un torneo con tanta tradici\u00f3n y carga simb\u00f3lica.<\/p>\n<p style=\"text-align: justify;\">En contraste, el <strong>Equipo Europeo<\/strong> liderado por <strong>Luke Donald<\/strong> en el que figura Jon Rahm, ha reiterado su posici\u00f3n. Ning\u00fan jugador recibir\u00e1 compensaci\u00f3n econ\u00f3mica por representar a su continente. Una postura que muchos consideran una \u201cvictoria moral\u201d incluso antes de dar el primer golpe; reforzando el car\u00e1cter desinteresado y simb\u00f3lico de competir por la gloria y el orgullo colectivo.<\/p>\n<p style=\"text-align: justify;\">Donald, consciente de la presi\u00f3n que supone jugar en territorio estadounidense, subray\u00f3 la diferencia de filosof\u00edas.\u00a0\u201cUn par de cientos de miles de d\u00f3lares no significan nada en el gran esquema de las cosas. La Ryder Cup no va de dinero, va de prop\u00f3sito; de orgullo y de representar algo m\u00e1s grande que nosotros mismos\u201d.<\/p>\n<p style=\"text-align: justify;\">El capit\u00e1n europeo no dud\u00f3 en advertir que el pago a los locales puede convertirse en un arma de doble filo. Con entradas a un precio medio de <strong>750 d\u00f3lares<\/strong>, las m\u00e1s caras de la historia, los aficionados neoyorquinos esperan espect\u00e1culo y victorias. \u201cSi los jugadores estadounidenses cobran y no rinden, el p\u00fablico se lo har\u00e1 saber\u201d; advirti\u00f3 Donald.<\/p>\n<p style=\"text-align: justify;\">As\u00ed, la Ryder Cup no solo enfrentar\u00e1 a dos equipos legendarios, sino tambi\u00e9n a dos visiones distintas del deporte; la estadounidense, ahora marcada por la recompensa econ\u00f3mica, y la europea, sostenida en el valor del honor, la tradici\u00f3n y la pasi\u00f3n. El 26 de septiembre, d\u00eda del comienzo de la competici\u00f3n en Bethpage Black, no solo se jugar\u00e1n puntos\u2026 tambi\u00e9n se pondr\u00e1 en juego el alma de la Ryder Cup.<\/p>\n<p style=\"text-align: justify;\"><strong>Puede seguir a OpenGolf en <\/strong><a style=\"color: #008000;\" href=\"https:\/\/www.facebook.com\/opengolfes.es\/\" rel=\"nofollow noopener\" target=\"_blank\"><strong>Facebook<\/strong><\/a><strong>; <\/strong><a style=\"color: #008000;\" href=\"https:\/\/twitter.com\/opengolf_news\" rel=\"nofollow noopener\" target=\"_blank\"><strong>Twitter<\/strong><\/a><strong>; <\/strong><a style=\"color: #008000;\" href=\"https:\/\/www.linkedin.com\/in\/fernando-molina-b1455a14\/\" rel=\"nofollow noopener\" target=\"_blank\"><strong>LinkedIn<\/strong><\/a><strong> y suscribi\u00e9ndose a trav\u00e9s de este enlace a nuestra <\/strong><a style=\"color: #008000;\" href=\"https:\/\/opengolf.es\/newsletters.php\" rel=\"nofollow noopener\" target=\"_blank\"><strong>Newsletter Semanal<\/strong><\/a><\/p>\n<p>\t\t\t\t<script async src=\"https:\/\/platform.twitter.com\/widgets.js\" charset=\"utf-8\"><\/script><\/p>\n","protected":false},"excerpt":{"rendered":"Podr\u00eda ser un arma de doble filo advirti\u00f3 el capit\u00e1n Donald; \u201cSi los jugadores estadounidenses cobran y no&hellip;\n","protected":false},"author":2,"featured_media":132367,"comment_status":"","ping_status":"","sticky":false,"template":"","format":"standard","meta":{"footnotes":""},"categories":[275],"tags":[39987,168,25,24,329,392,2624,24164,23,167,42280,42281],"class_list":{"0":"post-132366","1":"post","2":"type-post","3":"status-publish","4":"format-standard","5":"has-post-thumbnail","7":"category-golf","8":"tag-bethpage-black","9":"tag-deportes","10":"tag-es","11":"tag-espana","12":"tag-golf","13":"tag-luke-donald","14":"tag-ryder-cup","15":"tag-ryder-cup-2025","16":"tag-spain","17":"tag-sports","18":"tag-team-europe","19":"tag-team-usa"},"share_on_mastodon":{"url":"","error":""},"_links":{"self":[{"href":"https:\/\/www.europesays.com\/es\/wp-json\/wp\/v2\/posts\/132366","targetHints":{"allow":["GET"]}}],"collection":[{"href":"https:\/\/www.europesays.com\/es\/wp-json\/wp\/v2\/posts"}],"about":[{"href":"https:\/\/www.europesays.com\/es\/wp-json\/wp\/v2\/types\/post"}],"author":[{"embeddable":true,"href":"https:\/\/www.europesays.com\/es\/wp-json\/wp\/v2\/users\/2"}],"replies":[{"embeddable":true,"href":"https:\/\/www.europesays.com\/es\/wp-json\/wp\/v2\/comments?post=132366"}],"version-history":[{"count":0,"href":"https:\/\/www.europesays.com\/es\/wp-json\/wp\/v2\/posts\/132366\/revisions"}],"wp:featuredmedia":[{"embeddable":true,"href":"https:\/\/www.europesays.com\/es\/wp-json\/wp\/v2\/media\/132367"}],"wp:attachment":[{"href":"https:\/\/www.europesays.com\/es\/wp-json\/wp\/v2\/media?parent=132366"}],"wp:term":[{"taxonomy":"category","embeddable":true,"href":"https:\/\/www.europesays.com\/es\/wp-json\/wp\/v2\/categories?post=132366"},{"taxonomy":"post_tag","embeddable":true,"href":"https:\/\/www.europesays.com\/es\/wp-json\/wp\/v2\/tags?post=132366"}],"curies":[{"name":"wp","href":"https:\/\/api.w.org\/{rel}","templated":true}]}}