{"id":132370,"date":"2025-09-22T19:12:10","date_gmt":"2025-09-22T19:12:10","guid":{"rendered":"https:\/\/www.europesays.com\/es\/132370\/"},"modified":"2025-09-22T19:12:10","modified_gmt":"2025-09-22T19:12:10","slug":"una-figura-de-la-formula-1-revelo-que-estuvo-al-limite-y-analizo-no-correr-el-gp-de-azerbaiyan-por-una-enfermedad","status":"publish","type":"post","link":"https:\/\/www.europesays.com\/es\/132370\/","title":{"rendered":"Una figura de la F\u00f3rmula 1 revel\u00f3 que \u201cestuvo al l\u00edmite\u201d y analiz\u00f3 no correr el GP de Azerbaiy\u00e1n por una enfermedad"},"content":{"rendered":"<p><img alt=\"George Russell sufri\u00f3 por una\" class=\"global-image\" decoding=\"async\" fetchpriority=\"high\" height=\"2926\" loading=\"eager\" src=\"https:\/\/www.europesays.com\/es\/wp-content\/uploads\/2025\/09\/RBMYJRFH55E3HHHD3S4D2BQE4Y.JPG\" width=\"4186\"\/>George Russell sufri\u00f3 por una enfermedad durante el GP de Azerbaiy\u00e1n (REUTERS\/Anton Vaganov)<\/p>\n<p class=\"paragraph\"><b>George Russell<\/b> estuvo a punto de no participar del <a href=\"https:\/\/www.infobae.com\/deportes\/2025\/09\/21\/franco-colapinto-largara-desde-el-puesto-16-el-gran-premio-de-azerbaiyan-de-la-formula-1-todo-lo-que-hay-que-saber\/\" target=\"_blank\" rel=\"noreferrer nofollow noopener\" title=\"https:\/\/www.infobae.com\/deportes\/2025\/09\/21\/franco-colapinto-largara-desde-el-puesto-16-el-gran-premio-de-azerbaiyan-de-la-formula-1-todo-lo-que-hay-que-saber\/\"><b>Gran Premio de Azerbaiy\u00e1n<\/b><\/a> debido a una <b>enfermedad viral<\/b> que puso en duda su presencia hasta \u00faltimo momento. La decisi\u00f3n de competir se tom\u00f3 apenas horas antes de la carrera, en medio de una gran incertidumbre sobre su estado f\u00edsico. A pesar de las dificultades, el piloto brit\u00e1nico de <b>Mercedes<\/b> consigui\u00f3 meritorio <b>segundo puesto<\/b> que result\u00f3 determinante en la lucha por el Campeonato de Constructores de la <b>F\u00f3rmula 1<\/b>.<\/p>\n<p class=\"paragraph\">Durante el fin de semana en Bak\u00fa, Russell se vio afectado por un virus que lo oblig\u00f3 a ausentarse de las actividades de prensa, incluida la conferencia oficial de la FIA del jueves. <b>El viernes, aunque segu\u00eda sinti\u00e9ndose muy mal, decidi\u00f3 salir a pista para la pr\u00e1ctica libre<\/b>. El propio piloto reconoci\u00f3 que llevaba a\u00f1os sin enfermarse y que los s\u00edntomas lo sorprendieron por su intensidad en esos d\u00edas. \u201cPor suerte, fue Bak\u00fa. Aunque es uno de los circuitos m\u00e1s duros, mental y f\u00edsicamente quiz\u00e1 es uno de los m\u00e1s f\u00e1ciles\u201d, dijo Russell en di\u00e1logo con los medios en el paddock tras la premiaci\u00f3n. \u201cEl viernes y s\u00e1bado estaba realmente muy mal, y <b>si hubiera sido en Singapur, por ejemplo, creo que probablemente habr\u00eda decidido parar el viernes, para ser honesto, y probablemente no habr\u00eda corrido<\/b>\u201d, explic\u00f3.<\/p>\n<p class=\"paragraph\">\u201cFue, de alguna manera, un momento afortunado. No me hab\u00eda enfermado en un par de a\u00f1os, en realidad, as\u00ed que todo me golpe\u00f3 de golpe en estos d\u00edas. Pero ahora estoy en recuperaci\u00f3n\u201d, agreg\u00f3 el brit\u00e1nico, que <b>sum\u00f3 su s\u00e9ptimo podio en lo que va de la temporada 2025<\/b>, en la que logr\u00f3 su \u00fanica victoria en el GP de Canad\u00e1.<\/p>\n<p class=\"paragraph\">La gravedad de su estado llev\u00f3 a Mercedes a considerar seriamente un reemplazo. <b>Valtteri Bottas<\/b>, futuro piloto de Cadillac y exintegrante de la escuder\u00eda, estuvo presente en Bak\u00fa preparado para ocupar el asiento si Russell no pod\u00eda competir. El jefe del equipo <b>Toto Wolff<\/b> se\u00f1al\u00f3 que la decisi\u00f3n sobre la participaci\u00f3n de su piloto n\u00famero 1 estuvo \u201cal l\u00edmite\u201d, especialmente durante la ma\u00f1ana del viernes, cuando el propio Russell expres\u00f3 dudas sobre su capacidad para pilotar. Sin embargo, tras una leve mejor\u00eda, el brit\u00e1nico decidi\u00f3 continuar y afrontar el desaf\u00edo, mostrando una determinaci\u00f3n que fue reconocida por su entorno.<\/p>\n<p class=\"paragraph\"><b>\u201cMuy impresionante, considerando que el viernes por la ma\u00f1ana estuvo al l\u00edmite la decisi\u00f3n de si Valtteri se subir\u00eda al coche, y fue el propio George quien dijo: \u2018No estoy seguro de poder hacerlo\u2019\u201c<\/b>, explic\u00f3 Wolff. \u201cLuego se recuper\u00f3 un poco en la ma\u00f1ana y decidi\u00f3 subirse al coche, y cada d\u00eda estuvo m\u00e1s fuerte. Luego hizo una carrera de una hora y media aqu\u00ed en Bak\u00fa, sin cometer un solo error con ambos compuestos de neum\u00e1ticos, y fue un segundo puesto s\u00faper merecido\u201d, sum\u00f3 la cara fuerte de las Flechas de Plata.<\/p>\n<p><img alt=\"Russell lleg\u00f3 segundo en el\" class=\"global-image\" decoding=\"async\" fetchpriority=\"low\" height=\"3533\" loading=\"lazy\" src=\"https:\/\/www.europesays.com\/es\/wp-content\/uploads\/2025\/09\/6IZNDMRWABA47AA2T4FYLZD6HU.JPG\" width=\"5260\"\/>Russell lleg\u00f3 segundo en el circuito callejero de Bak\u00fa (REUTERS\/Lisi Niesner)<\/p>\n<p class=\"paragraph\"><b>Ya en la pista, Russell realiz\u00f3 una actuaci\u00f3n s\u00f3lida<\/b>. En la clasificaci\u00f3n del s\u00e1bado se ubic\u00f3 quinto y, durante la carrera del domingo, su ritmo con el neum\u00e1tico duro le permiti\u00f3 superar a rivales directos como <b>Andrea Kimi Antonelli<\/b>, <b>Liam Lawson<\/b> y <b>Carlos Sainz<\/b>. El piloto de Mercedes evit\u00f3 errores y aprovech\u00f3 los problemas de sus competidores habituales, lo que le permiti\u00f3 escalar hasta la segunda posici\u00f3n. Seg\u00fan el an\u00e1lisis del equipo, si Russell hubiera encontrado un poco m\u00e1s de rendimiento en la clasificaci\u00f3n, podr\u00eda haber planteado una mayor amenaza a <b>Max Verstappen<\/b>, quien finalmente se llev\u00f3 la victoria. Wolff destac\u00f3 que el resultado fue \u201cs\u00faper merecido\u201d, considerando el contexto f\u00edsico adverso y la consistencia mostrada durante la carrera.<\/p>\n<p class=\"paragraph\">El segundo puesto de Russell tuvo repercusiones inmediatas en la clasificaci\u00f3n del campeonato. El brit\u00e1nico sum\u00f3 18 puntos, elevando su total a <b>212<\/b>, un avance significativo respecto a los 194 que ten\u00eda tras el Gran Premio de Italia. En la cima de la tabla, <b>Oscar Piastri<\/b> (McLaren) se mantiene l\u00edder con <b>324 puntos<\/b>, pese a abandonar en la primera vuelta en Bak\u00fa. <b>Lando Norris<\/b>, su compa\u00f1ero de equipo, sigue segundo con <b>299 unidades<\/b>, mientras que Verstappen, tras su triunfo, recort\u00f3 distancias y ahora acumula <b>255 puntos<\/b>, situ\u00e1ndose a 69 del l\u00edder. La diferencia entre Norris y Verstappen se redujo a 44 puntos, intensificando la lucha por el subcampeonato.<\/p>\n<p class=\"paragraph\">En el campeonato de constructores, <b>McLaren<\/b> contin\u00faa al frente con <b>623 puntos<\/b>, aunque el abandono de Piastri y el s\u00e9ptimo puesto de Norris impidieron que el equipo asegurara el t\u00edtulo en Bak\u00fa. Mercedes, impulsado por el resultado de Russell, se consolid\u00f3 como segundo con <b>290 puntos<\/b>, seguido de cerca por <b>Ferrari<\/b> (286). <b>Red Bull<\/b>, gracias a las victorias consecutivas de Verstappen, se acerc\u00f3 en la pelea por el subcampeonato con <b>272 unidades<\/b>. <b>Williams<\/b>, por su parte, celebr\u00f3 el podio de Carlos Sainz, quien fue elegido Piloto del D\u00eda y sum\u00f3 su primer podio con la escuder\u00eda, alcanzando los <b>31 puntos<\/b> y ubic\u00e1ndose duod\u00e9cimo en la clasificaci\u00f3n de pilotos.<\/p>\n<p class=\"paragraph\">El Gran Premio de Azerbaiy\u00e1n tambi\u00e9n dej\u00f3 actuaciones destacadas de otros protagonistas. Kimi Antonelli logr\u00f3 su mejor resultado con un cuarto puesto, mientras que Liam Lawson finaliz\u00f3 quinto, igualando en puntos a <b>Fernando Alonso<\/b>. La pr\u00f3xima cita de la F1 ser\u00e1 en otro callejero, esta vez en Singapur, del 3 al 5 de octubre. <\/p>\n","protected":false},"excerpt":{"rendered":"George Russell sufri\u00f3 por una enfermedad durante el GP de Azerbaiy\u00e1n (REUTERS\/Anton Vaganov) George Russell estuvo a punto&hellip;\n","protected":false},"author":2,"featured_media":132371,"comment_status":"","ping_status":"","sticky":false,"template":"","format":"standard","meta":{"footnotes":""},"categories":[270],"tags":[36481,168,25,24,406,306,271,272,3019,23,3020,167],"class_list":{"0":"post-132370","1":"post","2":"type-post","3":"status-publish","4":"format-standard","5":"has-post-thumbnail","7":"category-formula-1","8":"tag-baku","9":"tag-deportes","10":"tag-es","11":"tag-espana","12":"tag-europe","13":"tag-f1","14":"tag-formula-1","15":"tag-formula1","16":"tag-motor-racing","17":"tag-spain","18":"tag-sport","19":"tag-sports"},"share_on_mastodon":{"url":"","error":""},"_links":{"self":[{"href":"https:\/\/www.europesays.com\/es\/wp-json\/wp\/v2\/posts\/132370","targetHints":{"allow":["GET"]}}],"collection":[{"href":"https:\/\/www.europesays.com\/es\/wp-json\/wp\/v2\/posts"}],"about":[{"href":"https:\/\/www.europesays.com\/es\/wp-json\/wp\/v2\/types\/post"}],"author":[{"embeddable":true,"href":"https:\/\/www.europesays.com\/es\/wp-json\/wp\/v2\/users\/2"}],"replies":[{"embeddable":true,"href":"https:\/\/www.europesays.com\/es\/wp-json\/wp\/v2\/comments?post=132370"}],"version-history":[{"count":0,"href":"https:\/\/www.europesays.com\/es\/wp-json\/wp\/v2\/posts\/132370\/revisions"}],"wp:featuredmedia":[{"embeddable":true,"href":"https:\/\/www.europesays.com\/es\/wp-json\/wp\/v2\/media\/132371"}],"wp:attachment":[{"href":"https:\/\/www.europesays.com\/es\/wp-json\/wp\/v2\/media?parent=132370"}],"wp:term":[{"taxonomy":"category","embeddable":true,"href":"https:\/\/www.europesays.com\/es\/wp-json\/wp\/v2\/categories?post=132370"},{"taxonomy":"post_tag","embeddable":true,"href":"https:\/\/www.europesays.com\/es\/wp-json\/wp\/v2\/tags?post=132370"}],"curies":[{"name":"wp","href":"https:\/\/api.w.org\/{rel}","templated":true}]}}