{"id":132378,"date":"2025-09-22T19:18:14","date_gmt":"2025-09-22T19:18:14","guid":{"rendered":"https:\/\/www.europesays.com\/es\/132378\/"},"modified":"2025-09-22T19:18:14","modified_gmt":"2025-09-22T19:18:14","slug":"la-gente-que-dice-que-la-he-enchufado-miente","status":"publish","type":"post","link":"https:\/\/www.europesays.com\/es\/132378\/","title":{"rendered":"La gente que dice que la he enchufado miente"},"content":{"rendered":"<p><img loading=\"lazy\" decoding=\"async\" src=\"https:\/\/www.europesays.com\/es\/wp-content\/uploads\/2025\/09\/100x100_informalia-logo.jpg\" itemtype=\"\/\/schema.org\/ImageObject\" itemprop=\"url\" alt=\"Informalia\" width=\"64\" height=\"64\" pinger-seen=\"true\"\/><\/p>\n<p>Sarah Santaolalla se ha convertido en los \u00faltimos meses en la colaboradora estrella de las tertulias pol\u00edticas. Participa en Espejo p\u00fablico, En boca de todos, Directo al grano y tambi\u00e9n en Ma\u00f1aneros, el programa que presenta su pareja, Javier Ruiz, quien ha salido en su defensa ante quienes dicen que est\u00e1 ah\u00ed por \u00e9l.<\/p>\n<p><b>\u00abLa gente que dice que la he enchufado miente\u00bb<\/b>, afirma. \u00abElla era colaboradora de Ma\u00f1aneros un a\u00f1o antes de que llegara yo. Y mi poder en Telecinco vamos a dejarlo en que es relativo\u00bb, comenta en una entrevista en El Pa\u00eds. Sobre las cr\u00edticas que recibe Santaolalla, Ruiz habla de \u00abmachismo repugnante\u00bb. \u00abEsto va contra una profesional a la que le sacude un machismo repugnante, independientemente de que tenga pareja o la deje de tener\u00bb, ha dicho sobre la tertuliana que hace unas semanas estuvo en el punto de mira de la oposici\u00f3n, cuando <b><a href=\"https:\/\/www.eleconomista.es\/informalia\/television\/noticias\/13520464\/08\/25\/el-pp-exige-a-tve-que-prescinda-de-sarah-santaolalla-por-llamar-inutiles-a-sus-votantes-y-la-colaboradora-se-revuelve-en-el-programa-de-cintora.html\" title=\"El PP exige a TVE el despido de Sarah Santaolalla por llamar &quot;in\u00fatiles&quot; a sus votantes y la colaboradora se revuelve\" rel=\"nofollow noopener\" target=\"_blank\">el PP lleg\u00f3 a pedir a RTVE que prescindiera de ella.<\/a><\/b><\/p>\n<p>Javier Ruiz se incorpor\u00f3 hace unos meses a TVE para dar un giro a los contenidos de Ma\u00f1aneros, cuya escaleta ahora est\u00e1 centrada en los asuntos pol\u00edticos, econ\u00f3micos y sociales, algo que ha resultado todo un \u00e9xito, como demuestran los resultados de audiencia. Preguntado si le presionan m\u00e1s lo pol\u00edticos, las empresas o la competencia, el presentador lo tiene claro: \u00abEn el periodismo en general, las empresas. Nunca han tenido tanto poder porque la publicidad hoy marca la diferencia entre estar en n\u00fameros rojos o negros. En los medios p\u00fablicos, los partidos\u00bb, ha dicho. <b>\u00abY los rivales hacen otras cosas&#8230;\u00bb<\/b>, ha continuado Ruiz.<\/p>\n<p>El presentador ha centrado esto \u00faltimo en algo m\u00e1s concreto: \u00abdesprecios\u00bb que estar\u00eda recibiendo de compa\u00f1eros. \u00abComo si a algunos les correspondiera por t\u00edtulo divino el liderazgo. <b>A m\u00ed jam\u00e1s me habr\u00e1s o\u00eddo hablar mal de Ana Rosa o de Ferreras<\/b>. Tengo enormes discrepancias con ambos, pero no se me ocurre insultarles, despreciarles o decir que est\u00e1n subvencionados, con el dinero p\u00fablico que ingresan. Me sorprende que lo hagan de m\u00ed. Y creo que es por la audiencia\u00bb, ha analizado.<\/p>\n<p>WhatsApp<a href=\"https:\/\/api.whatsapp.com\/send?text=https:\/\/www.eleconomista.es\/informalia\/television\/noticias\/13557456\/09\/25\/javier-ruiz-sale-en-defensa-de-sarah-santaolalla-su-novia-la-gente-que-dice-que-la-he-enchufado-miente.html?utm_source%3Dwhatsapp%26utm_medium%3Dshare_button&amp;id=1648118629957_whatsapp\" target=\"_blank\" data-action=\"share\/whatsapp\/share\" aria-label=\"Compartir en Whatsapp\" rel=\"nofollow noopener\"><\/a>Facebook<a id=\"fb-share\" href=\"#\" target=\"_blank\" rel=\"noopener noreferrer\" aria-label=\"Compartir en Facebook\"><\/a>Twitter<a href=\"https:\/\/twitter.com\/share?text=Javier+Ruiz+sale+en+defensa+de+Sarah+Santaolalla%2C+su+novia%3A+%22La+gente+que+dice+que+la+he+enchufado+miente%22&amp;url=https:\/\/www.eleconomista.es\/informalia\/television\/noticias\/13557456\/09\/25\/javier-ruiz-sale-en-defensa-de-sarah-santaolalla-su-novia-la-gente-que-dice-que-la-he-enchufado-miente.html&amp;via=Informalia&amp;id=1648118839245_twitter\" target=\"_blank\" aria-label=\"Compartir en Twitter\" rel=\"nofollow noopener\"><\/a>Linkedin<a onclick=\"return abrirLinkedin();\" href=\"https:\/\/www.linkedin.com\/shareArticle?text=Javier+Ruiz+sale+en+defensa+de+Sarah+Santaolalla%2C+su+novia%3A+%22La+gente+que+dice+que+la+he+enchufado+miente%22&amp;url=https:\/\/www.eleconomista.es\/informalia\/television\/noticias\/13557456\/09\/25\/javier-ruiz-sale-en-defensa-de-sarah-santaolalla-su-novia-la-gente-que-dice-que-la-he-enchufado-miente.html&amp;mini=true\" target=\"_blank\" aria-label=\"Compartir en linkedin\" rel=\"nofollow noopener\"><\/a>Beloud<a href=\"https:\/\/beloud.com\/share?text=Javier+Ruiz+sale+en+defensa+de+Sarah+Santaolalla%2C+su+novia%3A+%22La+gente+que+dice+que+la+he+enchufado+miente%22&amp;url=https:\/\/www.eleconomista.es\/informalia\/television\/noticias\/13557456\/09\/25\/javier-ruiz-sale-en-defensa-de-sarah-santaolalla-su-novia-la-gente-que-dice-que-la-he-enchufado-miente.html&amp;via=Informalia&amp;id=1648118839245_beloud\" target=\"_blank\" aria-label=\"Compartir en beloud\" rel=\"nofollow noopener\"><\/a>Bluesky<a href=\"https:\/\/bsky.app\/intent\/compose?text=https:\/\/bsky.app\/intent\/compose?text=https:\/\/www.eleconomista.es\/informalia\/television\/noticias\/13557456\/09\/25\/javier-ruiz-sale-en-defensa-de-sarah-santaolalla-su-novia-la-gente-que-dice-que-la-he-enchufado-miente.html&amp;url=https:\/\/www.eleconomista.es\/informalia\/television\/noticias\/13557456\/09\/25\/javier-ruiz-sale-en-defensa-de-sarah-santaolalla-su-novia-la-gente-que-dice-que-la-he-enchufado-miente.html&amp;via=elEconomistaes&amp;id=1648118839245_bluesky\" target=\"_blank\" aria-label=\"Compartir en bluesky\" rel=\"nofollow noopener\"><\/a><\/p>\n<p><script async src=\"https:\/\/platform.twitter.com\/widgets.js\" charset=\"utf-8\"><\/script><\/p>\n","protected":false},"excerpt":{"rendered":"Sarah Santaolalla se ha convertido en los \u00faltimos meses en la colaboradora estrella de las tertulias pol\u00edticas. Participa&hellip;\n","protected":false},"author":2,"featured_media":132379,"comment_status":"","ping_status":"","sticky":false,"template":"","format":"standard","meta":{"footnotes":""},"categories":[171],"tags":[146,147,25,24,23,807,214],"class_list":{"0":"post-132378","1":"post","2":"type-post","3":"status-publish","4":"format-standard","5":"has-post-thumbnail","7":"category-tv","8":"tag-entertainment","9":"tag-entretenimiento","10":"tag-es","11":"tag-espana","12":"tag-spain","13":"tag-television","14":"tag-tv"},"share_on_mastodon":{"url":"","error":""},"_links":{"self":[{"href":"https:\/\/www.europesays.com\/es\/wp-json\/wp\/v2\/posts\/132378","targetHints":{"allow":["GET"]}}],"collection":[{"href":"https:\/\/www.europesays.com\/es\/wp-json\/wp\/v2\/posts"}],"about":[{"href":"https:\/\/www.europesays.com\/es\/wp-json\/wp\/v2\/types\/post"}],"author":[{"embeddable":true,"href":"https:\/\/www.europesays.com\/es\/wp-json\/wp\/v2\/users\/2"}],"replies":[{"embeddable":true,"href":"https:\/\/www.europesays.com\/es\/wp-json\/wp\/v2\/comments?post=132378"}],"version-history":[{"count":0,"href":"https:\/\/www.europesays.com\/es\/wp-json\/wp\/v2\/posts\/132378\/revisions"}],"wp:featuredmedia":[{"embeddable":true,"href":"https:\/\/www.europesays.com\/es\/wp-json\/wp\/v2\/media\/132379"}],"wp:attachment":[{"href":"https:\/\/www.europesays.com\/es\/wp-json\/wp\/v2\/media?parent=132378"}],"wp:term":[{"taxonomy":"category","embeddable":true,"href":"https:\/\/www.europesays.com\/es\/wp-json\/wp\/v2\/categories?post=132378"},{"taxonomy":"post_tag","embeddable":true,"href":"https:\/\/www.europesays.com\/es\/wp-json\/wp\/v2\/tags?post=132378"}],"curies":[{"name":"wp","href":"https:\/\/api.w.org\/{rel}","templated":true}]}}