{"id":132390,"date":"2025-09-22T19:25:11","date_gmt":"2025-09-22T19:25:11","guid":{"rendered":"https:\/\/www.europesays.com\/es\/132390\/"},"modified":"2025-09-22T19:25:11","modified_gmt":"2025-09-22T19:25:11","slug":"el-centro-comercial-salera-estrena-una-nueva-tienda-de-moda","status":"publish","type":"post","link":"https:\/\/www.europesays.com\/es\/132390\/","title":{"rendered":"El centro comercial Salera estrena una nueva tienda de moda"},"content":{"rendered":"<p class=\"ft-text ft-helper-closenews\"><strong>El Centro Comercial Salera de Castell\u00f3n<\/strong> ampl\u00eda su oferta de moda con la apertura de una nueva tienda de moda, la primera de esta marca en Espa\u00f1a, que se ubicar\u00e1 en la planta baja del centro y contar\u00e1 con <strong>325 metros cuadrados<\/strong> de espacio dedicado a la <strong>moda urbana y contempor\u00e1nea.<\/strong><\/p>\n<p class=\"ft-text\">Esta nueva ense\u00f1a comercial -que ocupa el local comercial de Inside, que cerr\u00f3 en verano- nace con la misi\u00f3n de conectar con una nueva generaci\u00f3n que no busca encajar, sino definirse a su manera. La marca propone moda con intenci\u00f3n, pensada para el d\u00eda a d\u00eda pero con ese \u201calgo\u201d que<strong> eleva cualquier look sin esfuerzo.<\/strong> Cada colecci\u00f3n se sit\u00faa entre b\u00e1sicos funcionales y piezas que hablan por s\u00ed solas, inspiradas en la ciudad, la m\u00fasica, la noche y la cultura joven.<\/p>\n<p class=\"ft-text\">M\u00e1s que moda, la nueva tienda en Castell\u00f3n,<strong> Balmohk, busca ser parte activa de la conversaci\u00f3n cultural, <\/strong>construyendo desde el presente una marca con prop\u00f3sito, energ\u00eda propia y visi\u00f3n de futuro. Su identidad, nacida en el entorno digital y arraigada en la realidad urbana, refleja una generaci\u00f3n que se mueve con libertad y se expresa sin filtros.<\/p>\n<p class=\"ft-text\"><strong>Pertenece al grupo textil dan\u00e9s Bestseller, con otras marcas como Jack&amp;Jones, Vero Moda, Topshop o Name it.\u00a0<\/strong><\/p>\n<p>Para un p\u00fablico joven y urbano<\/p>\n<p class=\"ft-text\">En este contexto, <strong>Alejandro Galocha, gerente del Centro Comercial Salera,<\/strong> comenta: \u201cEstamos muy ilusionados con la llegada de Balmohk a Salera. Su propuesta conecta perfectamente con el p\u00fablico joven y urbano que busca marcas aut\u00e9nticas y con personalidad. Con esta apertura, reforzamos nuestra apuesta por ofrecer experiencias de compra diferenciadoras y espacios que inspiren a nuestros visitantes.\u201d<\/p>\n<p class=\"ft-text\">Con esta apertura, Salera refuerza su apuesta por marcas innovadoras y urbanas que conectan con las nuevas generaciones, ofreciendo experiencias de compra \u00fanicas y diferenciadoras.<\/p>\n<p data-close=\"closedContent\" class=\"subscribeHideForDisplay\">Suscr\u00edbete para seguir leyendo<\/p>\n","protected":false},"excerpt":{"rendered":"El Centro Comercial Salera de Castell\u00f3n ampl\u00eda su oferta de moda con la apertura de una nueva tienda&hellip;\n","protected":false},"author":2,"featured_media":132391,"comment_status":"","ping_status":"","sticky":false,"template":"","format":"standard","meta":{"footnotes":""},"categories":[80],"tags":[82,3965,245,42286,5057,95,94,25,24,1719,1023,795,6046,42285,23],"class_list":{"0":"post-132390","1":"post","2":"type-post","3":"status-publish","4":"format-standard","5":"has-post-thumbnail","7":"category-economia","8":"tag-business","9":"tag-castellon","10":"tag-centro","11":"tag-centro-comercial-salera","12":"tag-comercial","13":"tag-economia","14":"tag-economy","15":"tag-es","16":"tag-espana","17":"tag-estrena","18":"tag-moda","19":"tag-nueva","20":"tag-oferta","21":"tag-salera","22":"tag-spain"},"share_on_mastodon":{"url":"","error":""},"_links":{"self":[{"href":"https:\/\/www.europesays.com\/es\/wp-json\/wp\/v2\/posts\/132390","targetHints":{"allow":["GET"]}}],"collection":[{"href":"https:\/\/www.europesays.com\/es\/wp-json\/wp\/v2\/posts"}],"about":[{"href":"https:\/\/www.europesays.com\/es\/wp-json\/wp\/v2\/types\/post"}],"author":[{"embeddable":true,"href":"https:\/\/www.europesays.com\/es\/wp-json\/wp\/v2\/users\/2"}],"replies":[{"embeddable":true,"href":"https:\/\/www.europesays.com\/es\/wp-json\/wp\/v2\/comments?post=132390"}],"version-history":[{"count":0,"href":"https:\/\/www.europesays.com\/es\/wp-json\/wp\/v2\/posts\/132390\/revisions"}],"wp:featuredmedia":[{"embeddable":true,"href":"https:\/\/www.europesays.com\/es\/wp-json\/wp\/v2\/media\/132391"}],"wp:attachment":[{"href":"https:\/\/www.europesays.com\/es\/wp-json\/wp\/v2\/media?parent=132390"}],"wp:term":[{"taxonomy":"category","embeddable":true,"href":"https:\/\/www.europesays.com\/es\/wp-json\/wp\/v2\/categories?post=132390"},{"taxonomy":"post_tag","embeddable":true,"href":"https:\/\/www.europesays.com\/es\/wp-json\/wp\/v2\/tags?post=132390"}],"curies":[{"name":"wp","href":"https:\/\/api.w.org\/{rel}","templated":true}]}}