{"id":132392,"date":"2025-09-22T19:26:11","date_gmt":"2025-09-22T19:26:11","guid":{"rendered":"https:\/\/www.europesays.com\/es\/132392\/"},"modified":"2025-09-22T19:26:11","modified_gmt":"2025-09-22T19:26:11","slug":"la-venganza-de-trump-eclipsa-el-perdon-de-erika-kirk","status":"publish","type":"post","link":"https:\/\/www.europesays.com\/es\/132392\/","title":{"rendered":"La venganza de Trump eclipsa el perd\u00f3n de Erika Kirk"},"content":{"rendered":"<p style=\"\">Un contraste marcado domin\u00f3<a href=\"https:\/\/www.abc.es\/internacional\/sigue-directo-funeral-charlie-kirk-asisten-trump-20250921163804-nt.html\" target=\"_self\" data-voc-vtm-id=\"in-text-traffic\" title=\" el funeral de Charlie Kirk en Glendale\" data-mrf-link=\"www.abc.es\" rel=\"nofollow noopener\"> el funeral de Charlie Kirk en Glendale<\/a> este domingo. Su viuda, Erika, conmovi\u00f3 al p\u00fablico al proclamar el perd\u00f3n al hombre acusado de asesinar a su marido. \u00abPerdono al que le dispar\u00f3, porque el odio no se combate con odio,  &#8230; sino con amor\u00bb, dijo entre l\u00e1grimas, apelando a la fe cristiana y exhortando a los presentes a volver a la iglesia, a la oraci\u00f3n y a la vida familiar. Su mensaje fue de reconciliaci\u00f3n y consuelo, una invitaci\u00f3n a transformar la tragedia en renovaci\u00f3n espiritual.<\/p>\n<p class=\"voc-p\" style=\"\">El presidente, la otra gran estrella de la noche, disinti\u00f3.<\/p>\n<p class=\"voc-p\" style=\"\">Donald Trump desvi\u00f3 el tono del homenaje. Elogi\u00f3 a Kirk, pero lo hizo para subrayar sus diferencias: \u00ab\u00c9l no odiaba a sus oponentes; yo s\u00ed los odio y no quiero lo mejor para ellos\u00bb. En lugar de seguir la senda de la viuda, el presidente convirti\u00f3 su discurso en una promesa de combate pol\u00edtico, con referencias a la campa\u00f1a y ataques a la oposici\u00f3n.<\/p>\n<p class=\"voc-p\" style=\"\">El acto, celebrado en el estadio State Farm ante decenas de miles de personas, fue una mezcla de duelo, religi\u00f3n y pol\u00edtica. All\u00ed se escucharon intervenciones de miembros del Gobierno, como el vicepresidente J. D. Vance, que calific\u00f3 a Kirk de \u00abm\u00e1rtir de la fe cristiana\u00bb, y los secretarios Marco Rubio, Pete Hegseth y Robert F. Kennedy Jr. El ambiente, te\u00f1ido de revival religioso, lleg\u00f3 a comparar al joven activista con Mois\u00e9s, George Washington y Jesucristo.<\/p>\n<p class=\"voc-p\" style=\"\">Para muchos seguidores, la muerte de Kirk simboliza una persecuci\u00f3n pol\u00edtica. Trump y su equipo la han presentado como prueba de lo que llaman \u00abterrorismo de la izquierda radical\u00bb, aunque los fiscales insisten en que el acusado actu\u00f3 solo, movido por un odio personal.<\/p>\n<p class=\"voc-p\" style=\"\">Turning Point USA,<a href=\"https:\/\/www.abc.es\/internacional\/charlie-kirk-gran-agitador-trumpismo-juventud-eeuu-20250910213031-nt.html\" target=\"_self\" data-voc-vtm-id=\"in-text-traffic\" title=\" la organizaci\u00f3n fundada por Kirk\" data-mrf-link=\"www.abc.es\" rel=\"nofollow noopener\"> la organizaci\u00f3n fundada por Kirk<\/a>, anunci\u00f3 que ser\u00e1 dirigida ahora por Erika, que inst\u00f3 a los hombres a seguir el ejemplo de su marido como l\u00edderes espirituales de sus familias. Frente a su tono piadoso, Trump utiliz\u00f3 el escenario como tribuna partidista, adelantando anuncios sobre pol\u00edtica interior y atacando a sus adversarios. El resultado fue un funeral que bascul\u00f3 entre la fe y la confrontaci\u00f3n, y que evidenci\u00f3 la distancia entre el perd\u00f3n de la viuda y la intransigencia del presidente.<\/p>\n<p>\nUn estilo de gobierno\n<\/p>\n<p class=\"voc-p\" style=\"\">Trump ha hecho de la venganza un estilo de gobierno. La semana pasada public\u00f3 un mensaje en redes sociales \u2014que despu\u00e9s borr\u00f3\u2014 instando a la fiscal general a investigar a sus rivales pol\u00edticos, y el viernes, en un mitin, lleg\u00f3 a decir que no se deb\u00eda sentir pena por Joe Biden pese a su enfermedad y sus apuros econ\u00f3micos actuales, porque era, seg\u00fan sus palabras, \u00ab\u00a1deplorable!\u00bb.<\/p>\n<p class=\"voc-p\" style=\"\">El presidente aprovech\u00f3 un discurso concebido para homenajear a Charlie Kirk para desplegar su agenda pol\u00edtica m\u00e1s pol\u00e9mica. Entre alusiones a la figura del activista, defendi\u00f3 con pasi\u00f3n los aranceles que ha impuesto a China y Europa, as\u00ed como las deportaciones masivas que ha ordenado en los \u00faltimos meses. Lejos de limitarse al tono solemne de un funeral, convirti\u00f3 su intervenci\u00f3n en un repaso de sus medidas m\u00e1s controvertidas, present\u00e1ndolas como logros personales y promesas de continuidad, en una mezcla de duelo y propaganda que reafirm\u00f3 su estilo combativo.<\/p>\n","protected":false},"excerpt":{"rendered":"Un contraste marcado domin\u00f3 el funeral de Charlie Kirk en Glendale este domingo. Su viuda, Erika, conmovi\u00f3 al&hellip;\n","protected":false},"author":2,"featured_media":132393,"comment_status":"","ping_status":"","sticky":false,"template":"","format":"standard","meta":{"footnotes":""},"categories":[42],"tags":[17,18,42287,42288,13,14,11,61,62,63,64,36829,19,20,9,10,15,16,5821,12,936,21,22,25613,65,66,67],"class_list":{"0":"post-132392","1":"post","2":"type-post","3":"status-publish","4":"format-standard","5":"has-post-thumbnail","7":"category-internacional","8":"tag-breaking-news","9":"tag-breakingnews","10":"tag-eclipsa","11":"tag-erika","12":"tag-featured-news","13":"tag-featurednews","14":"tag-headlines","15":"tag-internacional","16":"tag-international","17":"tag-international-news","18":"tag-internationalnews","19":"tag-kirk","20":"tag-latest-news","21":"tag-latestnews","22":"tag-news","23":"tag-noticias","24":"tag-noticias-destacadas","25":"tag-noticiasdestacadas","26":"tag-perdon","27":"tag-titulares","28":"tag-trump","29":"tag-ultimas-noticias","30":"tag-ultimasnoticias","31":"tag-venganza","32":"tag-world","33":"tag-world-news","34":"tag-worldnews"},"share_on_mastodon":{"url":"","error":""},"_links":{"self":[{"href":"https:\/\/www.europesays.com\/es\/wp-json\/wp\/v2\/posts\/132392","targetHints":{"allow":["GET"]}}],"collection":[{"href":"https:\/\/www.europesays.com\/es\/wp-json\/wp\/v2\/posts"}],"about":[{"href":"https:\/\/www.europesays.com\/es\/wp-json\/wp\/v2\/types\/post"}],"author":[{"embeddable":true,"href":"https:\/\/www.europesays.com\/es\/wp-json\/wp\/v2\/users\/2"}],"replies":[{"embeddable":true,"href":"https:\/\/www.europesays.com\/es\/wp-json\/wp\/v2\/comments?post=132392"}],"version-history":[{"count":0,"href":"https:\/\/www.europesays.com\/es\/wp-json\/wp\/v2\/posts\/132392\/revisions"}],"wp:featuredmedia":[{"embeddable":true,"href":"https:\/\/www.europesays.com\/es\/wp-json\/wp\/v2\/media\/132393"}],"wp:attachment":[{"href":"https:\/\/www.europesays.com\/es\/wp-json\/wp\/v2\/media?parent=132392"}],"wp:term":[{"taxonomy":"category","embeddable":true,"href":"https:\/\/www.europesays.com\/es\/wp-json\/wp\/v2\/categories?post=132392"},{"taxonomy":"post_tag","embeddable":true,"href":"https:\/\/www.europesays.com\/es\/wp-json\/wp\/v2\/tags?post=132392"}],"curies":[{"name":"wp","href":"https:\/\/api.w.org\/{rel}","templated":true}]}}