{"id":132394,"date":"2025-09-22T19:27:17","date_gmt":"2025-09-22T19:27:17","guid":{"rendered":"https:\/\/www.europesays.com\/es\/132394\/"},"modified":"2025-09-22T19:27:17","modified_gmt":"2025-09-22T19:27:17","slug":"rueda-intenta-victimizar-al-pp-por-la-quema-de-un-centro-de-menores-cuya-acogida-discute-la-xunta","status":"publish","type":"post","link":"https:\/\/www.europesays.com\/es\/132394\/","title":{"rendered":"Rueda intenta victimizar al PP por la quema de un centro de menores cuya acogida discute la Xunta"},"content":{"rendered":"<p class=\"article-text\">\n        La Xunta que preside Alfonso Rueda ha criticado insistentemente las decisiones del Gobierno central sobre el reparto de menores migrantes -lleg\u00f3 a calificarlo de <a href=\"https:\/\/www.eldiario.es\/galicia\/rueda-reconoce-llegada-migrantes-no-desborda-galicia-calificarla-aluvion_1_11623323.html\" data-mrf-recirculation=\"links-noticia\" class=\"link\" rel=\"nofollow noopener\" target=\"_blank\">aluvi\u00f3n<\/a>&#8211; y ha llevado el asunto al <a href=\"https:\/\/www.eldiario.es\/galicia\/rueda-suma-ayuso-page-recurso-constitucional-reparto-menores-migrantes_1_12388992.html\" data-mrf-recirculation=\"links-noticia\" class=\"link\" rel=\"nofollow noopener\" target=\"_blank\">Tribunal Constitucional<\/a>. Su Gobierno ha recibido cr\u00edticas por parte de ONG por sus posturas y la decisi\u00f3n de presentar p\u00fablicamente las instalaciones destinadas a acoger a 80 de estos menores en Monforte de Lemos (Lugo), las mismas que fueron atacadas el pasado fin de semana con c\u00f3cteles molotov. Tras lo ocurrido, el BNG asegura que la Xunta tiene \u201cresponsabilidades\u201d por lo que califica de \u201cdiscurso racista\u201d y el PSdeG la acusa de crear \u201ccampos de concentraci\u00f3n\u201d. Para el presidente gallego estas declaraciones son las que s\u00ed constituyen discurso de odio contra \u00e9l.\n    <\/p>\n<p>    <a href=\"https:\/\/www.eldiario.es\/galicia\/duras-criticas-bng-decision-xunta-crear-centros-especificos-menores-migrantes-son-ghetos_1_12599336.html\" data-mrf-recirculation=\"saber-mas\" data-dl-event=\"saber-mas\" rel=\"nofollow noopener\" target=\"_blank\"><\/p>\n<p class=\"know-more__title\">Duras cr\u00edticas del BNG a la decisi\u00f3n de la Xunta de crear centros espec\u00edficos para los menores migrantes: \u00abSon ghetos\u00bb<\/p>\n<p>            <img decoding=\"async\" class=\"lazy\" loading=\"lazy\" data-src=\"https:\/\/static.eldiario.es\/clip\/9f8ac9d3-a794-47e8-bd80-9659138e55a3_16-9-aspect-ratio_default_0.jpg\" src=\"data:image\/svg+xml,%3Csvg xmlns=\" http:=\"\" viewbox=\"0 0 880 495\" alt=\"Duras cr\u00edticas del BNG a la decisi\u00f3n de la Xunta de crear centros espec\u00edficos para los menores migrantes: &quot;Son ghetos&quot;\"\/><\/p>\n<p>                        <\/a><\/p>\n<p class=\"article-text\">\n        En su comparecencia tras la reuni\u00f3n semanal de su gabinete, Rueda ha puesto el foco sobre todo en las palabras de la l\u00edder del BNG, Ana Pont\u00f3n, que lo acus\u00f3 de estar \u201ctrasladando a Galicia el discurso de la crispaci\u00f3n, racista y de odio que practican la se\u00f1ora Ayuso y la extrema derecha\u201d. \u201cY eso, evidentemente, tiene consecuencias\u201d, a\u00f1adi\u00f3 Pont\u00f3n. La reacci\u00f3n de Rueda fue tratar de darle la vuelta a la situaci\u00f3n: \u201cNo voy a entrar en estas afirmaciones. Son indignantes. Prefiero no tom\u00e1rmelas demasiado en serio viniendo de quien vienen, pero ojo con estos discursos de odio, que esto s\u00ed que lo constituyen este tipo de manifestaciones\u201d.\n    <\/p>\n<p class=\"article-text\">\n        Rueda exime de responsabilidades a su equipo y a su partido en general por posturas como la de pedir <a href=\"https:\/\/www.eldiario.es\/politica\/pp-pide-gobierno-desplegar-armada-bloquear-mar-llegada-personas-migrantes-espana_1_11499207.html\" data-mrf-recirculation=\"links-noticia\" class=\"link\" rel=\"nofollow noopener\" target=\"_blank\">la intervenci\u00f3n de la Armada<\/a> para evitar la llegada de migrantes por mar o hablar de que <a href=\"https:\/\/www.eldiario.es\/politica\/feijoo-asegura-criminalidad-incrementa-inmigracion-acusa-vox-exacerbar-animos_1_12569923.html\" data-mrf-recirculation=\"links-noticia\" class=\"link\" rel=\"nofollow noopener\" target=\"_blank\">la criminalidad se incrementa<\/a> con la inmigraci\u00f3n. \u201cCualquiera que piense que cualquier tipo de declaraci\u00f3n justifica que se tire un c\u00f3ctel molotov y se provoque un incendio en un centro que va a acoger a menores no acompa\u00f1ados creo que est\u00e1 errando totalmente la perspectiva y, desde luego, est\u00e1 muy lejos de lo que nosotros planteamos\u201d, dijo. El ataque de Monforte, insisti\u00f3, es \u201cabsolutamente condenable y xen\u00f3fobo\u201d.\n    <\/p>\n<p class=\"article-text\">\n        Las acusaciones de la oposici\u00f3n, dijo, son un intento de utilizar lo ocurrido como hacen \u201cotros extremismos que afortunadamente no existen en Galicia\u201d. \u201cAl final, los extremismos usan argumentos muy parecidos. Esta es una acusaci\u00f3n muy grave que deb\u00eda ser objeto de disculpa inmediata que no espero. Este tipo de manifestaciones s\u00ed que son de sembrar odio\u201d, agreg\u00f3.\n    <\/p>\n<p class=\"article-text\">\n        Pero los grupos de la oposici\u00f3n no fueron los \u00fanicos que atribuyeron responsabilidades a la Xunta en lo ocurrido. El Foro Galego da Inmigraci\u00f3n se\u00f1ala al Gobierno gallego por los \u201cobst\u00e1culos\u201d que ha ido poniendo a la acogida, pese al \u201cn\u00famero muy reducido\u201d de menores migrantes que se env\u00edan a Galicia. \u201cDespu\u00e9s amenaz\u00f3 con la creaci\u00f3n de guetos, advirtiendo de que no se podr\u00edan incorporar al sistema ordinario de protecci\u00f3n de menores. Despu\u00e9s anunci\u00f3 centros espec\u00edficos y, finalmente, la pasada semana present\u00f3 de forma p\u00fablica las instalaciones\u201d, relata el Foro, que considera que estos anuncios, en los que se identific\u00f3 el edificio, \u201cpretend\u00edan poner en la diana a estos menores migrantes\u201d. Pide que el proceso se haga \u201cde forma discreta\u201d.\n    <\/p>\n<p class=\"article-text\">\n        Seg\u00fan Rueda, lo que ha hecho la Xunta es \u201cponer los medios\u201d, aunque avisando de que no hay capacidad para integrar a los menores en el sistema de protecci\u00f3n que se estaba aplicando en Galicia. Quienes tratan a estos menores como \u201cun problema del que se quiere desembarazar, como n\u00fameros\u201d es el Gobierno central, asegur\u00f3.\n    <\/p>\n<p>    <a href=\"https:\/\/www.eldiario.es\/galicia\/policia-investiga-ataque-explosivos-centro-acogera-80-menores-migrantes-lugo_1_12618848.html\" data-mrf-recirculation=\"saber-mas-abajo\" data-dl-event=\"saber-mas-abajo\" rel=\"nofollow noopener\" target=\"_blank\"><\/p>\n<p class=\"know-more__title\">La Polic\u00eda investiga un ataque con explosivos contra un centro que acoger\u00e1 a 80 menores migrantes en Lugo\n<\/p>\n<p>            <img decoding=\"async\" class=\"lazy\" loading=\"lazy\" data-src=\"https:\/\/static.eldiario.es\/clip\/a77e0702-fde6-4ea9-be1b-609ec5f7db78_16-9-aspect-ratio_default_0.jpg\" src=\"data:image\/svg+xml,%3Csvg xmlns=\" http:=\"\" viewbox=\"0 0 880 495\" alt=\"La Polic\u00eda investiga un ataque con explosivos contra un centro que acoger\u00e1 a 80 menores migrantes en Lugo\"\/><\/p>\n<p>                        <\/a><\/p>\n<p class=\"article-text\">\n        Rueda dijo tambi\u00e9n que espera que el ataque en Monforte no \u201cestimule actuaciones extremistas\u201d. \u201cExtremismo, para m\u00ed y muchos gallegos, son las declaraciones de la portavoz del BNG\u201d, repiti\u00f3.\n    <\/p>\n","protected":false},"excerpt":{"rendered":"La Xunta que preside Alfonso Rueda ha criticado insistentemente las decisiones del Gobierno central sobre el reparto de&hellip;\n","protected":false},"author":2,"featured_media":132395,"comment_status":"","ping_status":"","sticky":false,"template":"","format":"standard","meta":{"footnotes":""},"categories":[8],"tags":[517,1705,17,18,25,24,13,14,816,11,7386,19,20,7318,9,10,15,16,1925,7387,1146,23,12,21,22],"class_list":{"0":"post-132394","1":"post","2":"type-post","3":"status-publish","4":"format-standard","5":"has-post-thumbnail","7":"category-espana","8":"tag-actualidad","9":"tag-analisis","10":"tag-breaking-news","11":"tag-breakingnews","12":"tag-es","13":"tag-espana","14":"tag-featured-news","15":"tag-featurednews","16":"tag-galicia","17":"tag-headlines","18":"tag-la-coruna","19":"tag-latest-news","20":"tag-latestnews","21":"tag-lugo","22":"tag-news","23":"tag-noticias","24":"tag-noticias-destacadas","25":"tag-noticiasdestacadas","26":"tag-opinion","27":"tag-orense","28":"tag-pontevedra","29":"tag-spain","30":"tag-titulares","31":"tag-ultimas-noticias","32":"tag-ultimasnoticias"},"share_on_mastodon":{"url":"","error":""},"_links":{"self":[{"href":"https:\/\/www.europesays.com\/es\/wp-json\/wp\/v2\/posts\/132394","targetHints":{"allow":["GET"]}}],"collection":[{"href":"https:\/\/www.europesays.com\/es\/wp-json\/wp\/v2\/posts"}],"about":[{"href":"https:\/\/www.europesays.com\/es\/wp-json\/wp\/v2\/types\/post"}],"author":[{"embeddable":true,"href":"https:\/\/www.europesays.com\/es\/wp-json\/wp\/v2\/users\/2"}],"replies":[{"embeddable":true,"href":"https:\/\/www.europesays.com\/es\/wp-json\/wp\/v2\/comments?post=132394"}],"version-history":[{"count":0,"href":"https:\/\/www.europesays.com\/es\/wp-json\/wp\/v2\/posts\/132394\/revisions"}],"wp:featuredmedia":[{"embeddable":true,"href":"https:\/\/www.europesays.com\/es\/wp-json\/wp\/v2\/media\/132395"}],"wp:attachment":[{"href":"https:\/\/www.europesays.com\/es\/wp-json\/wp\/v2\/media?parent=132394"}],"wp:term":[{"taxonomy":"category","embeddable":true,"href":"https:\/\/www.europesays.com\/es\/wp-json\/wp\/v2\/categories?post=132394"},{"taxonomy":"post_tag","embeddable":true,"href":"https:\/\/www.europesays.com\/es\/wp-json\/wp\/v2\/tags?post=132394"}],"curies":[{"name":"wp","href":"https:\/\/api.w.org\/{rel}","templated":true}]}}