{"id":132400,"date":"2025-09-22T19:37:15","date_gmt":"2025-09-22T19:37:15","guid":{"rendered":"https:\/\/www.europesays.com\/es\/132400\/"},"modified":"2025-09-22T19:37:15","modified_gmt":"2025-09-22T19:37:15","slug":"golfista-de-centroamerica-alcanza-su-mejor-posicion-en-un-torneo-del-pga-tour-americas","status":"publish","type":"post","link":"https:\/\/www.europesays.com\/es\/132400\/","title":{"rendered":"Golfista de Centroam\u00e9rica alcanza su mejor posici\u00f3n en un torneo del PGA Tour Am\u00e9ricas"},"content":{"rendered":"<p class=\"default__StyledText-sc-oqc75h-0 kDYpOE body-paragraph\"><b>El golfista costarricense <\/b><a href=\"https:\/\/www.nacion.com\/puro-deporte\/otros-deportes\/golfista-tico-paul-chaplet-disputara-nuevo\/A5MOS4VNCNDPXLC33WM7I5ZTFQ\/story\/\" target=\"_blank\" rel=\"nofollow noopener\" title=\"https:\/\/www.nacion.com\/puro-deporte\/otros-deportes\/golfista-tico-paul-chaplet-disputara-nuevo\/A5MOS4VNCNDPXLC33WM7I5ZTFQ\/story\/\"><b>Paul Chaplet<\/b><\/a><b> logr\u00f3 su mejor presentaci\u00f3n en el PGA Tour Am\u00e9ricas<\/b> al alcanzar el tercer lugar en el Times Colonist Victoria Open, en Canad\u00e1, disputado en el Uplands Golf Club, en Victoria, provincia de Columbia Brit\u00e1nica.<\/p>\n<p class=\"default__StyledText-sc-oqc75h-0 kDYpOE body-paragraph\"><b>El nacional cerr\u00f3 su actuaci\u00f3n con un 3 bajo par,<\/b> para un total de 67 golpes (-18), en una ronda impecable que confirm\u00f3 la gran semana que tuvo en suelo canadiense. El ganador del torneo fue Drew Nesbitt, seguido por AJ Ewart, ambos de Canad\u00e1.<\/p>\n<p class=\"interstitial-link block-margin-bottom\" style=\"min-height:20px;display:inline-block\">LEA M\u00c1S: <a target=\"_blank\" href=\"https:\/\/www.nacion.com\/puro-deporte\/asi-quedo-el-ranking-fifa-en-centroamerica-tras-la\/YDWF4WYJGVGBLFUVIOXWAHMHXY\/story\/\" aria-label=\"Abrir historia relacionada\" class=\"default__StyledLink-sc-oqc75h-1 lnjDHE\" rel=\"nofollow noopener\">As\u00ed qued\u00f3 el ranking FIFA en Centroam\u00e9rica tras la \u00faltima actualizaci\u00f3n: unos cayeron fuerte y otros escalaron posiciones<\/a><\/p>\n<p class=\"default__StyledText-sc-oqc75h-0 kDYpOE body-paragraph\"><b>\u201cFue una s\u00faper semana. Me fue muy bien desde el principio; <\/b>se pele\u00f3 por estar en el podio de principio a fin. Estoy muy feliz con el resultado y la intenci\u00f3n es concluir en el Top 10 al final de la temporada\u201d, coment\u00f3 Chaplet en un video proporcionado por el periodista del PGA Tour Am\u00e9ricas, Gregory Villalobos.<\/p>\n<p class=\"default__StyledText-sc-oqc75h-0 kDYpOE body-paragraph\"><b>Aunque su arranque este domingo 21 de setiembre<\/b> no fue el mejor, r\u00e1pidamente corrigi\u00f3 su desliz para firmar una jornada casi perfecta.<\/p>\n<p class=\"default__StyledText-sc-oqc75h-0 kDYpOE body-paragraph\"><b>\u201cHubo bastante viento y el d\u00eda estuvo un poco complicado, <\/b>pero hicimos una ronda casi impecable, de no ser por el bogey en el arranque (un golpe por encima del par). Al final nos vamos contentos con lo que hicimos durante el d\u00eda\u201d, a\u00f1adi\u00f3 Chaplet.<\/p>\n<p class=\"default__StyledText-sc-oqc75h-0 kDYpOE body-paragraph\"><b>El golfista tambi\u00e9n admiti\u00f3 que la paciencia <\/b>fue clave para alcanzar su objetivo y obtener un buen resultado.<\/p>\n<p class=\"default__StyledText-sc-oqc75h-0 kDYpOE body-paragraph\"><b>\u201cEn varios torneos iba bastante bien despu\u00e9s de los dos primeros d\u00edas, <\/b>pero no los termin\u00e1bamos de la mejor manera. Este fin de semana llegu\u00e9 con la misma mentalidad, pero con un poquito m\u00e1s de madurez, en la que uno va aprendiendo. Este es un deporte muy dif\u00edcil, pero despu\u00e9s tomamos confianza al saber c\u00f3mo hacerlo\u201d, declar\u00f3 Chaplet.<\/p>\n<p class=\"default__StyledText-sc-oqc75h-0 kDYpOE body-paragraph\"><b>El Open de Canad\u00e1 es el pen\u00faltimo de los 16 torneos de la temporada del PGA Tour Am\u00e9ricas. <\/b>Con este resultado, el mejor de su carrera en el circuito, ascendi\u00f3 al puesto 36 del ranking de la Fortinet Cup, con un torneo a\u00fan por disputar.<\/p>\n<p class=\"default__StyledText-sc-oqc75h-0 kDYpOE body-paragraph\">La pr\u00f3xima semana, en el torneo final \u201cFortinet Cup Championship\u201d, en las afueras de Vancouver, Chaplet pelear\u00e1 por meterse entre los puestos que le permitan ascender de Tour. Los 10 primeros del ranking pasar\u00e1n a jugar en el Korn Ferry Tour en 2026.<\/p>\n<p class=\"interstitial-link block-margin-bottom\" style=\"min-height:20px;display:inline-block\">LEA M\u00c1S: <a target=\"_blank\" href=\"https:\/\/www.nacion.com\/puro-deporte\/moussa-balla-el-gigante-de-mali-que-contrato-el\/UEUP5UYZNBBX3GV54XNVANIWG4\/story\/\" aria-label=\"Abrir historia relacionada\" class=\"default__StyledLink-sc-oqc75h-1 lnjDHE\" rel=\"nofollow noopener\">Moussa Balla, el gigante de Mali que contrat\u00f3 el Real Madrid y tiene 11 a\u00f1os<\/a><\/p>\n","protected":false},"excerpt":{"rendered":"El golfista costarricense Paul Chaplet logr\u00f3 su mejor presentaci\u00f3n en el PGA Tour Am\u00e9ricas al alcanzar el tercer&hellip;\n","protected":false},"author":2,"featured_media":132401,"comment_status":"","ping_status":"","sticky":false,"template":"","format":"standard","meta":{"footnotes":""},"categories":[275],"tags":[168,42293,25,24,329,42291,19866,23,167,42292],"class_list":{"0":"post-132400","1":"post","2":"type-post","3":"status-publish","4":"format-standard","5":"has-post-thumbnail","7":"category-golf","8":"tag-deportes","9":"tag-en-canada","10":"tag-es","11":"tag-espana","12":"tag-golf","13":"tag-paul-chaplet","14":"tag-pga-tour-americas","15":"tag-spain","16":"tag-sports","17":"tag-tercer-lugar-open"},"share_on_mastodon":{"url":"","error":""},"_links":{"self":[{"href":"https:\/\/www.europesays.com\/es\/wp-json\/wp\/v2\/posts\/132400","targetHints":{"allow":["GET"]}}],"collection":[{"href":"https:\/\/www.europesays.com\/es\/wp-json\/wp\/v2\/posts"}],"about":[{"href":"https:\/\/www.europesays.com\/es\/wp-json\/wp\/v2\/types\/post"}],"author":[{"embeddable":true,"href":"https:\/\/www.europesays.com\/es\/wp-json\/wp\/v2\/users\/2"}],"replies":[{"embeddable":true,"href":"https:\/\/www.europesays.com\/es\/wp-json\/wp\/v2\/comments?post=132400"}],"version-history":[{"count":0,"href":"https:\/\/www.europesays.com\/es\/wp-json\/wp\/v2\/posts\/132400\/revisions"}],"wp:featuredmedia":[{"embeddable":true,"href":"https:\/\/www.europesays.com\/es\/wp-json\/wp\/v2\/media\/132401"}],"wp:attachment":[{"href":"https:\/\/www.europesays.com\/es\/wp-json\/wp\/v2\/media?parent=132400"}],"wp:term":[{"taxonomy":"category","embeddable":true,"href":"https:\/\/www.europesays.com\/es\/wp-json\/wp\/v2\/categories?post=132400"},{"taxonomy":"post_tag","embeddable":true,"href":"https:\/\/www.europesays.com\/es\/wp-json\/wp\/v2\/tags?post=132400"}],"curies":[{"name":"wp","href":"https:\/\/api.w.org\/{rel}","templated":true}]}}