{"id":132404,"date":"2025-09-22T19:40:11","date_gmt":"2025-09-22T19:40:11","guid":{"rendered":"https:\/\/www.europesays.com\/es\/132404\/"},"modified":"2025-09-22T19:40:11","modified_gmt":"2025-09-22T19:40:11","slug":"antonelli-tomo-nota-del-aviso-de-wolff","status":"publish","type":"post","link":"https:\/\/www.europesays.com\/es\/132404\/","title":{"rendered":"Antonelli tom\u00f3 nota del aviso de Wolff"},"content":{"rendered":"<p class=\"\">El toque de atenci\u00f3n que recibi\u00f3 <b>Kimi Antonelli<\/b> tras el <b>Gran Premio de Monza (Italia)<\/b>, en el que acab\u00f3 noveno tras un fin de semana err\u00e1tico, ha tenido efecto inmediato. El discreto resultado del italiano en la carrera de casa hizo que <b>Toto Wolff <\/b>elevar\u00e1 el tono de las cr\u00edticas hacia su pupilo: \u201cHa cometido muchos fallos, ha sido una carrera decepcionante\u201d, dijo el dirigente austriaco de Mercedes.<\/p>\n<p class=\"\">Y con la alarma encendida se present\u00f3 <b>Antonelli en las calles de Bak\u00fa<\/b> para firmar un cuarto puesto, con el que acompa\u00f1\u00f3 el segundo de su compa\u00f1ero de equipo, un George Russell convaleciente de su enfermedad que le hizo perderse las ruedas de prensa del jueves. En cualquier caso, el brit\u00e1nico aprovech\u00f3 el desastre de McLaren para llevar al W16 en segunda posici\u00f3n a meta. <b>Solo el inconmensurable Max Verstappen (pole, 100% de vueltas lideradas, vuelta r\u00e1pida y victoria) <\/b>se interpuso entre las flechas plateadas y el champ\u00e1n. George tuvo una carrera s\u00f3lida para lograr el primer podio de Mercedes desde Hungr\u00eda y tuvo que superar a pilotos como <b>Carlos Sainz, Liam Lawson y su compa\u00f1ero de equipo Kimi Antonelli,<\/b> con quien se encontr\u00f3 en la primera curva de Bak\u00fa.<\/p>\n<p class=\"\">\u201cLa verdad es que me alegr\u00e9 mucho al ver la bandera a cuadros. Por suerte, me sent\u00ed mucho mejor que el viernes y el s\u00e1bado, as\u00ed que tengo ganas de descansar un poco. Estoy contento con los resultados. Para nosotros, como equipo, intentar vencer a Ferrari en el Campeonato de Constructores fue un buen paso hacia ese objetivo\u201d, comenz\u00f3 explicando ante los medios Russell, para continuar: \u201cFue una carrera realmente buena. Me mantuve alejado de los problemas. No creo que hayamos hecho nada espectacular; simplemente, muchos cometieron muchos errores este fin de semana, entre la clasificaci\u00f3n y la carrera. En circunstancias normales, esper\u00e1bamos terminar por delante de Carlos, pero \u00e9l hizo una carrera incre\u00edble y tuve que intentar dar lo mejor de m\u00ed para terminar por delante de \u00e9l\u201d.<\/p>\n<p>Noticias relacionadas<a href=\"https:\/\/as.com\/motor\/formula_1\/sabe-mejor-y-significa-mucho-mas-que-el-primer-podio-n\/\" class=\"s_m_w\" title=\"Sainz celebra su 28\u00ba podio en la F1 y el primero en Williams, que llega antes que el de Hamilton en Ferrari: \u201cLo importante es hacerlo en la primera oportunidad que tuvimos\u201d.\" data-tb-link=\"\" rel=\"nofollow noopener\" target=\"_blank\"><img decoding=\"async\" src=\"https:\/\/www.europesays.com\/es\/wp-content\/uploads\/2025\/09\/IHIRCKOZ6NJ4PEM4WVJTUPF7CQ.jpg\" alt=\"\u201cSabe mejor y significa mucho m\u00e1s que el primer podio\u201d\" class=\"\" height=\"1\" width=\"1\"   loading=\"lazy\" data-tb-thumbnail=\"\"\/><\/a><a href=\"https:\/\/as.com\/motor\/formula_1\/primer-aviso-para-antonelli-decepcionante-n\/\" class=\"s_m_w\" title=\"Toto Wolff critica la carrera de su pupilo en Monza: \u201cCometi\u00f3 muchos errores\u201d, dice el jefe de Mercedes sobre el italiano.\" data-tb-link=\"\" rel=\"nofollow noopener\" target=\"_blank\"><img decoding=\"async\" src=\"https:\/\/www.europesays.com\/es\/wp-content\/uploads\/2025\/09\/1758570011_916_UJE4CDCQM5OTXC3T4SYAYRAMC4.jpg\" alt=\"Primer aviso para Antonelli: \u201cDecepcionante\u201d\" class=\"\" height=\"1\" width=\"1\"   loading=\"lazy\" data-tb-thumbnail=\"\"\/><\/a><\/p>\n<p class=\"\">En el otro lado del garaje, <b>el joven Antonelli celebr\u00f3 su mejor\u00eda<\/b>. Desde Canad\u00e1 (podio) el rendimiento de Kimi hab\u00eda ca\u00eddo preocupantemente, lo que no ayudaba a Mercedes en su lucha por ser segundos en el Mundial de constructores. Y en Bak\u00fa tuvo que arremangarse y dar lo mejor de s\u00ed: \u201cFue una carrera mucho mejor comparada con Monza. A\u00fan es un poco decepcionante, porque ten\u00eda muchas ganas de subir al podio y estuve muy cerca. Intent\u00e9 acercarme a Carlos y casi me meto en el DRS, pero luego, con el aire sucio, empec\u00e9 a tener algunas dificultades. Aun as\u00ed, fue un buen resultado, sobre todo para el equipo. Le ganamos muchos puntos a Ferrari, lo cual es definitivamente positivo, y ahora seguimos adelante\u201d, dijo el italiano, a quien el aviso de Toto Wolff ha hecho mejorar. <\/p>\n<p class=\"\"><b>\u00a1Tus opiniones importan!<\/b> Comenta en los art\u00edculos y suscr\u00edbete gratis a nuestra <a href=\"https:\/\/asfan.as.com\/newsletters\/\" target=\"_blank\" rel=\"nofollow noopener\" title=\"https:\/\/asfan.as.com\/newsletters\/\">newsletter<\/a> y a las alertas informativas en la <a href=\"https:\/\/as.com\/aplicacion-de-as-n\/\" target=\"_blank\" rel=\"nofollow noopener\" title=\"https:\/\/as.com\/aplicacion-de-as-n\/\">App<\/a> o el canal de <a href=\"https:\/\/www.whatsapp.com\/channel\/0029VaAasdA7j6g745nz9M10\" target=\"_blank\" rel=\"nofollow noopener\" title=\"https:\/\/www.whatsapp.com\/channel\/0029VaAasdA7j6g745nz9M10\">WhatsApp<\/a>. \u00bfBuscas licenciar contenido? Haz clic <a href=\"https:\/\/profesional.elpais.com\/soluciones-sindicacion?utm_medium=interno&amp;utm_source=crosslinking&amp;utm_campaign=sindicacion_as_pie_articulos\" target=\"_blank\" rel=\"nofollow noopener\" title=\"https:\/\/profesional.elpais.com\/soluciones-sindicacion?utm_medium=interno&amp;utm_source=crosslinking&amp;utm_campaign=sindicacion_as_pie_articulos\">aqu\u00ed<\/a><\/p>\n","protected":false},"excerpt":{"rendered":"El toque de atenci\u00f3n que recibi\u00f3 Kimi Antonelli tras el Gran Premio de Monza (Italia), en el que&hellip;\n","protected":false},"author":2,"featured_media":132405,"comment_status":"","ping_status":"","sticky":false,"template":"","format":"standard","meta":{"footnotes":""},"categories":[270],"tags":[168,25,24,306,271,272,23,167],"class_list":{"0":"post-132404","1":"post","2":"type-post","3":"status-publish","4":"format-standard","5":"has-post-thumbnail","7":"category-formula-1","8":"tag-deportes","9":"tag-es","10":"tag-espana","11":"tag-f1","12":"tag-formula-1","13":"tag-formula1","14":"tag-spain","15":"tag-sports"},"share_on_mastodon":{"url":"","error":""},"_links":{"self":[{"href":"https:\/\/www.europesays.com\/es\/wp-json\/wp\/v2\/posts\/132404","targetHints":{"allow":["GET"]}}],"collection":[{"href":"https:\/\/www.europesays.com\/es\/wp-json\/wp\/v2\/posts"}],"about":[{"href":"https:\/\/www.europesays.com\/es\/wp-json\/wp\/v2\/types\/post"}],"author":[{"embeddable":true,"href":"https:\/\/www.europesays.com\/es\/wp-json\/wp\/v2\/users\/2"}],"replies":[{"embeddable":true,"href":"https:\/\/www.europesays.com\/es\/wp-json\/wp\/v2\/comments?post=132404"}],"version-history":[{"count":0,"href":"https:\/\/www.europesays.com\/es\/wp-json\/wp\/v2\/posts\/132404\/revisions"}],"wp:featuredmedia":[{"embeddable":true,"href":"https:\/\/www.europesays.com\/es\/wp-json\/wp\/v2\/media\/132405"}],"wp:attachment":[{"href":"https:\/\/www.europesays.com\/es\/wp-json\/wp\/v2\/media?parent=132404"}],"wp:term":[{"taxonomy":"category","embeddable":true,"href":"https:\/\/www.europesays.com\/es\/wp-json\/wp\/v2\/categories?post=132404"},{"taxonomy":"post_tag","embeddable":true,"href":"https:\/\/www.europesays.com\/es\/wp-json\/wp\/v2\/tags?post=132404"}],"curies":[{"name":"wp","href":"https:\/\/api.w.org\/{rel}","templated":true}]}}