{"id":132410,"date":"2025-09-22T19:43:07","date_gmt":"2025-09-22T19:43:07","guid":{"rendered":"https:\/\/www.europesays.com\/es\/132410\/"},"modified":"2025-09-22T19:43:07","modified_gmt":"2025-09-22T19:43:07","slug":"es-algo-de-el-no-es-mio","status":"publish","type":"post","link":"https:\/\/www.europesays.com\/es\/132410\/","title":{"rendered":"Es algo de \u00e9l, no es m\u00edo"},"content":{"rendered":"<p class=\"c-paragraph\"><a href=\"https:\/\/www.20minutos.es\/tags\/personas\/kiko-rivera.html\" title=\"Kiko Rivera\" rel=\"nofollow noopener\" target=\"_blank\"><b>Kiko Rivera<\/b><\/a> e <a href=\"https:\/\/www.20minutos.es\/tags\/personas\/irene-rosales.html\" title=\"Irene Rosales\" rel=\"nofollow noopener\" target=\"_blank\"><b>Irene Rosales<\/b><\/a> siguen en el ojo del hurac\u00e1n tres semanas despu\u00e9s de haber anunciado su ruptura. Mientras que ella intenta mantenerse al margen y no dar declaraciones, <b>\u00e9l se ha comprado un chalet en Sevilla valorado en medio mill\u00f3n de euros<\/b>.<\/p>\n<p class=\"c-paragraph\">Precisamente desde su nuevo hogar, el hijo de<a href=\"https:\/\/www.20minutos.es\/tags\/personas\/isabel-pantoja.html\" title=\"Isabel Pantoja\" rel=\"nofollow noopener\" target=\"_blank\"> Isabel Pantoja<\/a> se sincer\u00f3 con sus seguidores a trav\u00e9s de una retransmisi\u00f3n en directo desde su cuenta de <a href=\"https:\/\/www.20minutos.es\/tags\/temas\/instagram.html\" title=\"Instagram\" rel=\"nofollow noopener\" target=\"_blank\">Instagram<\/a>. \u00ab<b>No la he perdido, lo \u00fanico es que me he separado<\/b>, pero perderla no la he perdido. A veces, las cosas tienen su principio y su final. Y ya est\u00e1, tenemos dos hijas maravillosas y hay que hacerlo lo mejor posible por ellas, fin\u00bb, explic\u00f3 el DJ.<\/p>\n<p class=\"c-paragraph\">Estas palabras, muchos las han considerado como una confirmaci\u00f3n de que el hermano de <a href=\"https:\/\/www.20minutos.es\/tags\/personas\/isa-pantoja-chabelita.html\" title=\"Isa Pantoja - Chabelita\" rel=\"nofollow noopener\" target=\"_blank\">Isa Pantoja<\/a> querr\u00eda recuperar a la madre de sus hijas. Adem\u00e1s, el artista est\u00e1 trabajando en un nuevo tema sobre su relaci\u00f3n con Rosales: \u00ab<b>Al final es la manera que tengo de expresarme, a trav\u00e9s de mi m\u00fasica<\/b>\u00ab.<\/p>\n<p class=\"c-paragraph\">Ahora, la sevillana ha respondido ante los micr\u00f3fonos de Europa Press sobre esta situaci\u00f3n. \u00ab<b>Me hac\u00e9is preguntas a m\u00ed que se las ten\u00e9is que hacer a \u00e9l. Eso es algo de \u00e9l, no es m\u00edo<\/b>\u00ab, se ha limitado a decir Irene.<\/p>\n<p class=\"c-paragraph\">Por otro lado, tampoco ha querido pronunciarse sobre la nueva casa de 500.000 euros de Kiko. <b>Lo que s\u00ed ha confesado es que est\u00e1 viendo a <a href=\"https:\/\/www.20minutos.es\/tags\/personas\/anabel-pantoja.html\" title=\"Anabel Pantoja\" rel=\"nofollow noopener\" target=\"_blank\">Anabel Pantoja<\/a> concursar en <\/b><a href=\"https:\/\/www.20minutos.es\/tags\/temas\/bailando-con-las-estrellas.html\" title=\"Bailando con las estrellas\" rel=\"nofollow noopener\" target=\"_blank\"><b>Bailando con las estrellas<\/b><\/a>\u00a0y cree que lo est\u00e1 haciendo muy bien.<\/p>\n","protected":false},"excerpt":{"rendered":"Kiko Rivera e Irene Rosales siguen en el ojo del hurac\u00e1n tres semanas despu\u00e9s de haber anunciado su&hellip;\n","protected":false},"author":2,"featured_media":132411,"comment_status":"","ping_status":"","sticky":false,"template":"","format":"standard","meta":{"footnotes":""},"categories":[174],"tags":[255,146,147,25,24,256,8363,4417,6461,21307,11491,23],"class_list":{"0":"post-132410","1":"post","2":"type-post","3":"status-publish","4":"format-standard","5":"has-post-thumbnail","7":"category-famosos","8":"tag-celebrities","9":"tag-entertainment","10":"tag-entretenimiento","11":"tag-es","12":"tag-espana","13":"tag-famosos","14":"tag-irene","15":"tag-los","16":"tag-reacciona","17":"tag-rosales","18":"tag-rumores","19":"tag-spain"},"share_on_mastodon":{"url":"","error":""},"_links":{"self":[{"href":"https:\/\/www.europesays.com\/es\/wp-json\/wp\/v2\/posts\/132410","targetHints":{"allow":["GET"]}}],"collection":[{"href":"https:\/\/www.europesays.com\/es\/wp-json\/wp\/v2\/posts"}],"about":[{"href":"https:\/\/www.europesays.com\/es\/wp-json\/wp\/v2\/types\/post"}],"author":[{"embeddable":true,"href":"https:\/\/www.europesays.com\/es\/wp-json\/wp\/v2\/users\/2"}],"replies":[{"embeddable":true,"href":"https:\/\/www.europesays.com\/es\/wp-json\/wp\/v2\/comments?post=132410"}],"version-history":[{"count":0,"href":"https:\/\/www.europesays.com\/es\/wp-json\/wp\/v2\/posts\/132410\/revisions"}],"wp:featuredmedia":[{"embeddable":true,"href":"https:\/\/www.europesays.com\/es\/wp-json\/wp\/v2\/media\/132411"}],"wp:attachment":[{"href":"https:\/\/www.europesays.com\/es\/wp-json\/wp\/v2\/media?parent=132410"}],"wp:term":[{"taxonomy":"category","embeddable":true,"href":"https:\/\/www.europesays.com\/es\/wp-json\/wp\/v2\/categories?post=132410"},{"taxonomy":"post_tag","embeddable":true,"href":"https:\/\/www.europesays.com\/es\/wp-json\/wp\/v2\/tags?post=132410"}],"curies":[{"name":"wp","href":"https:\/\/api.w.org\/{rel}","templated":true}]}}