{"id":132414,"date":"2025-09-22T19:46:12","date_gmt":"2025-09-22T19:46:12","guid":{"rendered":"https:\/\/www.europesays.com\/es\/132414\/"},"modified":"2025-09-22T19:46:12","modified_gmt":"2025-09-22T19:46:12","slug":"las-cenizas-de-guana-llegan-al-altar-en-la-casa-de-los-famosos-mexico-3-participantes-le-dicen-adios-entre-aplausos","status":"publish","type":"post","link":"https:\/\/www.europesays.com\/es\/132414\/","title":{"rendered":"Las \u201ccenizas\u201d de Guana llegan al altar en La Casa de los Famosos M\u00e9xico 3: participantes le dicen adi\u00f3s entre aplausos"},"content":{"rendered":"<p><img alt=\"El exintegrante del Cuarto D\u00eda\" class=\"global-image\" decoding=\"async\" fetchpriority=\"high\" height=\"1080\" loading=\"eager\" src=\"https:\/\/www.europesays.com\/es\/wp-content\/uploads\/2025\/09\/TOIEE4SQVJDCPPJEHYDMPNKLKY.jpg\" width=\"1920\"\/>El exintegrante del Cuarto D\u00eda fue el octavo eliminado &#8211; Dise\u00f1o: Jes\u00fas Avil\u00e9s\/Infobae M\u00e9xico<\/p>\n<p class=\"paragraph\">En <a href=\"https:\/\/www.infobae.com\/mexico\/2025\/09\/21\/cuando-inicia-quien-es-la-mascara-de-televisa-que-tendra-de-competencia-a-la-granja-vip-de-tv-azteca\/\" target=\"_blank\" rel=\"noreferrer nofollow noopener\" title=\"https:\/\/www.infobae.com\/mexico\/2025\/09\/21\/cuando-inicia-quien-es-la-mascara-de-televisa-que-tendra-de-competencia-a-la-granja-vip-de-tv-azteca\/\"><b>La Casa de los Famosos M\u00e9xico 3<\/b><\/a> se vivi\u00f3 una escena especial. Lo que comenz\u00f3 como un momento ca\u00f3tico, termin\u00f3 en un homenaje emotivo para despedir a <a href=\"https:\/\/www.infobae.com\/mexico\/2025\/07\/23\/luis-rodriguez-guana-entra-a-la-casa-de-los-famosos-3-con-miedo-a-la-cancelacion-me-da-miedo-que-me-funen-por-algo-que-diga-entrevista\/\" target=\"_blank\" rel=\"noreferrer nofollow noopener\" title=\"https:\/\/www.infobae.com\/mexico\/2025\/07\/23\/luis-rodriguez-guana-entra-a-la-casa-de-los-famosos-3-con-miedo-a-la-cancelacion-me-da-miedo-que-me-funen-por-algo-que-diga-entrevista\/\"><b>Guana<\/b><\/a>, actor y cantante, quien se convirti\u00f3 en el octavo eliminado de esta temporada.<\/p>\n<p class=\"paragraph\">El ambiente cambi\u00f3 de inmediato. Entre las prisas de la rutina diaria, los participantes montaron un altar para Guana, que fue recibido con aplausos y palabras llenas de cari\u00f1o.<\/p>\n<p class=\"paragraph\"><a rel=\"noopener noreferrer nofollow\" href=\"https:\/\/www.infobae.com\/mexico\/2025\/09\/21\/debora-estrella-la-amazona-que-dejo-huella-su-pasion-por-los-caballos-y-lo-que-aprendio-de-ellos\/\" target=\"_blank\" title=\"https:\/\/www.infobae.com\/mexico\/2025\/09\/21\/debora-estrella-la-amazona-que-dejo-huella-su-pasion-por-los-caballos-y-lo-que-aprendio-de-ellos\/\"><b>Dal\u00edlah Polanco<\/b><\/a> le dedic\u00f3 un mensaje directo a su amigo, quien formaba parte del Cuarto D\u00eda, en sus \u00faltimos d\u00edas dentro de este reality show de <a rel=\"noopener noreferrer nofollow\" href=\"https:\/\/www.infobae.com\/mexico\/2025\/07\/22\/mariana-botas-antes-de-entrar-a-la-casa-de-los-famosos-mexico-3-no-estoy-lista-para-el-hate-entrevista\/\" target=\"_blank\" title=\"https:\/\/www.infobae.com\/mexico\/2025\/07\/22\/mariana-botas-antes-de-entrar-a-la-casa-de-los-famosos-mexico-3-no-estoy-lista-para-el-hate-entrevista\/\"><b>Televisa<\/b><\/a>.<\/p>\n<p class=\"paragraph\">\u201cGuana, mi brother from another mother, qu\u00e9 ching\u00f3n eres de verdad, c\u00f3mo le haces para aprender tan r\u00e1pido y as\u00ed poder lograr tantas cosas. Ah\u00ed te va Sitla, esto es para ti y para todas tus bestias, ese hombre te ama, ese hombre ama la vida, ese hombre ama el teatro.<\/p>\n<p class=\"paragraph\">\u201cEl teatro te espera, tu familia disfuncional -el elenco de Me Caigo de Risa- te espera y vas a seguir ching\u00e1ndole a todo y triunfando en todos lados como lo hiciste aqu\u00ed\u201d.<\/p>\n<p>As\u00ed fue la salida de Guana de La Casa de los Famosos M\u00e9xico, convirti\u00e9ndose en el octavo eliminado. (X\/@LaCasaFamososMx)<\/p>\n<p class=\"paragraph\">Despu\u00e9s, todos los concursantes lo felicitaron al un\u00edsono: \u201cFelicidades, felicidades Guana\u201d. Aar\u00f3n, mientras tanto, sub\u00eda a colocar un termo en la repisa para completar el homenaje. Era una mezcla de rutina y despedida que mostraba la din\u00e1mica de la casa.<\/p>\n<p class=\"paragraph\">El actor Shiki tambi\u00e9n se expres\u00f3: \u201cGuana, cari\u00f1o, si antes era fan tuyo como actor, ahora soy fan tuyo como persona que eres, te amo\u201d.<\/p>\n<p><img alt=\"(X\/@LaCasaFamososMx)\" class=\"global-image\" decoding=\"async\" fetchpriority=\"low\" height=\"383\" loading=\"lazy\" src=\"https:\/\/www.europesays.com\/es\/wp-content\/uploads\/2025\/09\/1758570371_531_VXGZLAWSAZHJBIQ5VLHOIBHNHE.jpg\" width=\"680\"\/>(X\/@LaCasaFamososMx)<\/p>\n<p class=\"paragraph\">Para cerrar, los concursantes repitieron como un canto: \u201cYa nomin\u00e9, posicion\u00e9 y expuls\u00e9\u201d. La frase termin\u00f3 con un toque de humor: \u201cDescanse en pants Guana\u201d y \u201cBien jugado, pap\u00e1\u201d, mostrando el afecto y la complicidad que construyeron con \u00e9l.<\/p>\n<p class=\"paragraph\">Con este homenaje, <b>La Casa de los Famosos M\u00e9xico 3<\/b> volvi\u00f3 a demostrar que, aunque es un reality de competencia, tambi\u00e9n hay espacio para los momentos sinceros. Guana dej\u00f3 la casa, pero se llev\u00f3 el respeto y cari\u00f1o de todos sus compa\u00f1eros.<\/p>\n<p class=\"paragraph\">Al terminar, los participantes regresaron a la cena, pero qued\u00f3 claro que esta despedida fue m\u00e1s que un simple adi\u00f3s: fue un reconocimiento al esfuerzo, talento y personalidad del actor dentro del programa.<\/p>\n<p><img alt=\"Yurem y Yetus ayudar\u00e1n a\" class=\"global-image\" decoding=\"async\" fetchpriority=\"low\" height=\"586\" loading=\"lazy\" src=\"https:\/\/www.europesays.com\/es\/wp-content\/uploads\/2025\/09\/F76U3RGCEBEPBIX3PQ2ATGDJQY.jpg\" width=\"1080\"\/>Yurem y Yetus ayudar\u00e1n a Guana y Aldo De Nigris, respectivamente para el robo de salvaci\u00f3n. Foto: Captura de pantalla (Vix).<\/p>\n","protected":false},"excerpt":{"rendered":"El exintegrante del Cuarto D\u00eda fue el octavo eliminado &#8211; Dise\u00f1o: Jes\u00fas Avil\u00e9s\/Infobae M\u00e9xico En La Casa de&hellip;\n","protected":false},"author":2,"featured_media":132415,"comment_status":"","ping_status":"","sticky":false,"template":"","format":"standard","meta":{"footnotes":""},"categories":[171],"tags":[146,147,25,24,23,214],"class_list":{"0":"post-132414","1":"post","2":"type-post","3":"status-publish","4":"format-standard","5":"has-post-thumbnail","7":"category-tv","8":"tag-entertainment","9":"tag-entretenimiento","10":"tag-es","11":"tag-espana","12":"tag-spain","13":"tag-tv"},"share_on_mastodon":{"url":"","error":""},"_links":{"self":[{"href":"https:\/\/www.europesays.com\/es\/wp-json\/wp\/v2\/posts\/132414","targetHints":{"allow":["GET"]}}],"collection":[{"href":"https:\/\/www.europesays.com\/es\/wp-json\/wp\/v2\/posts"}],"about":[{"href":"https:\/\/www.europesays.com\/es\/wp-json\/wp\/v2\/types\/post"}],"author":[{"embeddable":true,"href":"https:\/\/www.europesays.com\/es\/wp-json\/wp\/v2\/users\/2"}],"replies":[{"embeddable":true,"href":"https:\/\/www.europesays.com\/es\/wp-json\/wp\/v2\/comments?post=132414"}],"version-history":[{"count":0,"href":"https:\/\/www.europesays.com\/es\/wp-json\/wp\/v2\/posts\/132414\/revisions"}],"wp:featuredmedia":[{"embeddable":true,"href":"https:\/\/www.europesays.com\/es\/wp-json\/wp\/v2\/media\/132415"}],"wp:attachment":[{"href":"https:\/\/www.europesays.com\/es\/wp-json\/wp\/v2\/media?parent=132414"}],"wp:term":[{"taxonomy":"category","embeddable":true,"href":"https:\/\/www.europesays.com\/es\/wp-json\/wp\/v2\/categories?post=132414"},{"taxonomy":"post_tag","embeddable":true,"href":"https:\/\/www.europesays.com\/es\/wp-json\/wp\/v2\/tags?post=132414"}],"curies":[{"name":"wp","href":"https:\/\/api.w.org\/{rel}","templated":true}]}}