{"id":132416,"date":"2025-09-22T19:47:16","date_gmt":"2025-09-22T19:47:16","guid":{"rendered":"https:\/\/www.europesays.com\/es\/132416\/"},"modified":"2025-09-22T19:47:16","modified_gmt":"2025-09-22T19:47:16","slug":"jon-bon-jovi-se-estrena-como-abuelo-y-habla-sobre-el-bebe-de-su-hijo-y-millie-bobby-brown-es-una-locura","status":"publish","type":"post","link":"https:\/\/www.europesays.com\/es\/132416\/","title":{"rendered":"Jon Bon Jovi se estrena como abuelo y habla sobre el beb\u00e9 de su hijo y Millie Bobby Brown: \u201cEs una locura\u201d"},"content":{"rendered":"<p id=\"e7kN7DyrQV\" data-wc=\"102\">Millie Bobby Brown y Jake Bongiovi est\u00e1n viviendo sus primeros d\u00edas como padres. La pareja sorprendi\u00f3 recientemente al anunciar que este verano han adoptado a una ni\u00f1a, <a class=\"hm-link ho-link\" href=\"https:\/\/www.hola.com\/actualidad\/20250821851477\/millie-bobby-brown-jake-bongiovi-se-convierten-en-padres\/\" data-mrf-recirculation=\"article-body-link\" rel=\"nofollow noopener\" target=\"_blank\">como revelaron en un comunicado:<\/a> \u00abY as\u00ed, ya somos tres. Con cari\u00f1o, Millie y Jake\u00bb. Quien, por tanto, acaba de estrenar faceta como abuelo es Jon Bon Jovi, padre de Jake<strong>. El cantante ha explicado c\u00f3mo est\u00e1 viviendo esta nueva etapa, confesando que \u00abes una locura\u00bb<\/strong>. Al artista no le importa admitir que es un abuelo \u00abpesado\u00bb, y se le cae la baba al hablar de su nieta, quien ha enamorado a toda la familia.<\/p>\n","protected":false},"excerpt":{"rendered":"Millie Bobby Brown y Jake Bongiovi est\u00e1n viviendo sus primeros d\u00edas como padres. La pareja sorprendi\u00f3 recientemente al&hellip;\n","protected":false},"author":2,"featured_media":132417,"comment_status":"","ping_status":"","sticky":false,"template":"","format":"standard","meta":{"footnotes":""},"categories":[170],"tags":[517,17371,146,147,25,24,184,185,23],"class_list":{"0":"post-132416","1":"post","2":"type-post","3":"status-publish","4":"format-standard","5":"has-post-thumbnail","7":"category-musica","8":"tag-actualidad","9":"tag-bon-jovi","10":"tag-entertainment","11":"tag-entretenimiento","12":"tag-es","13":"tag-espana","14":"tag-music","15":"tag-musica","16":"tag-spain"},"share_on_mastodon":{"url":"","error":""},"_links":{"self":[{"href":"https:\/\/www.europesays.com\/es\/wp-json\/wp\/v2\/posts\/132416","targetHints":{"allow":["GET"]}}],"collection":[{"href":"https:\/\/www.europesays.com\/es\/wp-json\/wp\/v2\/posts"}],"about":[{"href":"https:\/\/www.europesays.com\/es\/wp-json\/wp\/v2\/types\/post"}],"author":[{"embeddable":true,"href":"https:\/\/www.europesays.com\/es\/wp-json\/wp\/v2\/users\/2"}],"replies":[{"embeddable":true,"href":"https:\/\/www.europesays.com\/es\/wp-json\/wp\/v2\/comments?post=132416"}],"version-history":[{"count":0,"href":"https:\/\/www.europesays.com\/es\/wp-json\/wp\/v2\/posts\/132416\/revisions"}],"wp:featuredmedia":[{"embeddable":true,"href":"https:\/\/www.europesays.com\/es\/wp-json\/wp\/v2\/media\/132417"}],"wp:attachment":[{"href":"https:\/\/www.europesays.com\/es\/wp-json\/wp\/v2\/media?parent=132416"}],"wp:term":[{"taxonomy":"category","embeddable":true,"href":"https:\/\/www.europesays.com\/es\/wp-json\/wp\/v2\/categories?post=132416"},{"taxonomy":"post_tag","embeddable":true,"href":"https:\/\/www.europesays.com\/es\/wp-json\/wp\/v2\/tags?post=132416"}],"curies":[{"name":"wp","href":"https:\/\/api.w.org\/{rel}","templated":true}]}}