{"id":132420,"date":"2025-09-22T19:49:07","date_gmt":"2025-09-22T19:49:07","guid":{"rendered":"https:\/\/www.europesays.com\/es\/132420\/"},"modified":"2025-09-22T19:49:07","modified_gmt":"2025-09-22T19:49:07","slug":"balon-de-oro-2025-en-directo-luis-enrique-mejor-entrenador-del-ano-tras-su-triplete-con-el-psg-futbol-deportes","status":"publish","type":"post","link":"https:\/\/www.europesays.com\/es\/132420\/","title":{"rendered":"Bal\u00f3n de Oro 2025 en directo | Luis Enrique, mejor entrenador del a\u00f1o tras su triplete con el PSG | F\u00fatbol | Deportes"},"content":{"rendered":"<p class=\"ev-title\">Sarina Wiegman, mejor entrenadora<\/p>\n<p>La neerlandesa, de 55 a\u00f1os, conquist\u00f3 la\u00a0Eurocopa femenina con la selecci\u00f3n inglesa.\u00a0\u00abEl crecimiento del f\u00fatbol femenino tambi\u00e9n acarrea responsabilidades; tenemos que ser aut\u00e9nticos, inclusivos y luchar por un mundo en el que todos tenemos cabida. Tenemos que luchar contra la misoginia y el racismo\u00bb, ha declarado.<\/p>\n","protected":false},"excerpt":{"rendered":"Sarina Wiegman, mejor entrenadora La neerlandesa, de 55 a\u00f1os, conquist\u00f3 la\u00a0Eurocopa femenina con la selecci\u00f3n inglesa.\u00a0\u00abEl crecimiento del&hellip;\n","protected":false},"author":2,"featured_media":132421,"comment_status":"","ping_status":"","sticky":false,"template":"","format":"standard","meta":{"footnotes":""},"categories":[93],"tags":[1540,168,927,1539,25,24,16807,282,1538,8138,16808,16806,532,36251,23,167],"class_list":{"0":"post-132420","1":"post","2":"type-post","3":"status-publish","4":"format-standard","5":"has-post-thumbnail","7":"category-deportes","8":"tag-competiciones","9":"tag-deportes","10":"tag-deportistas","11":"tag-entrenadores","12":"tag-es","13":"tag-espana","14":"tag-france-football","15":"tag-futbol","16":"tag-futbolistas","17":"tag-lamine-yamal","18":"tag-ousmane-dembele","19":"tag-premio-balon-de-oro","20":"tag-premios","21":"tag-premios-deportivos","22":"tag-spain","23":"tag-sports"},"share_on_mastodon":{"url":"","error":""},"_links":{"self":[{"href":"https:\/\/www.europesays.com\/es\/wp-json\/wp\/v2\/posts\/132420","targetHints":{"allow":["GET"]}}],"collection":[{"href":"https:\/\/www.europesays.com\/es\/wp-json\/wp\/v2\/posts"}],"about":[{"href":"https:\/\/www.europesays.com\/es\/wp-json\/wp\/v2\/types\/post"}],"author":[{"embeddable":true,"href":"https:\/\/www.europesays.com\/es\/wp-json\/wp\/v2\/users\/2"}],"replies":[{"embeddable":true,"href":"https:\/\/www.europesays.com\/es\/wp-json\/wp\/v2\/comments?post=132420"}],"version-history":[{"count":0,"href":"https:\/\/www.europesays.com\/es\/wp-json\/wp\/v2\/posts\/132420\/revisions"}],"wp:featuredmedia":[{"embeddable":true,"href":"https:\/\/www.europesays.com\/es\/wp-json\/wp\/v2\/media\/132421"}],"wp:attachment":[{"href":"https:\/\/www.europesays.com\/es\/wp-json\/wp\/v2\/media?parent=132420"}],"wp:term":[{"taxonomy":"category","embeddable":true,"href":"https:\/\/www.europesays.com\/es\/wp-json\/wp\/v2\/categories?post=132420"},{"taxonomy":"post_tag","embeddable":true,"href":"https:\/\/www.europesays.com\/es\/wp-json\/wp\/v2\/tags?post=132420"}],"curies":[{"name":"wp","href":"https:\/\/api.w.org\/{rel}","templated":true}]}}