{"id":132430,"date":"2025-09-22T19:54:08","date_gmt":"2025-09-22T19:54:08","guid":{"rendered":"https:\/\/www.europesays.com\/es\/132430\/"},"modified":"2025-09-22T19:54:08","modified_gmt":"2025-09-22T19:54:08","slug":"francia-reconoce-en-la-onu-el-estado-palestino-pese-a-la-presion-de-israel-ha-llegado-el-momento-internacional","status":"publish","type":"post","link":"https:\/\/www.europesays.com\/es\/132430\/","title":{"rendered":"Francia reconoce en la ONU el Estado palestino pese a la presi\u00f3n de Israel: \u201cHa llegado el momento\u201d | Internacional"},"content":{"rendered":"<p class=\"\"><a href=\"https:\/\/elpais.com\/opinion\/2025-09-22\/espana-francia-y-el-reconocimiento-del-estado-palestino.html\" target=\"_self\" rel=\"nofollow noopener\" title=\"https:\/\/elpais.com\/opinion\/2025-09-22\/espana-francia-y-el-reconocimiento-del-estado-palestino.html\">Francia ha reconocido oficialmente el Estado Palestino este lunes en la ONU como respuesta rotunda a la masacre de Israel en Gaza.<\/a> \u201cHa llegado el momento\u201d ha asegurado el presidente de la Rep\u00fablica, porque \u201cestamos muy cerca de no poder conseguirla. No podemos esperar m\u00e1s\u201d. Tras sus palabras, un aplauso se ha o\u00eddo en la Asamblea General de la ONU. <\/p>\n<p class=\"\">\u201cEste reconocimiento es una forma de afirmar que el pueblo palestino no es un pueblo de m\u00e1s. Al contrario, es un pueblo que nunca dice adi\u00f3s a nada\u201d, ha justificado su decisi\u00f3n. \u201cEl reconocimiento de los derechos leg\u00edtimos del pueblo palestino no resta nada a los derechos del pueblo israel\u00ed, que Francia ha apoyado desde el primer d\u00eda\u201d, ha continuado. El reconocimiento franc\u00e9s, como punta de lanza de los 142 pa\u00edses que en julio firmaron la llamada declaraci\u00f3n de Nueva York por la soluci\u00f3n de dos Estados, es tambi\u00e9n \u201cuna derrota para Ham\u00e1s\u201d, ha subrayado el mandatario franc\u00e9s, en contraposici\u00f3n a lo que sostienen las autoridades israel\u00edes, para las que la medida \u201ces un gran recompensa\u201d para el grupo armado palestino.<\/p>\n<p class=\"\">En un discurso equilibrado al mil\u00edmetro, con continuos gui\u00f1os a Israel pero tambi\u00e9n agudas interpelaciones -en especial, a poner fin a sus operaciones militares en la Franja-, Macron ha citado con nombres y apellidos a rehenes francoisrael\u00edes pero tambi\u00e9n a v\u00edctimas palestinas, en un ejercicio de pretendida neutralidad que los asientos vac\u00edos de la delegaci\u00f3n israel\u00ed en la sala de la Asamblea General se han encargado de subrayar. \u201cEs hora de liberar a los 48 rehenes que siguen en poder de Ham\u00e1s y a poner fin a la guerra, las masacres y la poblaci\u00f3n [palestina] que huye\u201d, ha dicho Macron, haciendo responsable a la comunidad internacional, Francia incluida, del fracaso que supone no haber sido capaz de lograr la paz en Oriente Pr\u00f3ximo en d\u00e9cadas, algo puesto en evidencia \u201cpor los ataques terroristas de Ham\u00e1s el 7 de octubre de 2023\u2033. \u201cEl derecho debe imperar sobre la fuerza (&#8230;) Nunca hemos fallado a Israel en nuestro compromiso, pero nada justifica que contin\u00fae la guerra en Gaza\u201d, pues Ham\u00e1s \u201cha sido debilitado de manera considerable\u201d.<\/p>\n<p class=\"\">La decisi\u00f3n, largamente debatida y amasada pol\u00edticamente durante meses, ha sido una batalla de Macron, que ha arrastrado a una decena de pa\u00edses m\u00e1s \u2014con el Reino Unido como el m\u00e1s destacado\u2014 a emprender el mismo camino, y a los que este lunes ha citado uno por uno, con especial referencia al camino emprendido en 2024 \u201cpor Espa\u00f1a, Irlanda, Noruega y Eslovenia\u201d. En total, \u201c142 pa\u00edses [los firmantes de la llamada declaraci\u00f3n de Nueva York, emitida en julio por la conferencia de dos Estados] optan por la paz\u201d y no la guerra, aunque, dijo el presidente franc\u00e9s para terminar su alocuci\u00f3n, tras recordar el asesinato de Isaac Rabin, uno de los art\u00edfices de los Acuerdos de Oslo de 1993, \u201cla paz es mucho m\u00e1s exigente y dif\u00edcil que todas las guerras, pero ha llegado el momento\u201d.<\/p>\n<p class=\"\">. Con esta oleada de reconocimientos, son ya cuatro de los cinco miembros permanentes del Consejo de Seguridad los que est\u00e1n a favor de crear un Estado palestino. Los otros dos son China y Rusia, con Estados Unidos como \u00fanico miembro en contra de ese paso simb\u00f3lico. M\u00e1s all\u00e1 del Consejo de Seguridad, casi 160 de los 193 pa\u00edses que integran de la ONU consideran a Palestina un Estado.<\/p>\n<p class=\"\">La decisi\u00f3n se ha materializado en la Conferencia de Alto Nivel para la Soluci\u00f3n Pac\u00edfica de la Cuesti\u00f3n de Palestina y la Aplicaci\u00f3n de la Soluci\u00f3n de Dos Estados, una iniciativa de la ONU copatrocinada por Francia y Arabia Saud\u00ed que se lanz\u00f3 en julio y en la que, por primera vez, <a href=\"https:\/\/elpais.com\/internacional\/2025-07-30\/los-paises-arabes-piden-a-hamas-que-deje-las-armas-y-abandone-el-poder-en-gaza.html\" rel=\"nofollow noopener\" target=\"_blank\">el bloque \u00e1rabe pidi\u00f3 a la milicia islamista Ham\u00e1s que deje las armas y abandone el poder en Gaza<\/a>.<\/p>\n<p class=\"\">Macron ha sido el encargado de formalizar ese reconocimiento en una declaraci\u00f3n que ha estado preparando en los \u00faltimos meses y que desde que la anunci\u00f3 a mediados de julio ha conseguido sumar a otros pa\u00edses. Tras el anuncio del presidente franc\u00e9s, el secretario de Estado de EE UU, Marco Rubio, manifest\u00f3 que su pa\u00eds \u201crechaza en\u00e9rgicamente\u201d esta decisi\u00f3n, que califica de \u201cirresponsable\u201d. <\/p>\n<p class=\"\">Tres importantes socios y aliados de EE UU (Canad\u00e1, el Reino Unido y Australia) <a href=\"https:\/\/elpais.com\/internacional\/2025-09-21\/el-reino-unido-confirma-su-decision-de-reconocer-el-estado-palestino.html\" target=\"_blank\" rel=\"nofollow noopener\" title=\"https:\/\/elpais.com\/internacional\/2025-09-21\/el-reino-unido-confirma-su-decision-de-reconocer-el-estado-palestino.html\">reconocieron el domingo a Palestina como Estado,<\/a> una declaraci\u00f3n a la que se sum\u00f3 Portugal. La iniciativa anglosajona incomoda m\u00e1s a Washington que la francesa, por los estrechos lazos \u2014desde los intercambios comerciales a la cooperaci\u00f3n en seguridad\u2014 que tradicionalmente mantiene con los tres socios. Espa\u00f1a ya hab\u00eda tomado esa decisi\u00f3n en mayo de 2024. <\/p>\n<p class=\"\">Junto con Francia, a la que est\u00e1 previsto que se sumen este lunes otros cinco pa\u00edses (B\u00e9lgica, Malta, Andorra, Luxemburgo y San Marino) en la llamada conferencia de dos Estados para una soluci\u00f3n negociada al conflicto palestino, el paso al frente dado por Canad\u00e1 y el Reino Unido es especialmente significativo, al ser en el seno del G-7, el grupo de las econom\u00edas m\u00e1s desarrolladas del mundo.<\/p>\n<p class=\"\">En Francia, el rechazo a la iniciativa se ha hecho notar entre las filas de la derecha y la ultraderecha. Pero tambi\u00e9n en algunos sectores de la izquierda socialista cercanos a la comunidad jud\u00eda, muy influyente en Francia. <\/p>\n<p class=\"\">La paradoja es que entre los mayores defensores de Israel y de las pol\u00edticas de su primer ministro, Benjam\u00edn Netanyahu se encuentra el Reagrupamiento Nacional (RN). El partido de Marine Le Pen fue fundado por exmiembros de la SS y su primer l\u00edder (Jean-Marie Le Pen, padre de su actual jefa) fue condenado varias veces por antisemitismo. Sin embargo, la ultraderecha ha cre\u00eddo encontrar en la matanza de Gaza un relato com\u00fan al de Israel, aunque en su caso <a href=\"https:\/\/elpais.com\/internacional\/2023-11-10\/le-pen-intenta-abanderar-la-lucha-contra-el-antisemitismo-para-culminar-la-normalizacion-de-su-partido.html\" target=\"_self\" rel=\"nofollow noopener\" title=\"https:\/\/elpais.com\/internacional\/2023-11-10\/le-pen-intenta-abanderar-la-lucha-contra-el-antisemitismo-para-culminar-la-normalizacion-de-su-partido.html\">el apoyo al Estado jud\u00edo<\/a> se explica m\u00e1s por cuestiones pr\u00f3ximas al rechazo de los inmigrantes musulmanes en Francia que por cercan\u00eda a Netanyahu.<\/p>\n<p class=\"\">El ministro de Asuntos Exteriores dimisionario, Jean-No\u00ebl Barrot, consider\u00f3, horas antes de la formalizaci\u00f3n de la decisi\u00f3n, que este lunes es \u201cun gran d\u00eda para la paz\u201d y que el reconocimiento de Palestina supone \u201cuna victoria diplom\u00e1tica mayor para Francia\u201d. \u201cLa decisi\u00f3n es simb\u00f3lica, inmediata, pol\u00edtica, y demuestra el apego de Francia a la soluci\u00f3n de dos Estados. Su aplicaci\u00f3n ser\u00e1 progresiva y estar\u00e1 condicionada a elementos sobre el terreno, entre ellos la liberaci\u00f3n de los rehenes\u201d, detall\u00f3 Barrot.<\/p>\n<p class=\"\">Uno de los dos principales cambios en estos dos a\u00f1os que justifican el reconocimiento del Estado palestino, seg\u00fan el El\u00edseo, es que han variado \u201clos objetivos declarados por Israel\u201d con su ofensiva en Gaza, pero tambi\u00e9n el salto que ha dado el Gobierno de Netanyahu en la colonizaci\u00f3n de Cisjordania. En el entorno de Macron creen que \u201cla anexi\u00f3n de Cisjordania es una l\u00ednea roja clara\u201d porque ser\u00eda \u201cuna de las medidas que m\u00e1s gravemente comprometer\u00eda la perspectiva de una soluci\u00f3n de dos Estados\u201d.<\/p>\n<p class=\"\">Este gesto simb\u00f3lico y pol\u00edtico tambi\u00e9n encuentra su origen en la respuesta a la carta que Mahmud Abbas, presidente de la Autoridad Nacional Palestina, envi\u00f3 el 10 de junio a Macron y a Mohamed Bin Salman, pr\u00edncipe heredero de Arabia Saud\u00ed. En dicha misiva, el dirigente palestino denunci\u00f3 la masacre del 7 de octubre de 2023 cometida por Ham\u00e1s, defendi\u00f3 la desmilitarizaci\u00f3n de esa milicia islamista y prometi\u00f3 renovar la gobernanza de la Autoridad Palestina.<\/p>\n<p class=\"\">En Francia, decenas de Ayuntamientos gobernados por los socialistas han izado este lunes la bandera palestina. La iniciativa ha vuelto a levantar ampollas en un pa\u00eds muy dividido por la cuesti\u00f3n, que a menudo se interpreta como un apoyo a Ham\u00e1s. \u201cReconocer a un Estado de Palestina no constituye un gesto que favorezca a Ham\u00e1s\u201d, se\u00f1al\u00f3 el secretario general del Partido Socialista, Olivier Faure. \u201cRecuerda que no estamos dispuestos a aceptar la idea de que exista un Gran Israel\u201d desde \u201cel Mediterr\u00e1neo hasta el r\u00edo Jord\u00e1n\u201d, insisti\u00f3. \u201cEsa bandera no es la bandera de Ham\u00e1s, es la bandera de mujeres y hombres que tambi\u00e9n tienen derecho a la libertad y a la autodeterminaci\u00f3n\u201d, insisti\u00f3.<\/p>\n","protected":false},"excerpt":{"rendered":"Francia ha reconocido oficialmente el Estado Palestino este lunes en la ONU como respuesta rotunda a la masacre&hellip;\n","protected":false},"author":2,"featured_media":132431,"comment_status":"","ping_status":"","sticky":false,"template":"","format":"standard","meta":{"footnotes":""},"categories":[42],"tags":[17,18,352,730,13,14,317,73,11,61,62,63,64,74,19,20,9,10,15,16,732,76,12,21,22,65,66,67],"class_list":{"0":"post-132430","1":"post","2":"type-post","3":"status-publish","4":"format-standard","5":"has-post-thumbnail","7":"category-internacional","8":"tag-breaking-news","9":"tag-breakingnews","10":"tag-donald-trump","11":"tag-emmanuel-macron","12":"tag-featured-news","13":"tag-featurednews","14":"tag-francia","15":"tag-franja-gaza","16":"tag-headlines","17":"tag-internacional","18":"tag-international","19":"tag-international-news","20":"tag-internationalnews","21":"tag-israel","22":"tag-latest-news","23":"tag-latestnews","24":"tag-news","25":"tag-noticias","26":"tag-noticias-destacadas","27":"tag-noticiasdestacadas","28":"tag-onu","29":"tag-palestina","30":"tag-titulares","31":"tag-ultimas-noticias","32":"tag-ultimasnoticias","33":"tag-world","34":"tag-world-news","35":"tag-worldnews"},"share_on_mastodon":{"url":"","error":""},"_links":{"self":[{"href":"https:\/\/www.europesays.com\/es\/wp-json\/wp\/v2\/posts\/132430","targetHints":{"allow":["GET"]}}],"collection":[{"href":"https:\/\/www.europesays.com\/es\/wp-json\/wp\/v2\/posts"}],"about":[{"href":"https:\/\/www.europesays.com\/es\/wp-json\/wp\/v2\/types\/post"}],"author":[{"embeddable":true,"href":"https:\/\/www.europesays.com\/es\/wp-json\/wp\/v2\/users\/2"}],"replies":[{"embeddable":true,"href":"https:\/\/www.europesays.com\/es\/wp-json\/wp\/v2\/comments?post=132430"}],"version-history":[{"count":0,"href":"https:\/\/www.europesays.com\/es\/wp-json\/wp\/v2\/posts\/132430\/revisions"}],"wp:featuredmedia":[{"embeddable":true,"href":"https:\/\/www.europesays.com\/es\/wp-json\/wp\/v2\/media\/132431"}],"wp:attachment":[{"href":"https:\/\/www.europesays.com\/es\/wp-json\/wp\/v2\/media?parent=132430"}],"wp:term":[{"taxonomy":"category","embeddable":true,"href":"https:\/\/www.europesays.com\/es\/wp-json\/wp\/v2\/categories?post=132430"},{"taxonomy":"post_tag","embeddable":true,"href":"https:\/\/www.europesays.com\/es\/wp-json\/wp\/v2\/tags?post=132430"}],"curies":[{"name":"wp","href":"https:\/\/api.w.org\/{rel}","templated":true}]}}