{"id":132442,"date":"2025-09-22T20:04:16","date_gmt":"2025-09-22T20:04:16","guid":{"rendered":"https:\/\/www.europesays.com\/es\/132442\/"},"modified":"2025-09-22T20:04:16","modified_gmt":"2025-09-22T20:04:16","slug":"el-bilbao-basket-supera-con-claridad-al-hiopos-lleida","status":"publish","type":"post","link":"https:\/\/www.europesays.com\/es\/132442\/","title":{"rendered":"El Bilbao Basket supera con claridad al Hiopos Lleida"},"content":{"rendered":"<p class=\"article-body__text \">\n        <strong>Lleida\t82<\/strong>\n<\/p>\n<p class=\"article-body__text \">\n        <strong>BILBAO BASKET: <\/strong>Jaworski (22), Petrasek (9), Pantzar (10), Sylla (8), Font (11) -cinco inicial- Normantas (6), Frey (7), De Castro (0), Krampelj (6), Hillard (9), Zecevic (0), Hlinason (7).\n<\/p>\n<p class=\"article-body__text \">\n        <strong>LLEIDA:<\/strong> Batemon (4), Walden (9), Ejim (2), Paul\u00ed (13), Krutwig (2) -cinco inicial- Agada (4), Zoriks (10), Goloman (2), Diagne (14), Sanz (0), Jim\u00e9nez (16), Shurna (3), Llorente (3).\n<\/p>\n<p class=\"article-body__text \">\n        <strong>Parciales: <\/strong>29-14, 53-31 (descanso), 77-58, 95-82.\n<\/p>\n<p class=\"article-body__text \">\n        <strong>\u00c1rbitros:<\/strong> Perea, Baena y Alcaraz. Sin eliminados.\n<\/p>\n<p class=\"article-body__text \">\n        <strong>Incidencias:<\/strong> II Memorial Oscar Sol\u00e9 disputado en el Pavell\u00f3 Esporti\u00fa de T\u00e0rrega.\n<\/p>\n<p class=\"article-body__text \">\n        El <a href=\"https:\/\/www.deia.eus\/tags\/bilbao-basket\/\" title=\"Surne Bilbao Basket\" class=\"link copy\" rel=\"nofollow noopener\" target=\"_blank\">Surne Bilbao Basket<\/a> <strong>logr\u00f3 en T\u00e0rrega su tercer triunfo de la pretemporada tras superar con claridad al Hiopos Lleida.<\/strong> <a href=\"https:\/\/www.deia.eus\/tags\/jaume-ponsarnau\/\" title=\"Jaume Ponsarnau\" class=\"link copy\" rel=\"nofollow noopener\" target=\"_blank\">Jaume Ponsarnau<\/a>, de vuelta a su localidad natal, <strong>no pudo contar de nuevo con Bassala Bagayoko y Stefan Lazarevic, aunque a cambio s\u00ed pudo jugar sus primeros minutos como hombre de negro Margiris Normantas.<\/strong>\n<\/p>\n<blockquote class=\"twitter-tweet\" data-lang=\"es\">\n<p lang=\"es\" dir=\"ltr\">Garaipena! \ud83d\ude0e\ud83d\udda4<\/p>\n<p>Victoria para los MIB ante Hiopos Lleida en el 2\u00ba memorial \u00d2scar Sol\u00e9 disputado en T\u00e1rrega (Lleida). Los de Jaume Ponsarnau llevaron la iniciativa en una gran primera mitad (53-31). En la segunda, Surne Bilbao Basket supo administrar las ventajas para acabar el\u2026 <a href=\"https:\/\/t.co\/EEqe0HOPFp\" rel=\"nofollow\">pic.twitter.com\/EEqe0HOPFp<\/a><\/p>\n<p>\u2014 Surne Bilbao Basket \ud83d\ude0e (@bilbaobasket) <a href=\"https:\/\/twitter.com\/bilbaobasket\/status\/1969821659415621818?ref_src=twsrc%5Etfw\" rel=\"nofollow noopener\" target=\"_blank\">21 de septiembre de 2025<\/a><\/p><\/blockquote>\n<p class=\"article-body__text \">\n        <strong>El <\/strong><a href=\"https:\/\/www.deia.eus\/tags\/bilbao-basket\/\" title=\"Bilbao Basket\" class=\"link copy\" rel=\"nofollow noopener\" target=\"_blank\"><strong>Bilbao Basket<\/strong><\/a><strong>, buscando siempre un ajustado reparto de los minutos, mostr\u00f3 m\u00e1s intensidad desde el inicio, lo que le llev\u00f3 a abrir ya una brecha importante en el primer cuarto gracias a un parcial de 10-0<\/strong>. Jaworski, con once puntos, fue el m\u00e1s destacado en este parcial.<strong> Los de Ponsarnau siguieron controlando el rebote y mostrando m\u00e1s acierto en ataque para abrir a\u00fan m\u00e1s ventaja al descanso. En el tercer cuarto, los bilbainos se pusieron treinta puntos por encima (67-37), lo que hizo espabilar al Lleida<\/strong>. Los catalanes anotaron cinco triples en apenas cuatro minutos y se metieron de lleno en el duelo en el \u00faltimo cuarto con un parcial de 10-29 y diez triples en la segunda parte. <strong>El Bilbao Basket pas\u00f3 un bache y el Lleida lleg\u00f3 hasta un 85-76. Un par de triples de Hilliard y Petrasek pusieron fin a los apuros para amarrar el triunfo.<\/strong>\n<\/p>\n<p class=\"article-body__text \">\n        <strong>Ponsarnau acab\u00f3 conforme con el partido porque \u201cha habido muchos minutos en los que hemos jugado bien y con acierto. Adem\u00e1s, en la primera parte hemos defendido muy bien\u201d. <\/strong>Entre lo <strong>negativo<\/strong>, el t\u00e9cnico del Bilbao Basket apunt\u00f3 \u201c<strong>lo l\u00f3gico y es que seg\u00fan avanza el partido se nota que algunos jugadores no est\u00e1n en forma porque no les toca, ni existen los mecanismos para jugar juntos. Pero hay implicaci\u00f3n y talento y cuando ellos se han acercado hemos estado s\u00f3lidos. Ha sido positivo porque ya tocaba cambiar de marcha y porque lo que tenemos entre manos da para hacer las cosas bien\u201d<\/strong>.\n<\/p>\n<p>            <script async src=\"https:\/\/platform.twitter.com\/widgets.js\" charset=\"utf-8\"><\/script><\/p>\n","protected":false},"excerpt":{"rendered":"Lleida 82 BILBAO BASKET: Jaworski (22), Petrasek (9), Pantzar (10), Sylla (8), Font (11) -cinco inicial- Normantas (6),&hellip;\n","protected":false},"author":2,"featured_media":132443,"comment_status":"","ping_status":"","sticky":false,"template":"","format":"standard","meta":{"footnotes":""},"categories":[269],"tags":[299,1918,298,2601,168,25,24,4355,4346,23,167],"class_list":{"0":"post-132442","1":"post","2":"type-post","3":"status-publish","4":"format-standard","5":"has-post-thumbnail","7":"category-baloncesto","8":"tag-baloncesto","9":"tag-basket","10":"tag-basketball","11":"tag-bilbao","12":"tag-deportes","13":"tag-es","14":"tag-espana","15":"tag-gana","16":"tag-lleida","17":"tag-spain","18":"tag-sports"},"share_on_mastodon":{"url":"","error":""},"_links":{"self":[{"href":"https:\/\/www.europesays.com\/es\/wp-json\/wp\/v2\/posts\/132442","targetHints":{"allow":["GET"]}}],"collection":[{"href":"https:\/\/www.europesays.com\/es\/wp-json\/wp\/v2\/posts"}],"about":[{"href":"https:\/\/www.europesays.com\/es\/wp-json\/wp\/v2\/types\/post"}],"author":[{"embeddable":true,"href":"https:\/\/www.europesays.com\/es\/wp-json\/wp\/v2\/users\/2"}],"replies":[{"embeddable":true,"href":"https:\/\/www.europesays.com\/es\/wp-json\/wp\/v2\/comments?post=132442"}],"version-history":[{"count":0,"href":"https:\/\/www.europesays.com\/es\/wp-json\/wp\/v2\/posts\/132442\/revisions"}],"wp:featuredmedia":[{"embeddable":true,"href":"https:\/\/www.europesays.com\/es\/wp-json\/wp\/v2\/media\/132443"}],"wp:attachment":[{"href":"https:\/\/www.europesays.com\/es\/wp-json\/wp\/v2\/media?parent=132442"}],"wp:term":[{"taxonomy":"category","embeddable":true,"href":"https:\/\/www.europesays.com\/es\/wp-json\/wp\/v2\/categories?post=132442"},{"taxonomy":"post_tag","embeddable":true,"href":"https:\/\/www.europesays.com\/es\/wp-json\/wp\/v2\/tags?post=132442"}],"curies":[{"name":"wp","href":"https:\/\/api.w.org\/{rel}","templated":true}]}}