{"id":132448,"date":"2025-09-22T20:07:13","date_gmt":"2025-09-22T20:07:13","guid":{"rendered":"https:\/\/www.europesays.com\/es\/132448\/"},"modified":"2025-09-22T20:07:13","modified_gmt":"2025-09-22T20:07:13","slug":"grafitis-zaragoza-estas-son-las-tres-zonas-de-zaragoza-donde-se-probara-una-novedosa-tecnica-para-repeler-los-grafitis","status":"publish","type":"post","link":"https:\/\/www.europesays.com\/es\/132448\/","title":{"rendered":"Grafitis Zaragoza | Estas son las tres zonas de Zaragoza donde se probar\u00e1 una novedosa t\u00e9cnica para \u00abrepeler\u00bb los grafitis"},"content":{"rendered":"<p class=\"ft-text\">El <a class=\"ft-link ft-link--decoration\" href=\"https:\/\/www.elperiodicodearagon.com\/tags\/ayuntamiento-de-zaragoza\/\" target=\"_blank\" rel=\"nofollow noopener\">Ayuntamiento de Zaragoza<\/a> ha seleccionado tres zonas para poner en marcha un nuevo servicio de limpieza preventiva para proteger las fachadas de varios edificios de \u00abpintadas y <a class=\"ft-link ft-link--decoration\" href=\"https:\/\/www.elperiodicodearagon.com\/tags\/grafitis\/\" target=\"_blank\" rel=\"nofollow noopener\">grafitis<\/a>\u00ab. A trav\u00e9s de un contrato valorado en cerca de <strong>50.000 euros (48.380,64, IVA incluido)<\/strong>, el consistorio busca \u00abadecuar\u00bb estas paredes con un recubrimiento que \u00abrepele\u00bb la suciedad. En concreto, se actuar\u00e1 en la fachada de acceso al parque Castillo Palomar en la avenida Navarra; en las fachadas del pabell\u00f3n Siglo XXI; y en las fachadas y muros de tres centros deportivos municipales: La Jota, Ciudad Jard\u00edn y La Granja.<\/p>\n<p class=\"ft-text\">La empresa que se adjudique el contrato tendr\u00e1 un mes (30 d\u00edas) para llevar a cabo estas actuaciones, pudiendo ofertar una baja en el precio de hasta un 25%. Es decir, m\u00ednimo deber\u00e1 proponer unos 36.000 euros. Aunque, eso s\u00ed, antes de dicho tratamiento las zonas a tratar ser\u00e1n limpiadas previamente por la contrata municipal de limpieza ya existente, adjudicada a FCC Medio Ambiente. Y ser\u00e1 despu\u00e9s cuando se act\u00fae sobre las fachadas y los muros seleccionados con una t\u00e9cnica que ser\u00e1 \u00ab100% ecol\u00f3gica\u00bb.<\/p>\n<p class=\"ft-text\">Hay varios objetivos principales. El primero,<strong> reducir los tiempos <\/strong>que suelen ser necesarios para la limpieza y la eliminaci\u00f3n de grafitis, que podr\u00e1 realizarse desde ahora solo con agua a baja presi\u00f3n. De esta forma, <strong>no habr\u00e1 que emplear productos qu\u00edmicos<\/strong>, equipos de alta presi\u00f3n o maquinaria especializada. Adem\u00e1s, se ganar\u00e1 en eficiencia, ya que no habr\u00e1 que formar a equipos especializados.<\/p>\n<p class=\"ft-text\">Por otra parte, se disminuir\u00e1 el uso de productos contaminantes y peligrosos (al descender el empleo de qu\u00edmicos, disolventes, etc.) y, con ello, tambi\u00e9n se previene el deterioro de las superficies, alargando as\u00ed la vida \u00fatil del equipamiento y de las infraestructuras urbanas. Todas estas actuaciones van en consonancia con el compromiso de Zaragoza con la<strong> Agenda 2030 <\/strong>y de ser una de las 100 primeras ciudades clim\u00e1ticamente neutras en ese entonces.<\/p>\n<p class=\"ft-text\">Yendo a lo concreto, el tipo de recubrimiento deber\u00e1 ser 100% ecol\u00f3gico y estar dise\u00f1ado \u00abpara proteger todo tipo de superficies minerales porosas\u00bb. Su fin es el de crear una capa protectora, transparente y transpirable de entre 100 y 350 mil\u00edmetros de espesor. La duraci\u00f3n funcional deber\u00e1 ser de 10 a\u00f1os o, en su defecto, de 10 lavados, siendo \u00abresistente a la intmperia, a la abrasi\u00f3n y a los agentes qu\u00edmicos\u00bb.<\/p>\n","protected":false},"excerpt":{"rendered":"El Ayuntamiento de Zaragoza ha seleccionado tres zonas para poner en marcha un nuevo servicio de limpieza preventiva&hellip;\n","protected":false},"author":2,"featured_media":132449,"comment_status":"","ping_status":"","sticky":false,"template":"","format":"standard","meta":{"footnotes":""},"categories":[173],"tags":[229,233,231,230,42301,232,234,146,147,25,24,22100,8528,22393,2877,23,603,491,7996],"class_list":{"0":"post-132448","1":"post","2":"type-post","3":"status-publish","4":"format-standard","5":"has-post-thumbnail","7":"category-arte-y-diseno","8":"tag-arte","9":"tag-arte-y-diseno","10":"tag-arts","11":"tag-arts-and-design","12":"tag-ayuntamiento-de-zaragoza","13":"tag-design","14":"tag-diseno","15":"tag-entertainment","16":"tag-entretenimiento","17":"tag-es","18":"tag-espana","19":"tag-grafitis","20":"tag-limpieza","21":"tag-probara","22":"tag-son","23":"tag-spain","24":"tag-tres","25":"tag-zaragoza","26":"tag-zonas"},"share_on_mastodon":{"url":"","error":""},"_links":{"self":[{"href":"https:\/\/www.europesays.com\/es\/wp-json\/wp\/v2\/posts\/132448","targetHints":{"allow":["GET"]}}],"collection":[{"href":"https:\/\/www.europesays.com\/es\/wp-json\/wp\/v2\/posts"}],"about":[{"href":"https:\/\/www.europesays.com\/es\/wp-json\/wp\/v2\/types\/post"}],"author":[{"embeddable":true,"href":"https:\/\/www.europesays.com\/es\/wp-json\/wp\/v2\/users\/2"}],"replies":[{"embeddable":true,"href":"https:\/\/www.europesays.com\/es\/wp-json\/wp\/v2\/comments?post=132448"}],"version-history":[{"count":0,"href":"https:\/\/www.europesays.com\/es\/wp-json\/wp\/v2\/posts\/132448\/revisions"}],"wp:featuredmedia":[{"embeddable":true,"href":"https:\/\/www.europesays.com\/es\/wp-json\/wp\/v2\/media\/132449"}],"wp:attachment":[{"href":"https:\/\/www.europesays.com\/es\/wp-json\/wp\/v2\/media?parent=132448"}],"wp:term":[{"taxonomy":"category","embeddable":true,"href":"https:\/\/www.europesays.com\/es\/wp-json\/wp\/v2\/categories?post=132448"},{"taxonomy":"post_tag","embeddable":true,"href":"https:\/\/www.europesays.com\/es\/wp-json\/wp\/v2\/tags?post=132448"}],"curies":[{"name":"wp","href":"https:\/\/api.w.org\/{rel}","templated":true}]}}