{"id":132455,"date":"2025-09-22T20:12:09","date_gmt":"2025-09-22T20:12:09","guid":{"rendered":"https:\/\/www.europesays.com\/es\/132455\/"},"modified":"2025-09-22T20:12:09","modified_gmt":"2025-09-22T20:12:09","slug":"en-directo-balon-de-oro-2025-lamine-yamal-y-dembele-favoritos","status":"publish","type":"post","link":"https:\/\/www.europesays.com\/es\/132455\/","title":{"rendered":"En directo, Bal\u00f3n de Oro 2025: Lamine Yamal y Demb\u00e9l\u00e9, favoritos"},"content":{"rendered":"<p>As\u00ed est\u00e1 la clasificaci\u00f3n<\/p>\n<p class=\"articleParagraph\">Ya conocemos el orden de los puestos entre el 11 y el 30 en la clasificaci\u00f3n del Bal\u00f3n de Oro que queda de la siguiente manera:<\/p>\n<p class=\"articleParagraph\">11. <b>Pedri <\/b>(Barcelona)<\/p>\n<p class=\"articleParagraph\">12. Khvicha Kvaratskhelia (PSG)<\/p>\n<p class=\"articleParagraph\">13. Harry Kane (Bayern)<\/p>\n<p class=\"articleParagraph\">14. D\u00e9sir\u00e9 Dou\u00e9 (PSG)<\/p>\n<p class=\"articleParagraph\">15. Viktor Gyokeres (Sporting\/Arsenal)<\/p>\n<p class=\"articleParagraph\">16. V\u00ednicius Jr (Real Madrid)<\/p>\n<p class=\"articleParagraph\">17. Robert Lewandowski (Barcelona)<\/p>\n<p class=\"articleParagraph\">18. Scott McTominay (Napoli)<\/p>\n<p class=\"articleParagraph\">19. Joao Neves (PSG)<\/p>\n<p class=\"articleParagraph\">20. Lautaro Mart\u00ednez (Inter)<\/p>\n<p class=\"articleParagraph\">21. Serhou Guirassy (B.Dortmund)<\/p>\n<p class=\"articleParagraph\">22. Alexis Mac Allister (Liverpool)<\/p>\n<p class=\"articleParagraph\">23. Jude Bellingham (Real Madrid)<\/p>\n<p class=\"articleParagraph\">24. <b>Fabi\u00e1n Ruiz<\/b> (PSG)<\/p>\n<p class=\"articleParagraph\">25. Denzel Dumfries (Inter)<\/p>\n<p class=\"articleParagraph\">26. Erling Haaland (Manchester City)<\/p>\n<p class=\"articleParagraph\">27. Declan Rice (Arsenal)<\/p>\n<p class=\"articleParagraph\">28. Virgil Van Dijk (Liverpool)<\/p>\n<p class=\"articleParagraph\">29. Florian Wirtz (Bayer Leverkusen\/Liverpool)<\/p>\n<p class=\"articleParagraph\">30. Michael Olise (Bayern)<\/p>\n","protected":false},"excerpt":{"rendered":"As\u00ed est\u00e1 la clasificaci\u00f3n Ya conocemos el orden de los puestos entre el 11 y el 30 en&hellip;\n","protected":false},"author":2,"featured_media":132456,"comment_status":"","ping_status":"","sticky":false,"template":"","format":"standard","meta":{"footnotes":""},"categories":[93],"tags":[168,25,24,23,167],"class_list":{"0":"post-132455","1":"post","2":"type-post","3":"status-publish","4":"format-standard","5":"has-post-thumbnail","7":"category-deportes","8":"tag-deportes","9":"tag-es","10":"tag-espana","11":"tag-spain","12":"tag-sports"},"share_on_mastodon":{"url":"","error":""},"_links":{"self":[{"href":"https:\/\/www.europesays.com\/es\/wp-json\/wp\/v2\/posts\/132455","targetHints":{"allow":["GET"]}}],"collection":[{"href":"https:\/\/www.europesays.com\/es\/wp-json\/wp\/v2\/posts"}],"about":[{"href":"https:\/\/www.europesays.com\/es\/wp-json\/wp\/v2\/types\/post"}],"author":[{"embeddable":true,"href":"https:\/\/www.europesays.com\/es\/wp-json\/wp\/v2\/users\/2"}],"replies":[{"embeddable":true,"href":"https:\/\/www.europesays.com\/es\/wp-json\/wp\/v2\/comments?post=132455"}],"version-history":[{"count":0,"href":"https:\/\/www.europesays.com\/es\/wp-json\/wp\/v2\/posts\/132455\/revisions"}],"wp:featuredmedia":[{"embeddable":true,"href":"https:\/\/www.europesays.com\/es\/wp-json\/wp\/v2\/media\/132456"}],"wp:attachment":[{"href":"https:\/\/www.europesays.com\/es\/wp-json\/wp\/v2\/media?parent=132455"}],"wp:term":[{"taxonomy":"category","embeddable":true,"href":"https:\/\/www.europesays.com\/es\/wp-json\/wp\/v2\/categories?post=132455"},{"taxonomy":"post_tag","embeddable":true,"href":"https:\/\/www.europesays.com\/es\/wp-json\/wp\/v2\/tags?post=132455"}],"curies":[{"name":"wp","href":"https:\/\/api.w.org\/{rel}","templated":true}]}}