{"id":132459,"date":"2025-09-22T20:14:09","date_gmt":"2025-09-22T20:14:09","guid":{"rendered":"https:\/\/www.europesays.com\/es\/132459\/"},"modified":"2025-09-22T20:14:09","modified_gmt":"2025-09-22T20:14:09","slug":"el-programa-de-jimmy-kimmel-volvera-a-emitirse-el-martes-tras-una-semana-de-suspension-internacional","status":"publish","type":"post","link":"https:\/\/www.europesays.com\/es\/132459\/","title":{"rendered":"El programa de Jimmy Kimmel volver\u00e1 a emitirse el martes tras una semana de suspensi\u00f3n | Internacional"},"content":{"rendered":"<p class=\"\">Vuelve Jimmy Kimmel Live! Tras<a href=\"https:\/\/elpais.com\/internacional\/2025-09-17\/abc-suspende-indefinidamente-el-programa-de-jimmy-kimmel-por-un-comentario-del-comico-sobre-charlie-kirk.html\" target=\"_blank\" rel=\"noreferrer nofollow noopener\" title=\"https:\/\/elpais.com\/internacional\/2025-09-17\/abc-suspende-indefinidamente-el-programa-de-jimmy-kimmel-por-un-comentario-del-comico-sobre-charlie-kirk.html\"> una semana de suspensi\u00f3n a ra\u00edz de un chiste de su presentador acerca del asesinato de Charlie Kirk<\/a>, el programa volver\u00e1 a la parrilla el martes.<\/p>\n<p class=\"\">As\u00ed lo ha confirmado The Walt Disney Company, la empresa matriz de ABC (cadena en la que se emite el programa nocturno) en un comunicado. \u201cEl pasado mi\u00e9rcoles tomamos la decisi\u00f3n de suspender la producci\u00f3n del programa para evitar inflamar m\u00e1s una situaci\u00f3n tensa en un momento de mucha emoci\u00f3n para el pa\u00eds\u201d, asegura la nota. \u201cEs una decisi\u00f3n que tomamos porque sent\u00edamos que algunos comentarios pod\u00edan haber sido realizados en mal momento y, por lo tanto, ser insensibles\u201d.<\/p>\n<p class=\"\">\u201cHemos pasado los \u00faltimos d\u00edas teniendo profundas conversaciones con Jimmy y, tras ellas, hemos llegado a la decisi\u00f3n de que el show vuelva el martes\u201d, afirman. Seg\u00fan explica el medio <a href=\"https:\/\/variety.com\/2025\/tv\/news\/jimmy-kimmel-returns-late-night-disney-tuesday-1236525670\/\" target=\"_blank\" rel=\"noreferrer nofollow noopener\" title=\"https:\/\/variety.com\/2025\/tv\/news\/jimmy-kimmel-returns-late-night-disney-tuesday-1236525670\/\">Variety<\/a>, especializado en entretenimiento, la decisi\u00f3n de traer a Kimmel de vuelta ha sido aprobada por las m\u00e1s altas instancias, desde <a href=\"https:\/\/cincodias.elpais.com\/companias\/2023-11-29\/bob-iger-fija-su-salida-definitiva-de-disney-en-2026.html\" target=\"_blank\" rel=\"noreferrer nofollow noopener\" title=\"https:\/\/cincodias.elpais.com\/companias\/2023-11-29\/bob-iger-fija-su-salida-definitiva-de-disney-en-2026.html\">Bob Iger, el consejero delegado<\/a> de la empresa, hasta Dana Walden, copresidenta de Disney Entertainment. Cuenta la publicaci\u00f3n que han tomado la decisi\u00f3n pensando en \u201clo mejor para la empresa, y no en factores externos\u201d. <\/p>\n<p>M\u00e1s informaci\u00f3n<\/p>\n<p class=\"\">El show de Kimmel fue suspendido sine die en la misma tarde del mi\u00e9rcoles, tras un <a href=\"https:\/\/elpais.com\/television\/2025-09-18\/que-dijo-jimmy-kimmel-sobre-charlie-kirk-estas-son-las-palabras-que-han-provocado-su-despedido.html\" target=\"_blank\" rel=\"noreferrer nofollow noopener\" title=\"https:\/\/elpais.com\/television\/2025-09-18\/que-dijo-jimmy-kimmel-sobre-charlie-kirk-estas-son-las-palabras-que-han-provocado-su-despedido.html\">comentario realizado por el presentador acerca del asesino del l\u00edder ultraconservador Charlie Kirk.<\/a> En su mon\u00f3logo del lunes por la noche en Jimmy Kimmel Live!, sugiri\u00f3 que el presunto asesino de Kirk, Tyler Robinson, podr\u00eda haber sido un republicano seguidor de Trump con el siguiente mensaje: \u201cEste fin de semana tocamos fondo. La pandilla MAGA [de las siglas Make America Great Again, volvamos a hacer grande a EE UU] est\u00e1 intentando desesperadamente caracterizar a este chico que asesin\u00f3 a Charlie Kirk como algo distinto a uno de ellos y haciendo todo lo posible para sacarle r\u00e9dito pol\u00edtico\u201d, dijo el <a href=\"https:\/\/elpais.com\/cultura\/2017\/02\/21\/actualidad\/1487668281_456506.html\" rel=\"nofollow noopener\" title=\"https:\/\/elpais.com\/cultura\/2017\/02\/21\/actualidad\/1487668281_456506.html\" target=\"_blank\">cuatro veces presentador de los Oscar.<\/a><\/p>\n<p class=\"\">La suspensi\u00f3n del programa ha llevado a Estados Unidos a plantearse seriamente <a href=\"https:\/\/elpais.com\/internacional\/2025-09-19\/trump-emplea-el-asesinato-de-charlie-kirk-para-intensificar-sus-ataques-a-la-prensa-y-a-libertad-de-expresion.html#\" target=\"_blank\" rel=\"noreferrer nofollow noopener\" title=\"https:\/\/elpais.com\/internacional\/2025-09-19\/trump-emplea-el-asesinato-de-charlie-kirk-para-intensificar-sus-ataques-a-la-prensa-y-a-libertad-de-expresion.html#\">c\u00f3mo se est\u00e1 tratando la libertad de expresi\u00f3n<\/a>, protegida expresamente en la primera enmienda de su Constituci\u00f3n. Centenares de nombres del mundo de la pol\u00edtica y del entretenimiento, as\u00ed como asociaciones en pro de los derechos de los artistas o de la defensa de la Constituci\u00f3n, han expresado estos d\u00edas su incredulidad al respecto. Incluso <a href=\"https:\/\/elpais.com\/television\/2025-09-18\/de-ben-stiller-a-los-sindicatos-hollywood-alza-la-voz-contra-el-despido-de-jimmy-kimmel-la-verdadera-cultura-de-la-cancelacion.html\" target=\"_blank\" rel=\"noreferrer nofollow noopener\" title=\"https:\/\/elpais.com\/television\/2025-09-18\/de-ben-stiller-a-los-sindicatos-hollywood-alza-la-voz-contra-el-despido-de-jimmy-kimmel-la-verdadera-cultura-de-la-cancelacion.html\">el presidente Barack Obama lleg\u00f3 a hablar al respecto<\/a>: \u201cTras a\u00f1os hablando de cultura de la cancelaci\u00f3n, la administraci\u00f3n actual ha alcanzado un nuevo y peligroso nivel con sus amenazas rutinarias de imponer acciones reguladoras contra las compa\u00f1\u00edas de medios si no despiden a reporteros y opinadores que no sean de su agrado\u201d. <\/p>\n<p class=\"\">El pasado jueves,<a href=\"https:\/\/elpais.com\/us\/entretenimiento\/2025-09-19\/los-colegas-de-parrilla-televisiva-se-vuelcan-con-jimmy-kimmel-jon-stewart-hace-un-programa-extra-y-colbert-habla-de-censura-descarada.html\" target=\"_blank\" rel=\"noreferrer nofollow noopener\" title=\"https:\/\/elpais.com\/us\/entretenimiento\/2025-09-19\/los-colegas-de-parrilla-televisiva-se-vuelcan-con-jimmy-kimmel-jon-stewart-hace-un-programa-extra-y-colbert-habla-de-censura-descarada.html\"> los compa\u00f1eros de parrilla televisiva de Kimmel<\/a>, de Jon Stewart a Stephen Colbert, pasando por Seth Meyers y Jimmy Fallon, salieron en su defensa en todos y cada uno de sus programas, desde el humor y la iron\u00eda. Este lunes, m\u00e1s de 400 artistas, junto a la Uni\u00f3n Estadounidense de Libertades Civiles (ACLU, por sus siglas en ingl\u00e9s), <a href=\"https:\/\/elpais.com\/internacional\/2025-09-22\/de-meryl-streep-a-robert-de-niro-400-artistas-firman-contra-el-gobierno-de-trump-por-su-censura-severa-al-cancelar-a-jimmy-kimmel.html\" target=\"_blank\" rel=\"noreferrer nofollow noopener\" title=\"https:\/\/elpais.com\/internacional\/2025-09-22\/de-meryl-streep-a-robert-de-niro-400-artistas-firman-contra-el-gobierno-de-trump-por-su-censura-severa-al-cancelar-a-jimmy-kimmel.html\">firmaron una carta acusando al gobierno de Trump de tener una postura similar a la de la caza de brujas<\/a> propiciada por el senador Joseph McCarthy en los a\u00f1os cincuenta. Un pu\u00f1ado de manifestantes protest\u00f3 en el Paseo de la Fama, en Hollywood, frente al teatro donde se graba el programa; otros tantos lo hicieron en las oficinas de Disney en Burbank, al norte de Los \u00c1ngeles.<\/p>\n<p class=\"\">Tras el comentario de Kimmel sobre Kirk el lunes noche, la Administraci\u00f3n de Trump sac\u00f3 toda la artiller\u00eda. Lo hizo sobre todo a trav\u00e9s de la figura de Brendan Carr, presidente del regulador de las comunicaciones, la FCC, por sus siglas en ingl\u00e9s. \u201cPodemos hacerlo a la manera f\u00e1cil o a la dif\u00edcil\u201d, afirm\u00f3 sin dudar en un p\u00f3dcast. \u201cEstas empresas pueden encontrar c\u00f3mo cambiar la conducta y tomar medidas sobre Kimmel, francamente, o la FCC tendr\u00e1 trabajo por delante\u201d. Decidieron hacerlo por las malas.<\/p>\n<p class=\"\">Horas despu\u00e9s de la amenaza de Carr, la red de 200 cadenas locales Nexstar, afiliada a ABC y que llega al 70% de la poblaci\u00f3n de Estados Unidos, decidi\u00f3 suspender la emisi\u00f3n del programa y anunci\u00f3 que no aparecer\u00eda en sus canales. Nexstar est\u00e1 en una situaci\u00f3n compleja, una operaci\u00f3n para hacerse con uno de sus mayores rivales, llamado Tegna, por nada menos que 6.200 millones de d\u00f3lares. Y, por supuesto, para ello necesita el permiso de la FCC. Tras la ca\u00edda de Kimmel de Nexstar, lleg\u00f3 ABC, propiedad del conglomerado de Disney. Y con ello la suspensi\u00f3n de uno de los programas m\u00e1s veteranos de las noches estadounidenses, con 22 a\u00f1os de emisi\u00f3n continuada.<\/p>\n<p class=\"\">Por supuesto, Trump se congratul\u00f3 de la ca\u00edda de Kimmel. Ya hab\u00eda pedido su cabeza meses antes, en julio, cuando<a href=\"https:\/\/elpais.com\/us\/entretenimiento\/2025-07-18\/the-late-show-with-stephen-colbert-acabara-en-mayo-de-2026-y-no-tendra-reemplazo-en-las-noches-de-cbs.html\" target=\"_blank\" rel=\"noreferrer nofollow noopener\" title=\"https:\/\/elpais.com\/us\/entretenimiento\/2025-07-18\/the-late-show-with-stephen-colbert-acabara-en-mayo-de-2026-y-no-tendra-reemplazo-en-las-noches-de-cbs.html\"> la cadena CBS anunci\u00f3 que dejar\u00eda de emitir el programa nocturno de Stephen Colbert<\/a> en mayo de 2026. \u201cMe gusta much\u00edsimo que lo despidan [&#8230;]. Creo que el siguiente es <a href=\"https:\/\/elpais.com\/cultura\/2017\/02\/21\/actualidad\/1487668281_456506.html\" rel=\"nofollow noopener\" title=\"https:\/\/elpais.com\/cultura\/2017\/02\/21\/actualidad\/1487668281_456506.html\" target=\"_blank\">Jimmy Kimmel<\/a>. \u00a1Es a\u00fan menos talentoso que Colbert!\u201c, dijo entonces. Ahora, dos meses despu\u00e9s, escribi\u00f3 un mensaje muy similar en su red social Truth. \u201cBuenas noticias [para el pa\u00eds]: han cancelado el programa de Jimmy Kimmel, que ha tenido problemas de audiencia\u201d, coment\u00f3. \u201cFelicitaciones a ABC por finalmente tener el coraje de hacer lo que se deb\u00eda hacer. Kimmel no tiene ni un \u00e1pice de talento e incluso peores \u00edndices de audiencia que Colbert, si cabe. Eso deja a Jimmy [Fallon] y a Seth [Meyers], dos completos perdedores, en NBC Noticias Falsas. Sus \u00edndices de audiencia tambi\u00e9n son p\u00e9simos. \u00a1H\u00e1ganlo, NBC!\u201c.<\/p>\n<p class=\"\">[Noticia en desarrollo. Habr\u00e1 ampliaci\u00f3n]<\/p>\n","protected":false},"excerpt":{"rendered":"Vuelve Jimmy Kimmel Live! Tras una semana de suspensi\u00f3n a ra\u00edz de un chiste de su presentador acerca&hellip;\n","protected":false},"author":2,"featured_media":132460,"comment_status":"","ping_status":"","sticky":false,"template":"","format":"standard","meta":{"footnotes":""},"categories":[91],"tags":[146,147,25,24,629,1505,20754,3691,23,807,4933],"class_list":{"0":"post-132459","1":"post","2":"type-post","3":"status-publish","4":"format-standard","5":"has-post-thumbnail","7":"category-entretenimiento","8":"tag-entertainment","9":"tag-entretenimiento","10":"tag-es","11":"tag-espana","12":"tag-estados-unidos","13":"tag-hollywood","14":"tag-jimmy-kimmel","15":"tag-los-angeles","16":"tag-spain","17":"tag-television","18":"tag-walt-disney"},"share_on_mastodon":{"url":"","error":""},"_links":{"self":[{"href":"https:\/\/www.europesays.com\/es\/wp-json\/wp\/v2\/posts\/132459","targetHints":{"allow":["GET"]}}],"collection":[{"href":"https:\/\/www.europesays.com\/es\/wp-json\/wp\/v2\/posts"}],"about":[{"href":"https:\/\/www.europesays.com\/es\/wp-json\/wp\/v2\/types\/post"}],"author":[{"embeddable":true,"href":"https:\/\/www.europesays.com\/es\/wp-json\/wp\/v2\/users\/2"}],"replies":[{"embeddable":true,"href":"https:\/\/www.europesays.com\/es\/wp-json\/wp\/v2\/comments?post=132459"}],"version-history":[{"count":0,"href":"https:\/\/www.europesays.com\/es\/wp-json\/wp\/v2\/posts\/132459\/revisions"}],"wp:featuredmedia":[{"embeddable":true,"href":"https:\/\/www.europesays.com\/es\/wp-json\/wp\/v2\/media\/132460"}],"wp:attachment":[{"href":"https:\/\/www.europesays.com\/es\/wp-json\/wp\/v2\/media?parent=132459"}],"wp:term":[{"taxonomy":"category","embeddable":true,"href":"https:\/\/www.europesays.com\/es\/wp-json\/wp\/v2\/categories?post=132459"},{"taxonomy":"post_tag","embeddable":true,"href":"https:\/\/www.europesays.com\/es\/wp-json\/wp\/v2\/tags?post=132459"}],"curies":[{"name":"wp","href":"https:\/\/api.w.org\/{rel}","templated":true}]}}