{"id":132471,"date":"2025-09-22T20:21:09","date_gmt":"2025-09-22T20:21:09","guid":{"rendered":"https:\/\/www.europesays.com\/es\/132471\/"},"modified":"2025-09-22T20:21:09","modified_gmt":"2025-09-22T20:21:09","slug":"villita-supera-con-nota-el-dia-de-su-alternativa-en-consuegra","status":"publish","type":"post","link":"https:\/\/www.europesays.com\/es\/132471\/","title":{"rendered":"Villita supera con nota el d\u00eda de su alternativa en Consuegra"},"content":{"rendered":"<p>El de Manzaneque se doctor\u00f3 con Jaranero, de Alcurruc\u00e9n, saliendo a hombros con Miguel \u00c1ngel Perera. El Cid, el padrino, malogr\u00f3 el triunfo con la espada\n<\/p>\n<p><img fetchpriority=\"high\" class=\"voc-img\" src=\"https:\/\/www.europesays.com\/es\/wp-content\/uploads\/2025\/09\/villita-alternativa-RqFec7cuBjGuGm6kfqZPhvM-1200x840@diario_abc.jpg\" loading=\"eager\" decoding=\"async\" alt=\"Villita, El Cid y Perera en el momento de la alternativa\" width=\"1200\" height=\"840\"\/><\/p>\n<p>Villita, El Cid y Perera en el momento de la alternativa    Joaqu\u00edn Romera  <\/p>\n<p class=\"voc-author__name\">\nJulio Garc\u00eda Ort\u00edz\n<\/p>\n<p class=\"voc-author__special\">Consuegra<\/p>\n<p>22\/09\/2025<br \/>\n<br \/><strong><br \/>\nActualizado a las 22:19h.<br \/>\n<\/strong><\/p>\n<p class=\"voc-p\" style=\"\">Si el p\u00fablico siempre espera lo mejor de las figuras, que de hecho esta tarde no defraudaron, en el cartel hab\u00eda un aliciente a\u00f1adido, como era la alternativa en la centenaria plaza de Consuegra del joven <a href=\"https:\/\/www.abc.es\/espana\/castilla-la-mancha\/toledo\/pueblos\/villita-echo-falta-apoyo-empresas-plazas-tierra-20240724192804-nt.html\" target=\"_self\" data-voc-vtm-id=\"in-text-traffic\" title=\"Juan Jos\u00e9 Villa &#039;Villita&#039;,\" data-mrf-link=\"www.abc.es\" rel=\"nofollow noopener\">Juan Jos\u00e9 Villa &#8216;Villita&#8217;,<\/a> de 24 a\u00f1os y natural de Manzaneque aunque con ra\u00edces consaburenses. Y nada mejor que consagrarse como matador de toros, de la manera que lo hizo, inspirado por la cercana silueta cervantina del cerro Calderico.<\/p>\n<p class=\"voc-p\" style=\"\">Ante el primero, de nombre Jaranero, suav\u00f3n en la embestida, pudo ofrecer un reposado toreo en redondo, basado sobre el pit\u00f3n derecho y que result\u00f3 lleno de arte. Lo despach\u00f3 de estocada ca\u00edda y <strong>cort\u00f3 las dos orejas al toro de su doctorado<\/strong>. Mientras, en el sexto destac\u00f3 en una serie de ajustadas ver\u00f3nicas, pero con la muleta no pudo redondear por la poca fijeza de su oponente. Aun as\u00ed le sac\u00f3 partido a base de tes\u00f3n.<\/p>\n<p class=\"voc-p\" style=\"\">Por su parte, El Cid, en su primero, se mostr\u00f3 voluntarioso, con algunos espor\u00e1dicos muletazos, pues el toro no daba para m\u00e1s. En el cuarto realiz\u00f3 una profunda labor muleteril de gran calado, merecedora de trofeos, la cual, tras una gran estocada, malogr\u00f3 incomprensiblemente con el verduguillo.<\/p>\n<p class=\"voc-p\" style=\"\">Sin embargo, lo mejor de la tarde lo ofreci\u00f3 sin duda alguna el extreme\u00f1o Miguel \u00c1ngel Perera, con una perfecta coordinaci\u00f3n y armon\u00eda a la hora de mover las mu\u00f1ecas, para llevar a sus toros prendidos en la muleta por ambos pitones, en un toreo en redondo rematado por eternos pases de pecho. Si en su primero no estuvo fino con la espada, al quinto lo finiquit\u00f3 de forma fulminante. Ello le vali\u00f3 la puerta grande junto al toricantano, Villita.<\/p>\n<p>\nFicha del festejo\n<\/p>\n<p class=\"voc-p\" style=\"\">Plaza de toros de Consuegra, lunes 22 de septiembre de 2025. Corrida de feria. Tres cuartos de entrada, estando acotado parte del grader\u00edo a espera del dictamen de Patrimonio sobre su restauraci\u00f3n. Seis toros de Alcurruc\u00e9n, bien presentados. Destacaron por su bravura y nobleza. El cuarto y el quinto, aplaudidos en el arrastre.<\/p>\n<p class=\"voc-p\" style=\"\">&#8211; <strong>Manuel Jes\u00fas &#8216;El Cid&#8217;,<\/strong> de lila y oro. Cuatro pinchazos y descabello (ovaci\u00f3n con saludos); y gran estocada y cinco descabellos con aviso (ovaci\u00f3n con saludos).<\/p>\n<p class=\"voc-p\" style=\"\">&#8211; <strong>Miguel \u00c1ngel Perera<\/strong>, de nazareno y oro. Tres pinchazos y estocada con aviso (ovaci\u00f3n con saludos); y estocada entera (dos orejas).<\/p>\n<p class=\"voc-p\" style=\"\">&#8211; <strong>Juan Jos\u00e9 Villa \u00abVillita\u00bb<\/strong>, de sangre de toro y oro. Estocada baja (dos orejas); y pinchazo y estocada (oreja). <\/p>\n<p>Reportar un error<\/p>\n","protected":false},"excerpt":{"rendered":"El de Manzaneque se doctor\u00f3 con Jaranero, de Alcurruc\u00e9n, saliendo a hombros con Miguel \u00c1ngel Perera. El Cid,&hellip;\n","protected":false},"author":2,"featured_media":132472,"comment_status":"","ping_status":"","sticky":false,"template":"","format":"standard","meta":{"footnotes":""},"categories":[277],"tags":[14388,373,33682,168,978,25,24,17944,23,167,5378,374,38651],"class_list":{"0":"post-132471","1":"post","2":"type-post","3":"status-publish","4":"format-standard","5":"has-post-thumbnail","7":"category-toreo","8":"tag-alternativa","9":"tag-bullfighting","10":"tag-consuegra","11":"tag-deportes","12":"tag-dia","13":"tag-es","14":"tag-espana","15":"tag-nota","16":"tag-spain","17":"tag-sports","18":"tag-supera","19":"tag-toreo","20":"tag-villita"},"share_on_mastodon":{"url":"","error":""},"_links":{"self":[{"href":"https:\/\/www.europesays.com\/es\/wp-json\/wp\/v2\/posts\/132471","targetHints":{"allow":["GET"]}}],"collection":[{"href":"https:\/\/www.europesays.com\/es\/wp-json\/wp\/v2\/posts"}],"about":[{"href":"https:\/\/www.europesays.com\/es\/wp-json\/wp\/v2\/types\/post"}],"author":[{"embeddable":true,"href":"https:\/\/www.europesays.com\/es\/wp-json\/wp\/v2\/users\/2"}],"replies":[{"embeddable":true,"href":"https:\/\/www.europesays.com\/es\/wp-json\/wp\/v2\/comments?post=132471"}],"version-history":[{"count":0,"href":"https:\/\/www.europesays.com\/es\/wp-json\/wp\/v2\/posts\/132471\/revisions"}],"wp:featuredmedia":[{"embeddable":true,"href":"https:\/\/www.europesays.com\/es\/wp-json\/wp\/v2\/media\/132472"}],"wp:attachment":[{"href":"https:\/\/www.europesays.com\/es\/wp-json\/wp\/v2\/media?parent=132471"}],"wp:term":[{"taxonomy":"category","embeddable":true,"href":"https:\/\/www.europesays.com\/es\/wp-json\/wp\/v2\/categories?post=132471"},{"taxonomy":"post_tag","embeddable":true,"href":"https:\/\/www.europesays.com\/es\/wp-json\/wp\/v2\/tags?post=132471"}],"curies":[{"name":"wp","href":"https:\/\/api.w.org\/{rel}","templated":true}]}}