{"id":132481,"date":"2025-09-22T20:28:08","date_gmt":"2025-09-22T20:28:08","guid":{"rendered":"https:\/\/www.europesays.com\/es\/132481\/"},"modified":"2025-09-22T20:28:08","modified_gmt":"2025-09-22T20:28:08","slug":"la-expedicion-del-barca-lista-para-la-gala-del-balon-de-oro","status":"publish","type":"post","link":"https:\/\/www.europesays.com\/es\/132481\/","title":{"rendered":"La expedici\u00f3n del Bar\u00e7a, lista para la gala del Bal\u00f3n de Oro"},"content":{"rendered":"<p data-gtm-element-container=\"modulo-texto-link\" class=\"paragraph\">El <strong>FC Barcelona <\/strong>ya se encuentra en la capital francesa para asistir a la esperada <strong>Gala del Bal\u00f3n de Oro<\/strong>. La expedici\u00f3n azulgrana lleg\u00f3 al <strong>Hotel Du Collectionneur<\/strong> de <strong>Par\u00eds <\/strong>sobre las 17:00 horas, con el tiempo justo antes de que, a partir de las 19:30, comience el desfile de protagonistas por la alfombra roja del prestigioso evento.<\/p>\n<p data-gtm-element-container=\"modulo-texto-link\" class=\"paragraph\">Como ocurri\u00f3 el a\u00f1o pasado, el <strong>Bar\u00e7a <\/strong>accedi\u00f3 al hotel por una entrada lateral, mientras que por la puerta principal se pudieron ver a varias caras conocidas del f\u00fatbol y del deporte espa\u00f1ol, entre ellos <strong>Pedja Mijatovic <\/strong>y otras figuras hist\u00f3ricas.<\/p>\n<p data-gtm-element-container=\"modulo-texto-link\" class=\"paragraph\">En el hall del hotel se dej\u00f3 ver la c\u00fapula directiva cul\u00e9, encabezada por el presidente <strong>Joan Laporta <\/strong>y el vicepresidente <strong>Rafa Yuste<\/strong>, acompa\u00f1ados tambi\u00e9n por miembros del staff t\u00e9cnico. Sin embargo, ninguno de los jugadores ni jugadoras nominadas se dej\u00f3 ver p\u00fablicamente, ya que optaron por dirigirse directamente a sus habitaciones a la espera de la gala.<\/p>\n<p data-gtm-element-container=\"modulo-texto-link\" class=\"paragraph\">El Bar\u00e7a vuelve a ser uno de los clubes con mayor representaci\u00f3n en una cita que re\u00fane a las grandes estrellas del f\u00fatbol mundial, en una noche marcada por la expectativa y el glamour parisino.<\/p>\n","protected":false},"excerpt":{"rendered":"El FC Barcelona ya se encuentra en la capital francesa para asistir a la esperada Gala del Bal\u00f3n&hellip;\n","protected":false},"author":2,"featured_media":132482,"comment_status":"","ping_status":"","sticky":false,"template":"","format":"standard","meta":{"footnotes":""},"categories":[268],"tags":[168,25,24,280,282,281,23,167],"class_list":{"0":"post-132481","1":"post","2":"type-post","3":"status-publish","4":"format-standard","5":"has-post-thumbnail","7":"category-futbol","8":"tag-deportes","9":"tag-es","10":"tag-espana","11":"tag-football","12":"tag-futbol","13":"tag-soccer","14":"tag-spain","15":"tag-sports"},"share_on_mastodon":{"url":"","error":""},"_links":{"self":[{"href":"https:\/\/www.europesays.com\/es\/wp-json\/wp\/v2\/posts\/132481","targetHints":{"allow":["GET"]}}],"collection":[{"href":"https:\/\/www.europesays.com\/es\/wp-json\/wp\/v2\/posts"}],"about":[{"href":"https:\/\/www.europesays.com\/es\/wp-json\/wp\/v2\/types\/post"}],"author":[{"embeddable":true,"href":"https:\/\/www.europesays.com\/es\/wp-json\/wp\/v2\/users\/2"}],"replies":[{"embeddable":true,"href":"https:\/\/www.europesays.com\/es\/wp-json\/wp\/v2\/comments?post=132481"}],"version-history":[{"count":0,"href":"https:\/\/www.europesays.com\/es\/wp-json\/wp\/v2\/posts\/132481\/revisions"}],"wp:featuredmedia":[{"embeddable":true,"href":"https:\/\/www.europesays.com\/es\/wp-json\/wp\/v2\/media\/132482"}],"wp:attachment":[{"href":"https:\/\/www.europesays.com\/es\/wp-json\/wp\/v2\/media?parent=132481"}],"wp:term":[{"taxonomy":"category","embeddable":true,"href":"https:\/\/www.europesays.com\/es\/wp-json\/wp\/v2\/categories?post=132481"},{"taxonomy":"post_tag","embeddable":true,"href":"https:\/\/www.europesays.com\/es\/wp-json\/wp\/v2\/tags?post=132481"}],"curies":[{"name":"wp","href":"https:\/\/api.w.org\/{rel}","templated":true}]}}