{"id":132483,"date":"2025-09-22T20:29:10","date_gmt":"2025-09-22T20:29:10","guid":{"rendered":"https:\/\/www.europesays.com\/es\/132483\/"},"modified":"2025-09-22T20:29:10","modified_gmt":"2025-09-22T20:29:10","slug":"mar-flores-prepara-su-respuesta-a-carlo-costanzia-padre-con-una-entrevista-en-late-xou-de-tve-tras-sus-duras-acusaciones","status":"publish","type":"post","link":"https:\/\/www.europesays.com\/es\/132483\/","title":{"rendered":"Mar Flores prepara su respuesta a Carlo Costanzia padre con una entrevista en &#8216;Late Xou&#8217; de TVE tras sus duras acusaciones"},"content":{"rendered":"<p>El regreso de<strong> Mar Flores <\/strong>a la primera l\u00ednea medi\u00e1tica est\u00e1 siendo tan sonado como pol\u00e9mico. Tras la publicaci\u00f3n de sus memorias, &#8216;Mar en calma&#8217;, la modelo se ha convertido en el centro de un debate en el que su exmarido,<strong> Carlo Costanzia di Costigliole, no ha querido quedarse callado<\/strong>. El pasado viernes, <a href=\"https:\/\/www.lecturas.com\/television\/carlo-costanzia-desmonta-pillada-su-conversacion-javier-merino-y-alejandra-rubio_181505\" target=\"_blank\" rel=\"nofollow noopener\">\u00e9l acud\u00eda al plat\u00f3 de \u2018\u00a1De viernes!\u2019<\/a> para ofrecer su propia versi\u00f3n de los hechos y lanzar duras acusaciones contra Mar, desatando un nuevo cap\u00edtulo en esta batalla medi\u00e1tica.<\/p>\n<p><img loading=\"lazy\" decoding=\"async\"   src=\"https:\/\/www.europesays.com\/es\/wp-content\/uploads\/2025\/09\/mar-flores_dc85e324_250922195107_1200x789.webp.webp\" alt=\"Mar Flores\" class=\"lazyload\" width=\"1200\" height=\"789\" data-aspectratio=\"1200\/789\"\/>&#13;GTRES<\/p>\n<p>Ahora, ser\u00e1 el turno de Mar Flores. La modelo que acapar\u00f3 titulares en los a\u00f1os 90, contin\u00faa haci\u00e9ndolo a d\u00eda de hoy, pero ahora desde una posici\u00f3n activa, sin miedo a hablar y aportando su visi\u00f3n de los hechos. Tras la entrevista de Carlo Costanzia en el programa de Telecinco, <strong>Mar podr\u00e1 responderle en su visita el pr\u00f3ximo lunes 23 de septiembre al \u2018Late Xou con Marc Gir\u00f3\u2019, en TVE<\/strong>.<\/p>\n<p>Muchos han considerado esta entrevista un movimiento estrat\u00e9gico: la oportunidad perfecta para responder de forma directa a su ex y aclarar algunas de las cuestiones m\u00e1s espinosas que han surgido tras el lanzamiento de su libro.<\/p>\n<p>Un libro que reabre las heridas<\/p>\n<p>En la promoci\u00f3n del programa, <strong>Mar comparte cartel con Fernando Tejero, Nagore Aramburu, Jose Mari Goenaga y Sof\u00eda Ellar<\/strong>. Y, aunque todav\u00eda no se sabe qu\u00e9 preguntas le plantear\u00e1 Marc Gir\u00f3, se espera que hable sin tapujos de su relaci\u00f3n con Carlo Costanzia padre.<\/p>\n<p><img loading=\"lazy\" decoding=\"async\"   src=\"https:\/\/www.europesays.com\/es\/wp-content\/uploads\/2025\/09\/mar-flores_ea574d53_250922194315_1200x789.webp.webp\" alt=\"Mar Flores \" class=\"lazyload\" width=\"1200\" height=\"789\" data-aspectratio=\"1200\/789\"\/>&#13;GTRES<\/p>\n<p>En una reciente entrevista con \u2018El Pa\u00eds\u2019, la modelo ya dej\u00f3 claras sus intenciones: \u201cLa gente de la calle ha avanzado; los medios, muy poco. <strong>Es m\u00e1s listo el pueblo que los propios programas de televisi\u00f3n<\/strong> y los que est\u00e1n haciendo este circo\u201d.<\/p>\n<p>Adem\u00e1s, insisti\u00f3 en que su libro no nace del rencor, sino todo lo contrario: \u201cNo escrib\u00ed el libro para provocar ninguna reacci\u00f3n en los dem\u00e1s, lo escrib\u00ed porque estaba preparada para contar mi historia. Lo escrib\u00ed desde el perd\u00f3n a las personas que me han hecho da\u00f1o en mi vida\u201d. Y remat\u00f3: <strong>\u201cMe parece m\u00e1s decente utilizar tu libertad para hacer lo que t\u00fa quieres que para hacer da\u00f1o a otros\u201d<\/strong>.<\/p>\n<p>La respuesta de Carlo Costanzia padre<\/p>\n<p>Frente a este discurso, su exmarido no ha dudado en desmentirla. Desde el plat\u00f3 de Telecinco, Carlo asegur\u00f3 que todo lo que respecta a \u00e9l en las memorias de Mar es \u201cfalso. Ni m\u00e1s ni menos\u201d. Y fue m\u00e1s all\u00e1: \u201cComo son falsedades,<strong> voy a pedir amparo a la justicia. Har\u00e9 lo que tenga que hacer<\/strong>\u201d.<\/p>\n<p><img loading=\"lazy\" decoding=\"async\"   src=\"https:\/\/www.europesays.com\/es\/wp-content\/uploads\/2025\/09\/carlo-costanzia_e87c34b4_250922194335_1200x675.webp.webp\" alt=\"Carlo Costanzia\" class=\"lazyload\" width=\"1200\" height=\"675\" data-aspectratio=\"1200\/675\"\/><\/p>\n<p>Carlo Costanzia contando su versi\u00f3n.<\/p>\n<p>&#13;Telecinco<\/p>\n<p>Tambi\u00e9n quiso recalcar el papel que tuvo como padre durante los a\u00f1os m\u00e1s complicados de su hijo Carlo Costanzia: \u201c<strong>He vivido un infierno por casi 10 a\u00f1os como padre<\/strong>, incluso cuando ten\u00eda la guardia y custodia. Tambi\u00e9n le he acompa\u00f1ado en sus problemas de adicciones, he estado presente en reuniones terap\u00e9uticas, pero nunca me consta que su madre asistiera\u201d.<\/p>\n<p>Palabras contundentes que, sin duda, marcar\u00e1n la entrevista de Mar Flores en TVE, que llega en el momento m\u00e1s candente del enfrentamiento medi\u00e1tico.<\/p>\n<p>La delicada relaci\u00f3n con Carlo hijo<\/p>\n<p>A este escenario se suma un factor a\u00fan m\u00e1s delicado: <a href=\"https:\/\/www.lecturas.com\/actualidad\/tensa-relacion-mar-flores-y-su-hijo-carlo-costanzia-comunicacion-entre-ellos-es-inexistente_181439\" target=\"_blank\" rel=\"nofollow noopener\">la relaci\u00f3n de Mar con su hijo mayor<\/a>. Mientras que ella insiste en que est\u00e1n trabajando juntos con normalidad en \u2018Decomasters\u2019, el nuevo talent de decoraci\u00f3n de TVE, voces del entorno aseguran que la realidad es muy distinta.<\/p>\n<p><img loading=\"lazy\" decoding=\"async\"   src=\"https:\/\/www.europesays.com\/es\/wp-content\/uploads\/2025\/09\/mar-flores-y-carlo_031ef5ad_250922194432_1200x895.webp.webp\" alt=\"Mar Flores y Carlo\" class=\"lazyload\" width=\"1200\" height=\"895\" data-aspectratio=\"1200\/895\"\/>&#13;RTVE<\/p>\n<p><strong>Luis Pliego, director de Lecturas<\/strong>, lo resum\u00eda as\u00ed: <strong>\u201cCarlo est\u00e1 posicionado con su padre\u201d<\/strong>. La foto m\u00e1s reciente lo confirma: Carlo Costanzia hijo posaba sonriente en el cumplea\u00f1os de Terelu Campos junto a su novia Alejandra Rubio, su suegra y su padre. Una <a href=\"https:\/\/www.lecturas.com\/actualidad\/tension-cumpleanos-terelu-campos-incomodo-encuentro-amenaza-arruinar-celebracion-su-60-aniversario_181285\" target=\"_blank\" rel=\"nofollow noopener\">estampa familiar <\/a>que muchos interpretaron como un mensaje directo hacia Mar.<\/p>\n<p><img decoding=\"async\" src=\"https:\/\/www.europesays.com\/es\/wp-content\/uploads\/2025\/09\/olga-moreno_02f7a9ea_250922201516_800x800.webp.webp\" alt=\"Olga Moreno\" class=\"image lazyload\"\/><img loading=\"lazy\" decoding=\"async\" src=\"https:\/\/www.europesays.com\/es\/wp-content\/uploads\/2025\/09\/olga-moreno_02f7a9ea_250922201527_1280x720.webp.webp\" alt=\"Olga Moreno (49 a\u00f1os), sobre Roc\u00edo Flores: \u201cNecesitaba separarme, un tiempo separarme de todo. Nos encontramos y ya est\u00e1\u201d\" class=\"image lazyload\" width=\"1280\" height=\"720\" data-aspectratio=\"1280\/720\"\/><\/p>\n<p>Aunque algunos compa\u00f1eros de rodaje del programa de Televisi\u00f3n Espa\u00f1ola afirman que madre e hijo se comportan con normalidad durante las grabaciones, otras fuentes aseguran lo contrario. \u201cYo tengo amigos en ese programa y<strong> me dicen que la relaci\u00f3n entre ellos es inexistente<\/strong>, que en los descansos no est\u00e1n juntos, que pasan las horas\u2026 Ellos se ignoran\u201d, explicaba Luis Pliego. Incluso se habl\u00f3 de que Carlo quiso romper el contrato para no coincidir con su madre en el programa.<\/p>\n<p><img loading=\"lazy\" decoding=\"async\"   src=\"https:\/\/www.europesays.com\/es\/wp-content\/uploads\/2025\/09\/mar-flores_9e5d01fe_250922195122_1200x790.webp.webp\" alt=\"Mar Flores\" class=\"lazyload\" width=\"1200\" height=\"790\" data-aspectratio=\"1200\/790\"\/>&#13;GTRES<\/p>\n<p>Con este tel\u00f3n de fondo,<strong> la presencia de Mar Flores en el \u2018Late Xou\u2019 de Marc Gir\u00f3 <\/strong>se anticipa como una de las entrevistas m\u00e1s esperadas de la semana. Ser\u00e1 el momento en el que la modelo no solo podr\u00e1 dar su versi\u00f3n frente a las duras palabras de su exmarido, sino tambi\u00e9n aclarar c\u00f3mo es hoy su relaci\u00f3n con Carlo hijo y qu\u00e9 hay de cierto en las tensiones que rodean su vuelta a la televisi\u00f3n.<\/p>\n","protected":false},"excerpt":{"rendered":"El regreso de Mar Flores a la primera l\u00ednea medi\u00e1tica est\u00e1 siendo tan sonado como pol\u00e9mico. Tras la&hellip;\n","protected":false},"author":2,"featured_media":132484,"comment_status":"","ping_status":"","sticky":false,"template":"","format":"standard","meta":{"footnotes":""},"categories":[174],"tags":[255,146,147,25,24,256,23],"class_list":{"0":"post-132483","1":"post","2":"type-post","3":"status-publish","4":"format-standard","5":"has-post-thumbnail","7":"category-famosos","8":"tag-celebrities","9":"tag-entertainment","10":"tag-entretenimiento","11":"tag-es","12":"tag-espana","13":"tag-famosos","14":"tag-spain"},"share_on_mastodon":{"url":"","error":""},"_links":{"self":[{"href":"https:\/\/www.europesays.com\/es\/wp-json\/wp\/v2\/posts\/132483","targetHints":{"allow":["GET"]}}],"collection":[{"href":"https:\/\/www.europesays.com\/es\/wp-json\/wp\/v2\/posts"}],"about":[{"href":"https:\/\/www.europesays.com\/es\/wp-json\/wp\/v2\/types\/post"}],"author":[{"embeddable":true,"href":"https:\/\/www.europesays.com\/es\/wp-json\/wp\/v2\/users\/2"}],"replies":[{"embeddable":true,"href":"https:\/\/www.europesays.com\/es\/wp-json\/wp\/v2\/comments?post=132483"}],"version-history":[{"count":0,"href":"https:\/\/www.europesays.com\/es\/wp-json\/wp\/v2\/posts\/132483\/revisions"}],"wp:featuredmedia":[{"embeddable":true,"href":"https:\/\/www.europesays.com\/es\/wp-json\/wp\/v2\/media\/132484"}],"wp:attachment":[{"href":"https:\/\/www.europesays.com\/es\/wp-json\/wp\/v2\/media?parent=132483"}],"wp:term":[{"taxonomy":"category","embeddable":true,"href":"https:\/\/www.europesays.com\/es\/wp-json\/wp\/v2\/categories?post=132483"},{"taxonomy":"post_tag","embeddable":true,"href":"https:\/\/www.europesays.com\/es\/wp-json\/wp\/v2\/tags?post=132483"}],"curies":[{"name":"wp","href":"https:\/\/api.w.org\/{rel}","templated":true}]}}