{"id":132489,"date":"2025-09-22T20:32:08","date_gmt":"2025-09-22T20:32:08","guid":{"rendered":"https:\/\/www.europesays.com\/es\/132489\/"},"modified":"2025-09-22T20:32:08","modified_gmt":"2025-09-22T20:32:08","slug":"san-marino-se-postula-para-organizar-eurovision-junior-2026","status":"publish","type":"post","link":"https:\/\/www.europesays.com\/es\/132489\/","title":{"rendered":"San Marino se postula para organizar Eurovisi\u00f3n Junior 2026"},"content":{"rendered":"<p>La Rep\u00fablica de San Marino se postula oficialmente para acoger el Festival de Eurovisi\u00f3n Junior 2026. Tras el acuerdo de tres a\u00f1os entre la San Marino RTV, la Consejer\u00eda de Turismo y Media Evolution, San Marino mira al futuro y se propone como el anfitri\u00f3n de uno de los eventos musicales m\u00e1s importantes para el talento joven de Europa.<\/p>\n<p>Media Evolution ha informado que es una oportunidad especial para mostrar el talento de San Marino al mundo y un paso m\u00e1s cerca del objetivo de llevar la magia del JESC a San Marino en 2026. Las primeras palabras han llegado de la mano de <a style=\"color: #333333\" href=\"https:\/\/www.instagram.com\/p\/DO6RR1UiCIL\/?utm_source=ig_web_button_share_sheet\" target=\"_blank\" rel=\"noopener nofollow\">Ersin Palak<\/a>, parte de la delegaci\u00f3n de San Marino en Eurovisi\u00f3n:<\/p>\n<p style=\"text-align: center\">Cada a\u00f1o, San Marino compite en un pa\u00eds anfitri\u00f3n diferente de Europa, con ganas de ganar y listo para albergar una futura edici\u00f3n del Festival de Eurovisi\u00f3n Junior. Desde grandes teatros hasta recintos deportivos, San Marino ofrece una amplia gama de opciones capaces de albergar un evento de estas caracter\u00edsticas.<\/p>\n<p>Mientras tanto, el s\u00e1bado 13 de diciembre de 2025, la joven <a style=\"color: #333333\" href=\"https:\/\/eurovision-spain.com\/martina-crv-representara-a-san-marino-en-eurovision-junior-2025\/\" target=\"_blank\" rel=\"noopener nofollow\">Martina CRV<\/a> (12 a\u00f1os) representar\u00e1 a la Seren\u00edsima en el Festival Junior celebrado en Tiflis, Georgia, con la canci\u00f3n Beyond the Stars, que aun no se ha publicado. Sus antecesoras fueron el grupo Idols SM, quienes se subieron al escenario de Madrid en 2024 para interpretar Come noi y quedar finalmente en \u00faltima posici\u00f3n con 47 puntos. San Marino debut\u00f3 en Eurovisi\u00f3n Junior en 2013 y aguant\u00f3 durante tres ediciones con posiciones que oscilaban entre la 10 y la 15. Se ape\u00f3 del concurso en 2016 y no volvi\u00f3 hasta el a\u00f1o pasado para la edici\u00f3n celebrada en Espa\u00f1a.<\/p>\n<p><script async src=\"\/\/www.instagram.com\/embed.js\"><\/script><\/p>\n","protected":false},"excerpt":{"rendered":"La Rep\u00fablica de San Marino se postula oficialmente para acoger el Festival de Eurovisi\u00f3n Junior 2026. Tras el&hellip;\n","protected":false},"author":2,"featured_media":132490,"comment_status":"","ping_status":"","sticky":false,"template":"","format":"standard","meta":{"footnotes":""},"categories":[171],"tags":[146,147,25,24,23,214],"class_list":{"0":"post-132489","1":"post","2":"type-post","3":"status-publish","4":"format-standard","5":"has-post-thumbnail","7":"category-tv","8":"tag-entertainment","9":"tag-entretenimiento","10":"tag-es","11":"tag-espana","12":"tag-spain","13":"tag-tv"},"share_on_mastodon":{"url":"","error":""},"_links":{"self":[{"href":"https:\/\/www.europesays.com\/es\/wp-json\/wp\/v2\/posts\/132489","targetHints":{"allow":["GET"]}}],"collection":[{"href":"https:\/\/www.europesays.com\/es\/wp-json\/wp\/v2\/posts"}],"about":[{"href":"https:\/\/www.europesays.com\/es\/wp-json\/wp\/v2\/types\/post"}],"author":[{"embeddable":true,"href":"https:\/\/www.europesays.com\/es\/wp-json\/wp\/v2\/users\/2"}],"replies":[{"embeddable":true,"href":"https:\/\/www.europesays.com\/es\/wp-json\/wp\/v2\/comments?post=132489"}],"version-history":[{"count":0,"href":"https:\/\/www.europesays.com\/es\/wp-json\/wp\/v2\/posts\/132489\/revisions"}],"wp:featuredmedia":[{"embeddable":true,"href":"https:\/\/www.europesays.com\/es\/wp-json\/wp\/v2\/media\/132490"}],"wp:attachment":[{"href":"https:\/\/www.europesays.com\/es\/wp-json\/wp\/v2\/media?parent=132489"}],"wp:term":[{"taxonomy":"category","embeddable":true,"href":"https:\/\/www.europesays.com\/es\/wp-json\/wp\/v2\/categories?post=132489"},{"taxonomy":"post_tag","embeddable":true,"href":"https:\/\/www.europesays.com\/es\/wp-json\/wp\/v2\/tags?post=132489"}],"curies":[{"name":"wp","href":"https:\/\/api.w.org\/{rel}","templated":true}]}}