{"id":132493,"date":"2025-09-22T20:34:16","date_gmt":"2025-09-22T20:34:16","guid":{"rendered":"https:\/\/www.europesays.com\/es\/132493\/"},"modified":"2025-09-22T20:34:16","modified_gmt":"2025-09-22T20:34:16","slug":"carnero-regresa-de-india-con-el-compromiso-de-bollywood-de-volver-a-utilizar-valladolid-como-plato","status":"publish","type":"post","link":"https:\/\/www.europesays.com\/es\/132493\/","title":{"rendered":"Carnero regresa de India con el compromiso de Bollywood de volver a utilizar Valladolid como plat\u00f3"},"content":{"rendered":"<p class=\"v-mdl-ath__p v-mdl-ath__p--6\">\nLunes, 22 de septiembre 2025, 12:45<\/p>\n<p class=\"v-p\">Las calles de Valladolid acoger\u00e1n de nuevo a los actores y al equipo de rodaje de la compa\u00f1\u00eda\u00a0india\u00a0de\u00a0producci\u00f3n audiovisual \u00abm\u00e1s prestigiosa de Bollywood\u00bb, Yash Raj Films (YRF), seg\u00fan ha confirmado su vicepresidente, Rishabh Chopra, en una reuni\u00f3n mantenida con el alcalde, Jes\u00fas Julio Carnero, en la sede central de la compa\u00f1\u00eda, en el marco de la visita a India del regidor.<\/p>\n<p class=\"v-p\">Es la \u00abmejor noticia posible\u00bb que ha podido confirmar el alcalde en sus estudios de grabaci\u00f3n de Bombay, seg\u00fan destacan fuentes municipales antes de explicar que con este anuncio \u00abse pone el colof\u00f3n a una semana intensa de trabajo en India\u00bb, donde <a href=\"https:\/\/www.elnortedecastilla.es\/valladolid\/carnero-sorprendido-india-sonrisa-gente-20250919194617-nt.html\" data-voc-vtm-id=\"in-text-traffic\" title=\"Jes\u00fas Julio Carnero\" rel=\"nofollow noopener\" target=\"_blank\">Jes\u00fas Julio Carnero<\/a> ha destacado que \u00abhemos tenido la oportunidad de conocer de primera mano la profesionalidad y el coraz\u00f3n con el que se produce el cine indio y donde, adem\u00e1s, hemos tenido el privilegio de visionar en primicia las primeras im\u00e1genes de las escenas rodadas este verano en Valladolid de la pel\u00edcula <a href=\"https:\/\/www.elnortedecastilla.es\/valladolid\/valladolid-baila-ritmo-bollywood-20250709191059-nt.html\" data-voc-vtm-id=\"in-text-traffic\" title=\"&#039;Alpha&#039;\" rel=\"nofollow noopener\" target=\"_blank\">&#8216;Alpha&#8217;<\/a>\u00bb, protagonizada por dos estrellas del cine indio: Alia Bhatt, y la emergente Sharvari Wagh, que se estrenar\u00e1 el 25 de diciembre en m\u00e1s de 1.200 cines de India, en total 7.000 cines en todo el mundo. \u00abNos ha emocionado porque la ciudad aparece esplendorosa\u00bb, ha relatado el alcalde.<\/p>\n<p><a href=\"http:\/\/www.elnortedecastilla.es\/valladolid\/carnero-refuerza-hermanamiento-valladolid-ahmedabad-india-20250916112715-nt.html#vtm_modulosEngag=mod-rel:valladolid:noticia:1:cmp:2-not\" class=\"v-a-link\" title=\"Carnero refuerza el hermanamiento de Valladolid con Ahmedabad (India)\" rel=\"nofollow noopener\" target=\"_blank\"><br \/>\n<img decoding=\"async\" loading=\"lazy\" class=\"v-a-img\" src=\"https:\/\/www.europesays.com\/es\/wp-content\/uploads\/2025\/09\/hermanamiento-kuoH--366x256@El Norte.jpg\" alt=\"Carnero refuerza el hermanamiento de Valladolid con Ahmedabad (India)\"\/><br \/>\n<\/a><\/p>\n<p><a href=\"http:\/\/www.elnortedecastilla.es\/valladolid\/valladolid-estrecha-lazos-nueva-delhi-cara-ano-20250915134439-nt.html#vtm_modulosEngag=mod-rel:valladolid:noticia:2:cmp:2-not\" class=\"v-a-link\" title=\"Valladolid estrecha lazos con Nueva Delhi de cara al a\u00f1o dual Espa\u00f1a-India 2026\" rel=\"nofollow noopener\" target=\"_blank\"><br \/>\n<img decoding=\"async\" loading=\"lazy\" class=\"v-a-img\" src=\"https:\/\/www.europesays.com\/es\/wp-content\/uploads\/2025\/09\/IMG-20250915-WA0020-kK3E--366x256@El Norte.jpg\" alt=\"Valladolid estrecha lazos con Nueva Delhi de cara al a\u00f1o dual Espa\u00f1a-India 2026\"\/><br \/>\n<\/a><\/p>\n<p class=\"v-p\">\u00abEso no deja de ser un escaparate -ha a\u00f1adido el alcalde- para que muchos ciudadanos indios conozcan nuestra ciudad en la gran pantalla y sean potenciales visitantes en un futuro, y es por lo que vamos a seguir apostando, por facilitar este tipo de proyectos teniendo en cuenta que estamos hablando del pa\u00eds m\u00e1s poblado del mundo\u00bb. <\/p>\n<p class=\"v-p\">A este respecto, tanto el jefe de producci\u00f3n, Phadam Bhushan, como el director de la citada pel\u00edcula, Shiv Rawail, han trasladado a Carnero que \u00abpara ellos ha sido la mejor experiencia de todos los rodajes internacionales que han realizado, porque Valladolid es como un plat\u00f3 de cine en s\u00ed mismo, con unas facilidades inigualables por parte de los ciudadanos y los servicios municipales del Ayuntamiento\u00bb.<\/p>\n<p class=\"v-p\">YRF fue fundada por\u00a0Yash Chopra, un veterano de la industria del cine indio, en 1970. YRF controla casi todas las partes de la cadena de valor desde la producci\u00f3n hasta la posproducci\u00f3n, distribuci\u00f3n nacional e internacional, m\u00fasica, entretenimiento en el hogar, &#8216;marketing&#8217;, dise\u00f1o, digital, licencias, comercializaci\u00f3n, gesti\u00f3n del talento, asociaciones de marca, estudios de m\u00fasica y estudios de cine, todo en instalaciones de la casa. <\/p>\n<p>Comenta<\/p>\n<p>Reporta un error<\/p>\n","protected":false},"excerpt":{"rendered":"Lunes, 22 de septiembre 2025, 12:45 Las calles de Valladolid acoger\u00e1n de nuevo a los actores y al&hellip;\n","protected":false},"author":2,"featured_media":132494,"comment_status":"","ping_status":"","sticky":false,"template":"","format":"standard","meta":{"footnotes":""},"categories":[169],"tags":[5881,7416,11077,177,1625,146,147,25,24,176,175,9721,23,42312,1607,865],"class_list":{"0":"post-132493","1":"post","2":"type-post","3":"status-publish","4":"format-standard","5":"has-post-thumbnail","7":"category-cine","8":"tag-arranca","9":"tag-bollywood","10":"tag-carnero","11":"tag-cine","12":"tag-compromiso","13":"tag-entertainment","14":"tag-entretenimiento","15":"tag-es","16":"tag-espana","17":"tag-film","18":"tag-movies","19":"tag-plato","20":"tag-spain","21":"tag-utilizar","22":"tag-valladolid","23":"tag-volver"},"share_on_mastodon":{"url":"","error":""},"_links":{"self":[{"href":"https:\/\/www.europesays.com\/es\/wp-json\/wp\/v2\/posts\/132493","targetHints":{"allow":["GET"]}}],"collection":[{"href":"https:\/\/www.europesays.com\/es\/wp-json\/wp\/v2\/posts"}],"about":[{"href":"https:\/\/www.europesays.com\/es\/wp-json\/wp\/v2\/types\/post"}],"author":[{"embeddable":true,"href":"https:\/\/www.europesays.com\/es\/wp-json\/wp\/v2\/users\/2"}],"replies":[{"embeddable":true,"href":"https:\/\/www.europesays.com\/es\/wp-json\/wp\/v2\/comments?post=132493"}],"version-history":[{"count":0,"href":"https:\/\/www.europesays.com\/es\/wp-json\/wp\/v2\/posts\/132493\/revisions"}],"wp:featuredmedia":[{"embeddable":true,"href":"https:\/\/www.europesays.com\/es\/wp-json\/wp\/v2\/media\/132494"}],"wp:attachment":[{"href":"https:\/\/www.europesays.com\/es\/wp-json\/wp\/v2\/media?parent=132493"}],"wp:term":[{"taxonomy":"category","embeddable":true,"href":"https:\/\/www.europesays.com\/es\/wp-json\/wp\/v2\/categories?post=132493"},{"taxonomy":"post_tag","embeddable":true,"href":"https:\/\/www.europesays.com\/es\/wp-json\/wp\/v2\/tags?post=132493"}],"curies":[{"name":"wp","href":"https:\/\/api.w.org\/{rel}","templated":true}]}}