{"id":132511,"date":"2025-09-22T20:44:12","date_gmt":"2025-09-22T20:44:12","guid":{"rendered":"https:\/\/www.europesays.com\/es\/132511\/"},"modified":"2025-09-22T20:44:12","modified_gmt":"2025-09-22T20:44:12","slug":"presentada-la-feria-taurina-de-darro","status":"publish","type":"post","link":"https:\/\/www.europesays.com\/es\/132511\/","title":{"rendered":"Presentada la Feria Taurina de Darro"},"content":{"rendered":"<p>Ha sido presentado el cartel taurino de la poblaci\u00f3n de DARRO.<br \/>El acto de presentaci\u00f3n tuvo lugar en el sal\u00f3n de actos del Ayuntamiento de la Poblaci\u00f3n mencionada y con un lleno total y aficionados que se tuvieron que quedar en pie.<\/p>\n<p>El la presentaci\u00f3n estuvieron presentes:<\/p>\n<p>El alcalde de Darro Manuel Blas G\u00f3mez Jimenez.<br \/>El presidente de la Pe\u00f1a Taurina de Grana y Oro :Manuel Martos Garc\u00eda.<\/p>\n<p>El cr\u00edtico taurino que escribe Rogelio Burnao Mart\u00ednez.<\/p>\n<p>El novillero con picadores : Iv\u00e1n Rejas.<\/p>\n<p>El novillero local que act\u00faa en el cartel presentado Jes\u00fas Cobos.<\/p>\n<p>Y Nacho Raso.<\/p>\n<p>El acto cont\u00f3 con momentos emotivos, momentos muy taurinos, preguntas de los asistentes y sobre todo charlas a cargo de los invitados a estar presentes en este bonito acto.<br \/>Tom\u00f3 la palabra el alcalde para presentar a este cr\u00edtico taurino ROGELIO BURNAO que dio a conocer a los actuantes en el cartel del pr\u00f3ximo d\u00eda 4 de octubre de este 2025.<br \/>Destacando la presencia del novillero local JES\u00daS COBO un joven que d\u00eda tras d\u00eda va a m\u00e1s y mejor.<br \/>Despu\u00e9s tom\u00f3 la palabra el Presidente de la mencionada Pe\u00f1a Taurina.<br \/>Y en m\u00e1s o menos medida hablaron todos los de la Mesa presidencial.<\/p>\n<p>Al final del acto se hicieron entrega por parte de la mencionada Pe\u00f1a Taurina de Darro y su presidente unos presentes y en especial adem\u00e1s una camiseta de la Pe\u00f1a.<br \/>Despu\u00e9s componentes de la mesa presidencial y asistentes se trasladaron a la sede de la Pe\u00f1a donde se sirvi\u00f3 un maravilloso \u00e1gape de Hermandad entre todos los presentes que fueron muchos.<br \/>Recordar que la novillada con picadores mixta se celebrar\u00e1 el pr\u00f3ximo s\u00e1bado cuatro de octubre a partir de las 4, 30 de la tarde.<br \/>Otro \u00e9xito m\u00e1s a cargo de todos los que tienen \u201c la culpa\u201d de que estos festejos sigan a\u00f1os tras a\u00f1os en la localidad granadina de DARRO.<\/p>\n<p>Informaci\u00f3n : ROGELIO BURNAO.<\/p>\n<p>Fotos: deferencia Ayuntamiento.<\/p>\n","protected":false},"excerpt":{"rendered":"Ha sido presentado el cartel taurino de la poblaci\u00f3n de DARRO.El acto de presentaci\u00f3n tuvo lugar en el&hellip;\n","protected":false},"author":2,"featured_media":132512,"comment_status":"","ping_status":"","sticky":false,"template":"","format":"standard","meta":{"footnotes":""},"categories":[277],"tags":[373,168,25,24,23,167,374],"class_list":{"0":"post-132511","1":"post","2":"type-post","3":"status-publish","4":"format-standard","5":"has-post-thumbnail","7":"category-toreo","8":"tag-bullfighting","9":"tag-deportes","10":"tag-es","11":"tag-espana","12":"tag-spain","13":"tag-sports","14":"tag-toreo"},"share_on_mastodon":{"url":"","error":""},"_links":{"self":[{"href":"https:\/\/www.europesays.com\/es\/wp-json\/wp\/v2\/posts\/132511","targetHints":{"allow":["GET"]}}],"collection":[{"href":"https:\/\/www.europesays.com\/es\/wp-json\/wp\/v2\/posts"}],"about":[{"href":"https:\/\/www.europesays.com\/es\/wp-json\/wp\/v2\/types\/post"}],"author":[{"embeddable":true,"href":"https:\/\/www.europesays.com\/es\/wp-json\/wp\/v2\/users\/2"}],"replies":[{"embeddable":true,"href":"https:\/\/www.europesays.com\/es\/wp-json\/wp\/v2\/comments?post=132511"}],"version-history":[{"count":0,"href":"https:\/\/www.europesays.com\/es\/wp-json\/wp\/v2\/posts\/132511\/revisions"}],"wp:featuredmedia":[{"embeddable":true,"href":"https:\/\/www.europesays.com\/es\/wp-json\/wp\/v2\/media\/132512"}],"wp:attachment":[{"href":"https:\/\/www.europesays.com\/es\/wp-json\/wp\/v2\/media?parent=132511"}],"wp:term":[{"taxonomy":"category","embeddable":true,"href":"https:\/\/www.europesays.com\/es\/wp-json\/wp\/v2\/categories?post=132511"},{"taxonomy":"post_tag","embeddable":true,"href":"https:\/\/www.europesays.com\/es\/wp-json\/wp\/v2\/tags?post=132511"}],"curies":[{"name":"wp","href":"https:\/\/api.w.org\/{rel}","templated":true}]}}