{"id":132513,"date":"2025-09-22T20:45:20","date_gmt":"2025-09-22T20:45:20","guid":{"rendered":"https:\/\/www.europesays.com\/es\/132513\/"},"modified":"2025-09-22T20:45:20","modified_gmt":"2025-09-22T20:45:20","slug":"topuria-dice-que-tumbaria-a-crawford-en-un-combate-de-boxeo","status":"publish","type":"post","link":"https:\/\/www.europesays.com\/es\/132513\/","title":{"rendered":"Topuria dice que tumbar\u00eda a Crawford en un combate de boxeo"},"content":{"rendered":"<p class=\"ft-text ft-helper-closenews\">El campe\u00f3n del mundo del peso ligero de la UFC (o artes marciales mixtas), <a class=\"ft-link ft-link--decoration\" href=\"https:\/\/www.informacion.es\/tags\/ilia-topuria\/\" target=\"_blank\" rel=\"nofollow noopener\">Ilia Topuria<\/a>, ha retado al boxeador <strong>Terence Crawford <\/strong>a combatir sobre un cuadril\u00e1tero y no tiene duda de que le tumbar\u00eda sin excesivo esfuerzo.<\/p>\n<p class=\"ft-text\">El peleador afincado y formado en <a class=\"ft-link ft-link--decoration\" href=\"https:\/\/www.informacion.es\/alicante\/\" rel=\"nofollow noopener\" target=\"_blank\">Alicante<\/a>, plante\u00f3 este combate despu\u00e9s de que el estadounidense derrotara el pasado s\u00e1bado al mexicano <strong>Sa\u00fal &#8216;Canelo&#8217; \u00c1lvarez <\/strong>y le arrebatara todos los t\u00edtulos mundiales de peso supermediano.<\/p>\n<p class=\"ft-text\">\u00abDesde hace muchos a\u00f1os <strong>quer\u00eda irme al boxeo y probar mis habilidades<\/strong>, ahora que tenemos un libra por libra leg\u00edtimo en el boxeo, me encantar\u00eda medirme con Terence Crawford y<strong> no tengo ninguna duda del <\/strong><a class=\"ft-link ft-link--decoration\" href=\"https:\/\/www.sport.es\/es\/motor\/moto-gp\/calendario\/\" target=\"_blank\" rel=\"nofollow noopener\"><strong>resultado<\/strong><\/a><strong>: victoria, sin duda<\/strong>\u00ab, enfatiz\u00f3 el p\u00fagil hispanogeorgiano en declaraciones a los medios en el Real Casino Gran C\u00edrculo de Madrid.<\/p>\n<p><img decoding=\"async\" src=\"https:\/\/www.europesays.com\/es\/wp-content\/uploads\/2025\/09\/2b5e1475-4bcc-4fcf-8056-ca244fb56052_alta-libre-aspect-ratio_default_0.jpg\" width=\"1200\" height=\"790\" alt=\"Ilia Topuria, tras noquear a Oliveira y lograr su segundo cintur\u00f3n de la UFC en Las Vegas.\" class=\"ft-helper-img-rd\" loading=\"lazy\" hasdataaida=\"true\"\/><\/p>\n<p class=\"ft-helper-fontColor-quaternary ft-helper-fontSize-body-S ft-helper-spacer-t-xxs\">Ilia Topuria, tras noquear a Oliveira y lograr su segundo cintur\u00f3n de la UFC en Las Vegas.  \/ UFC<\/p>\n<p class=\"ft-text\">Topuria, de <strong>28 a\u00f1os<\/strong>, <a class=\"ft-link ft-link--decoration\" href=\"https:\/\/www.informacion.es\/deportes\/2025\/07\/08\/dinero-gano-topuria-ufc-dv-119496040.html\" target=\"_blank\" rel=\"nofollow noopener\">conquist\u00f3 el t\u00edtulo del peso ligero de la UFC<\/a> tras derrotar por K.O. al brasile\u00f1o <strong>Charles Oliveira<\/strong> en Las Vegas el pasado 29 de junio. Invicto en la UFC, el luchador crecido para el combate<a class=\"ft-link ft-link--decoration\" href=\"https:\/\/www.informacion.es\/deportes\/2024\/02\/19\/ilia-topuria-origen-alicantino-campeon-98387217.html\" target=\"_blank\" rel=\"nofollow noopener\"> en el gimnasio alicantino de los hermanos Climent<\/a>, tambi\u00e9n fue campe\u00f3n del mundo en el peso pluma cuando gan\u00f3 en febrero de 2024 al australiano<strong> Alexander Volkanovski<\/strong>.<\/p>\n<p>Un pique \u00bfforzado?<\/p>\n<p class=\"ft-text\">Crawford, que dio el salto en dos categor\u00edas de peso para medirse a la mayor estrella de la \u00faltima d\u00e9cada, pasa a ser ya uno de los referentes indiscutibles de este deporte, un estatus que tanto\u00a0<strong>Turki Al-Alshikh<\/strong>, promotor saud\u00ed, como\u00a0<strong>Dana White<\/strong>, presidente de la UFC, buscan revivir junto a\u00a0<strong>Netflix<\/strong>, encargada de retransmitir este evento a nivel mundial.<\/p>\n<p class=\"ft-text\">\u2018Bud\u2019 Crawford fue noticia incluso antes de arrancar el pleito, gracias a la canci\u00f3n con la que entr\u00f3 al escenario. Terence, norteamericano de pura cepa, us\u00f3 la pieza que canta <strong>Antonio Banderas<\/strong> en la pel\u00edcula El Mariachi y que\u00a0<strong>Ilia Topuria<\/strong>\u00a0emplea desde su irrupci\u00f3n profesional para sus entradas en los combates de la UFC, un gesto que r\u00e1pidamente <strong>se convirti\u00f3 en viral<\/strong> y gener\u00f3 gran revuelo en redes sociales.<\/p>\n<p class=\"ft-text\">El s\u00e1bado, tras la velada que coron\u00f3 a Crawford, Topuria escribi\u00f3 en sus redes un mensaje retador: \u00abPrimero me llama borracho, despu\u00e9s camina al ring con\u00a0<strong>MI canci\u00f3n<\/strong>. Crawford,<strong> cuando quieras, te ense\u00f1ar\u00e9 a bailar el mariachi en el ring.<\/strong> Y Canelo, me guardar\u00e9 un round para ti despu\u00e9s\u00bb. El hispanogeorgiano parece que est\u00e1 allanando el camino hacia una posible transici\u00f3n al boxeo en el futuro, una vez concluya su carrera en las artes marciales mixtas porque ya es uno de los mejores boxeadores y noqueadores que ha dado la UFC.<\/p>\n<p>La velada en Espa\u00f1a<\/p>\n<p class=\"ft-text\">Respecto a la posibilidad de que <strong>WOW<\/strong>, la promotora en Espa\u00f1a de los eventos de UFC, organice una gran velada en el Santiago Bernab\u00e9u el pr\u00f3ximo a\u00f1o, Topuria afirm\u00f3 que \u00abest\u00e1 mucho m\u00e1s cerca de lo que parece\u00bb.<\/p>\n<p class=\"ft-text\">\u00abSeguramente tengamos un evento de la UFC en 2026 en Espa\u00f1a, es un hecho. <strong>Est\u00e1n sintiendo el crecimiento que tenemos en nuestro pa\u00eds y se est\u00e1 viendo reflejado en todos los eventos que hacemos en WOW, <\/strong>porque <strong>los llenamos todos. <\/strong>No tienen mucho m\u00e1s que pensar. Se han dado muchos pasos. Est\u00e1 ya muy cerca de que est\u00e9 todo finalizado\u00bb, coment\u00f3 el p\u00fagil formado en Alicante.<\/p>\n<p class=\"ft-text\">Quedan \u00abalgunos detalles\u00bb por concretar debido a que un evento de la UFC requiere mover a mucho personal y una amplia log\u00edstica. \u00abPero, al final, <a class=\"ft-link ft-link--decoration\" href=\"https:\/\/www.informacion.es\/deportes\/2025\/05\/19\/fiscalia-notifica-delegacion-consell-presencia-117581159.html\" target=\"_blank\" rel=\"nofollow noopener\">estoy seguro de que se va a llevar a cabo<\/a>\u00ab, aventur\u00f3 Topuria.<\/p>\n<p data-close=\"closedContent\" class=\"subscribeHideForDisplay\">Suscr\u00edbete para seguir leyendo<\/p>\n","protected":false},"excerpt":{"rendered":"El campe\u00f3n del mundo del peso ligero de la UFC (o artes marciales mixtas), Ilia Topuria, ha retado&hellip;\n","protected":false},"author":2,"featured_media":132514,"comment_status":"","ping_status":"","sticky":false,"template":"","format":"standard","meta":{"footnotes":""},"categories":[276],"tags":[4555,4791,2942,35636,168,2681,25,24,1523,4560,23,167,348,42316,343],"class_list":{"0":"post-132513","1":"post","2":"type-post","3":"status-publish","4":"format-standard","5":"has-post-thumbnail","7":"category-ufc","8":"tag-artes-marciales-mixtas","9":"tag-boxeo","10":"tag-combate","11":"tag-crawford","12":"tag-deportes","13":"tag-duda","14":"tag-es","15":"tag-espana","16":"tag-ilia-topuria","17":"tag-las-vegas","18":"tag-spain","19":"tag-sports","20":"tag-topuria","21":"tag-tumbaria","22":"tag-ufc"},"share_on_mastodon":{"url":"","error":""},"_links":{"self":[{"href":"https:\/\/www.europesays.com\/es\/wp-json\/wp\/v2\/posts\/132513","targetHints":{"allow":["GET"]}}],"collection":[{"href":"https:\/\/www.europesays.com\/es\/wp-json\/wp\/v2\/posts"}],"about":[{"href":"https:\/\/www.europesays.com\/es\/wp-json\/wp\/v2\/types\/post"}],"author":[{"embeddable":true,"href":"https:\/\/www.europesays.com\/es\/wp-json\/wp\/v2\/users\/2"}],"replies":[{"embeddable":true,"href":"https:\/\/www.europesays.com\/es\/wp-json\/wp\/v2\/comments?post=132513"}],"version-history":[{"count":0,"href":"https:\/\/www.europesays.com\/es\/wp-json\/wp\/v2\/posts\/132513\/revisions"}],"wp:featuredmedia":[{"embeddable":true,"href":"https:\/\/www.europesays.com\/es\/wp-json\/wp\/v2\/media\/132514"}],"wp:attachment":[{"href":"https:\/\/www.europesays.com\/es\/wp-json\/wp\/v2\/media?parent=132513"}],"wp:term":[{"taxonomy":"category","embeddable":true,"href":"https:\/\/www.europesays.com\/es\/wp-json\/wp\/v2\/categories?post=132513"},{"taxonomy":"post_tag","embeddable":true,"href":"https:\/\/www.europesays.com\/es\/wp-json\/wp\/v2\/tags?post=132513"}],"curies":[{"name":"wp","href":"https:\/\/api.w.org\/{rel}","templated":true}]}}