{"id":132515,"date":"2025-09-22T20:47:09","date_gmt":"2025-09-22T20:47:09","guid":{"rendered":"https:\/\/www.europesays.com\/es\/132515\/"},"modified":"2025-09-22T20:47:09","modified_gmt":"2025-09-22T20:47:09","slug":"el-punto-imposible-de-carlos-alcaraz-con-el-que-se-gano-el-aplauso-hasta-de-sus-rivales","status":"publish","type":"post","link":"https:\/\/www.europesays.com\/es\/132515\/","title":{"rendered":"El punto imposible de Carlos Alcaraz con el que se gan\u00f3 el aplauso hasta de sus rivales"},"content":{"rendered":"<p class=\"paragraph\">El <b>Team Europe<\/b> no ha conseguido ganar la <b>Laver Cup<\/b> y ha ca\u00eddo por 15-9 frente al <b>Team World<\/b>. Una pena para <b>Carlos Alcaraz<\/b> que adem\u00e1s perdi\u00f3 un partido (frente a Taylor Fritz) despu\u00e9s de varios meses ganando a cualquiera que se le pusiera por delante. Aun as\u00ed, eso no ha impedido al murciano dejar el punto del torneo con una dejada de volea que parece imposible para cualquier mortal.<\/p>\n<p class=\"paragraph\">Un toque magistral, con sus rivales pegados a la red, pero que la dej\u00f3 tan pegada a la propia y con dos botes tan bajos que hizo imposible que <b>Alex Michelsen <\/b>y<b> Reilly Opelka<\/b> llegaran a cazar esa pelota. El equipo europeo <b>ya ganaba 7-6<\/b> cuando Alcaraz <b>elev\u00f3 el 4-0 <\/b>en el segundo set al marcador con una dejada para el recuerdo que adem\u00e1s sirvi\u00f3 para sumar una victoria con la que seguir con vida en la competici\u00f3n, pese a que terminaron cayendo en el duelo decisivo, el Alexander Zverev &#8211; Taylor Fritz.<\/p>\n<p>            <a href=\"#\" title=\"\"><br \/>\n                <img decoding=\"async\" loading=\"lazy\" width=\"120px\" height=\"90px\" alt=\"Carlos Alcaraz en un momento de la Laver Cup\" src=\"https:\/\/imagenes.eldebate.com\/files\/related_image\/uploads\/2025\/09\/22\/68d1119316571.jpeg\" data-full-src=\"https:\/\/www.europesays.com\/es\/wp-content\/uploads\/2025\/09\/68d1119316571.jpeg\"\/><br \/>\n            <\/a><\/p>\n<p class=\"paragraph\">Fue el mejor punto de todos los que vimos durante el fin de semana en San Francisco, con una subida a la red tras una gran derecha. Le puso<b> Alex Michelsen<\/b> una bola complicada cerca de la red, oblig\u00e1ndolo a volear, y ah\u00ed<b> sac\u00f3 Carlitos su magia<\/b> para poner en pie a todo el pabell\u00f3n, que mayoritariamente apoyaba al equipo del Resto del Mundo al jugarse el campeonato en Estados Unidos.<\/p>\n<p class=\"paragraph\">Hubo de todo: manos a la cabeza, aplausos del equipo azul y el equipo rojo y tambi\u00e9n risas al no entender muy bien como Carlos Alcaraz hab\u00eda puesto ah\u00ed la pelota. Fue un punto de videojuego que define a la perfecci\u00f3n el talento innato que tiene el pupilo de<b> Juan Carlos Ferrero<\/b>, que ha puesto de nuevo de moda la volea, un golpe que hizo caer en desuso la generaci\u00f3n anterior, la de Medvedev, Zverev, Rublev etc&#8230;<\/p>\n<p class=\"paragraph\">Pese al gran punto de Alcaraz, el <b>Resto del Mundo<\/b> volvi\u00f3 a reinar en la Laver Cup por primera vez desde 2023, cuando gan\u00f3 13-2 a Europa en Vancouver. Es el tercer triunfo para el Resto del Mundo en las \u00faltimas cuatro ediciones, despu\u00e9s de que Europa se llevara las primeras cuatro.<\/p>\n<p class=\"paragraph\">Fritz remat\u00f3 el triunfo del equipo de <b>Andre Agassi <\/b>al imponerse ante Zverev, al que gan\u00f3 por sexta vez consecutiva. El teut\u00f3n, que es el hombre que m\u00e1s puntos ha aportado a Europa en la historia de la competici\u00f3n, cerr\u00f3 una edici\u00f3n deslucida, en la que tambi\u00e9n perdi\u00f3 contra el australiano<b> Alex De Mi\u00f1aur<\/b>. As\u00ed pues, a Europa le toc\u00f3 caer en esta ocasi\u00f3n pero en 2026 tendr\u00e1 una oportunidad perfecta de tomarse la revancha en Londres.<\/p>\n","protected":false},"excerpt":{"rendered":"El Team Europe no ha conseguido ganar la Laver Cup y ha ca\u00eddo por 15-9 frente al Team&hellip;\n","protected":false},"author":2,"featured_media":132516,"comment_status":"","ping_status":"","sticky":false,"template":"","format":"standard","meta":{"footnotes":""},"categories":[274],"tags":[168,25,24,23,167,327,326],"class_list":{"0":"post-132515","1":"post","2":"type-post","3":"status-publish","4":"format-standard","5":"has-post-thumbnail","7":"category-tenis","8":"tag-deportes","9":"tag-es","10":"tag-espana","11":"tag-spain","12":"tag-sports","13":"tag-tenis","14":"tag-tennis"},"share_on_mastodon":{"url":"","error":""},"_links":{"self":[{"href":"https:\/\/www.europesays.com\/es\/wp-json\/wp\/v2\/posts\/132515","targetHints":{"allow":["GET"]}}],"collection":[{"href":"https:\/\/www.europesays.com\/es\/wp-json\/wp\/v2\/posts"}],"about":[{"href":"https:\/\/www.europesays.com\/es\/wp-json\/wp\/v2\/types\/post"}],"author":[{"embeddable":true,"href":"https:\/\/www.europesays.com\/es\/wp-json\/wp\/v2\/users\/2"}],"replies":[{"embeddable":true,"href":"https:\/\/www.europesays.com\/es\/wp-json\/wp\/v2\/comments?post=132515"}],"version-history":[{"count":0,"href":"https:\/\/www.europesays.com\/es\/wp-json\/wp\/v2\/posts\/132515\/revisions"}],"wp:featuredmedia":[{"embeddable":true,"href":"https:\/\/www.europesays.com\/es\/wp-json\/wp\/v2\/media\/132516"}],"wp:attachment":[{"href":"https:\/\/www.europesays.com\/es\/wp-json\/wp\/v2\/media?parent=132515"}],"wp:term":[{"taxonomy":"category","embeddable":true,"href":"https:\/\/www.europesays.com\/es\/wp-json\/wp\/v2\/categories?post=132515"},{"taxonomy":"post_tag","embeddable":true,"href":"https:\/\/www.europesays.com\/es\/wp-json\/wp\/v2\/tags?post=132515"}],"curies":[{"name":"wp","href":"https:\/\/api.w.org\/{rel}","templated":true}]}}