{"id":132519,"date":"2025-09-22T20:50:15","date_gmt":"2025-09-22T20:50:15","guid":{"rendered":"https:\/\/www.europesays.com\/es\/132519\/"},"modified":"2025-09-22T20:50:15","modified_gmt":"2025-09-22T20:50:15","slug":"los-harlem-globetrotters-anuncian-su-regreso-a-espana-en-2026-como-parte-de-la-gira-de-su-centenario","status":"publish","type":"post","link":"https:\/\/www.europesays.com\/es\/132519\/","title":{"rendered":"Los Harlem Globetrotters anuncian su regreso a Espa\u00f1a en 2026 como parte de la gira de su centenario"},"content":{"rendered":"<p data-mrf-recirculation=\"Links P\u00e1rrafos\" class=\"ue-c-article__paragraph paragraph ue-c-article--first-letter-highlighted\">Los Harlem Globetrotters cumplen 100 a\u00f1os y para celebrarlo regresar\u00e1n a Espa\u00f1a en 2026. Como parte de la gira mundial para conmemorar su centenario, del 14 al 24 de mayo de 2026 el hist\u00f3rico equipo norteamericano visitar\u00e1 nuestro pa\u00eds con La Gira de los 100 a\u00f1os.<\/p>\n<p>La Gira de los 100 a\u00f1os<\/p>\n<p data-mrf-recirculation=\"Links P\u00e1rrafos\" class=\"ue-c-article__paragraph paragraph\"><strong>Madrid, Barcelona, Vitoria, Valladolid, Zaragoza y Tarragona<\/strong> son las primeras ciudades confirmadas de esta inolvidable experiencia de diversi\u00f3n en familia, y pr\u00f3ximamente se ir\u00e1n desvelando las nuevas sedes donde tendr\u00e1n lugar los espect\u00e1culos.<\/p>\n<p data-mrf-recirculation=\"Links P\u00e1rrafos\" class=\"ue-c-article__paragraph paragraph\">En La Gira de los 100 a\u00f1os, los espectadores ser\u00e1n testigos de un siglo de jugadas asombrosas, que les dejar\u00e1n boquiabiertos y les emocionar\u00e1. Desde mates que desaf\u00edan la gravedad hasta trucos que cambian el rumbo del partido, los aficionados sentir\u00e1n la historia, la alegr\u00eda y la diversi\u00f3n que solo los <strong>Harlem Globetrotters<\/strong> pueden ofrecer. Adem\u00e1s, los asistentes tendr\u00e1n la oportunidad de conocer a los jugadores en persona y vivir la experiencia desde dentro gracias al<strong> Magic Pass y al Celebrity Court Pass <\/strong>o con las entradas exclusivas<strong> Globetrotters VIP Bench y Generals VIP Bench.<\/strong><\/p>\n<p data-mrf-recirculation=\"Links P\u00e1rrafos\" class=\"ue-c-article__paragraph paragraph\">En este tour, el equipo estrenar\u00e1 sus nuevas camisetas del centenario en sus tradicionales enfrentamientos contra los <strong>Washington Generals,<\/strong> que har\u00e1n vibrar al p\u00fablico con algo m\u00e1s que un partido: canastas de 4 puntos, lanzamientos lejanos desde la grada, un desaf\u00edo tras otro y muchas m\u00e1s sorpresas.<\/p>\n<p data-mrf-recirculation=\"Links P\u00e1rrafos\" class=\"ue-c-article__paragraph paragraph\">Una muestra del alcance y notoriedad de los Harlem Globetrotters est\u00e1 en que sus miembros poseen m\u00e1s de <strong>60 r\u00e9cords mundiales Guinness, <\/strong>la cantidad m\u00e1s alta de cualquier deporte. Asimismo, su reconocida trayectoria a nivel mundial les ha permitido ser nombrados \u2018Embajadores de la buena voluntad\u2019 para promover dietas saludables y un estilo de vida activo.<\/p>\n<p><img decoding=\"async\" width=\"1890\" height=\"1320\" class=\"ue-c-article__image lazyload\" alt=\"Harlem Globetrotters.\" loading=\"lazy\" src=\"https:\/\/www.europesays.com\/es\/wp-content\/uploads\/2025\/09\/68d1191463d79.jpeg\"\/><\/p>\n<p>Harlem Globetrotters.<\/p>\n<p data-mrf-recirculation=\"Links P\u00e1rrafos\" class=\"ue-c-article__paragraph paragraph\">Los Harlem Globetrotters han protagonizado ya<strong> 10 giras con Proactiv Entertainment en Espa\u00f1a,<\/strong> y son los creadores m\u00e1s originales e influyentes del baloncesto actual, puesto en pr\u00e1ctica por atletas con cualidades \u00fanicas.<\/p>\n<p data-mrf-recirculation=\"Links P\u00e1rrafos\" class=\"ue-c-article__paragraph paragraph\"><strong>Fechas de La Gira de los 100 a\u00f1os<\/strong><\/p>\n<ul class=\"ue-c-article__list ue-c-article__ ue-c-article__list--unordered\">\n<li>Valladolid &#8211; jueves 14 de mayo a las 19:00 horas &#8211; Pabell\u00f3n de Deportes<\/li>\n<li>Zaragoza &#8211; viernes 15 de mayo a las 19:30 horas &#8211; Pr\u00edncipe Felipe<\/li>\n<li>Madrid &#8211; martes 19 de mayo a las 19:30 horas &#8211; Movistar Arena<\/li>\n<li>Vitoria &#8211; mi\u00e9rcoles 20 de mayo a las 19:00 horas &#8211; Buesa Arena<\/li>\n<li>Tarragona &#8211; viernes 22 de mayo a las 19:30 horas &#8211; Plaza de Toros<\/li>\n<li>Barcelona &#8211; s\u00e1bado 23 de mayo a las 19:00 horas &#8211; Ol\u00edmpic Arena<\/li>\n<\/ul>\n<p data-mrf-recirculation=\"Links P\u00e1rrafos\" class=\"ue-c-article__paragraph paragraph\"><strong>Venta de entradas<\/strong><\/p>\n<p data-mrf-recirculation=\"Links P\u00e1rrafos\" class=\"ue-c-article__paragraph paragraph\">La lista de espera estar\u00e1 disponible a partir del 22 de septiembre a las 10:00h, y permitir\u00e1 el acceso a una preventa exclusiva de 24h en Mitaquilla que comenzar\u00e1 el 29 de septiembre a las 12:00h.<\/p>\n","protected":false},"excerpt":{"rendered":"Los Harlem Globetrotters cumplen 100 a\u00f1os y para celebrarlo regresar\u00e1n a Espa\u00f1a en 2026. Como parte de la&hellip;\n","protected":false},"author":2,"featured_media":132520,"comment_status":"","ping_status":"","sticky":false,"template":"","format":"standard","meta":{"footnotes":""},"categories":[269],"tags":[299,298,168,25,24,23,167],"class_list":{"0":"post-132519","1":"post","2":"type-post","3":"status-publish","4":"format-standard","5":"has-post-thumbnail","7":"category-baloncesto","8":"tag-baloncesto","9":"tag-basketball","10":"tag-deportes","11":"tag-es","12":"tag-espana","13":"tag-spain","14":"tag-sports"},"share_on_mastodon":{"url":"","error":""},"_links":{"self":[{"href":"https:\/\/www.europesays.com\/es\/wp-json\/wp\/v2\/posts\/132519","targetHints":{"allow":["GET"]}}],"collection":[{"href":"https:\/\/www.europesays.com\/es\/wp-json\/wp\/v2\/posts"}],"about":[{"href":"https:\/\/www.europesays.com\/es\/wp-json\/wp\/v2\/types\/post"}],"author":[{"embeddable":true,"href":"https:\/\/www.europesays.com\/es\/wp-json\/wp\/v2\/users\/2"}],"replies":[{"embeddable":true,"href":"https:\/\/www.europesays.com\/es\/wp-json\/wp\/v2\/comments?post=132519"}],"version-history":[{"count":0,"href":"https:\/\/www.europesays.com\/es\/wp-json\/wp\/v2\/posts\/132519\/revisions"}],"wp:featuredmedia":[{"embeddable":true,"href":"https:\/\/www.europesays.com\/es\/wp-json\/wp\/v2\/media\/132520"}],"wp:attachment":[{"href":"https:\/\/www.europesays.com\/es\/wp-json\/wp\/v2\/media?parent=132519"}],"wp:term":[{"taxonomy":"category","embeddable":true,"href":"https:\/\/www.europesays.com\/es\/wp-json\/wp\/v2\/categories?post=132519"},{"taxonomy":"post_tag","embeddable":true,"href":"https:\/\/www.europesays.com\/es\/wp-json\/wp\/v2\/tags?post=132519"}],"curies":[{"name":"wp","href":"https:\/\/api.w.org\/{rel}","templated":true}]}}